{"id":54117,"date":"2020-04-01T15:21:26","date_gmt":"2020-04-01T15:21:26","guid":{"rendered":"http:\/\/diariodominicano.ddns.net\/?p=54117"},"modified":"2020-04-01T15:21:26","modified_gmt":"2020-04-01T15:21:26","slug":"seis-datos-que-tal-vez-no-sabias-de-la-muerte-de-san-juan-pablo-ii","status":"publish","type":"post","link":"https:\/\/diariodominicano.com\/?p=54117","title":{"rendered":"Seis datos que tal vez no sab\u00edas de la muerte de San Juan Pablo II"},"content":{"rendered":"<p><body><\/p>\n<p><img decoding=\"async\" src=\"img3\/SanJuanPablo1-04-19.jpg\" \/>  <\/p>\n<p>diariodominicano.com<\/p>\n<p><span class=\"text1noticias\"> <\/span><\/p>\n<p><span class=\"text1noticias\">Redacci\u00f3n ACI Prensa<\/span><\/p>\n<p><span class=\"text1noticias\"> <\/span><\/p>\n<p><span class=\"text1noticias\">Vaticano, 1 de abril de 2020.- Este jueves 2 de abril se cumplen 15 a\u00f1os del fallecimiento de San Juan Pablo II, el Papa peregrino que viaj\u00f3 por el mundo y se convirti\u00f3 en uno de los l\u00edderes m\u00e1s influyentes del siglo XX.<\/span><\/p>\n<p><span class=\"text1noticias\"> <\/span><\/p>\n<p><span class=\"text1noticias\">El Pont\u00edfice permaneci\u00f3 en la C\u00e1tedra de San Pedro 26 a\u00f1os y 5 meses, siendo el suyo el tercer pontificado m\u00e1s largo en los m\u00e1s de 2.000 a\u00f1os de historia de la Iglesia.<\/span><\/p>\n<p><span class=\"text1noticias\"> <\/span><\/p>\n<p><span class=\"text1noticias\">Aqu\u00ed 6 cosas que tal vez no sab\u00edas sobre su muerte.<\/span><\/p>\n<p><span class=\"text1noticias\"> <\/span><\/p>\n<p><span class=\"text1noticias\">1. Juan Pablo II muri\u00f3 de un colapso cardiocirculatorio<\/span><\/p>\n<p><span class=\"text1noticias\">San Juan Pablo II falleci\u00f3 el 2 de abril de 2005 a las 09:37 p.m. (hora de Roma) en la v\u00edspera del Domingo de la Misericordia, una fiesta establecida durante su pontificado. Sufri\u00f3 un \u00abchoque s\u00e9ptico con colapso cardiocirculatorio debido a una infecci\u00f3n, ya detectada, de v\u00edas urinarias\u00bb. As\u00ed lo detall\u00f3 un exhaustivo informe sobre su agon\u00eda y muerte realizado en el Vaticano.<\/span><\/p>\n<p><span class=\"text1noticias\"> <\/span><\/p>\n<p><span class=\"text1noticias\">Durante la \u00faltima semana de vida recibi\u00f3 comida procesada a trav\u00e9s de un tubo nasal. Los doctores dec\u00edan que los problemas en la ingesta de alimentos y en la respiraci\u00f3n del Papa de 84 a\u00f1os, eran consecuencia de la enfermedad de Parkinson.<\/span><\/p>\n<p><span class=\"text1noticias\"> <\/span><\/p>\n<p><span class=\"text1noticias\">2. Su funeral duplic\u00f3 la poblaci\u00f3n de Roma<\/span><\/p>\n<p><span class=\"text1noticias\">A su funeral asistieron 75 jefes de estado, incluyendo presidentes, pr\u00edncipes, entre otras autoridades. La poblaci\u00f3n de Roma se duplic\u00f3 durante ese evento y los asistentes esperaron m\u00e1s de 24 horas para verlo en cuerpo presente.<\/span><\/p>\n<p><span class=\"text1noticias\"> <\/span><\/p>\n<p><span class=\"text1noticias\">Cuando la Plaza de San Pedro estuvo al tope de su capacidad, todo qued\u00f3 completamente en silencio.<\/span><\/p>\n<p><span class=\"text1noticias\"> <\/span><\/p>\n<p><span class=\"text1noticias\">3. Las \u00faltimas palabras de Juan Pablo II fueron en polaco<\/span><\/p>\n<p><span class=\"text1noticias\">El informe del Vaticano precisa que seis horas antes de su muerte, Juan Pablo dijo en polaco, \u00abcon una voz muy d\u00e9bil y con palabras murmuradas, &#8216;D\u00e9jame ir a la casa del Padre'\u00bb.<\/span><\/p>\n<p><span class=\"text1noticias\"> <\/span><\/p>\n<p><span class=\"text1noticias\">El diario italiano La Repubblica cit\u00f3 a un sacerdote polaco, Jarek Cielecki, diciendo que el Papa muri\u00f3 \u00abun instante\u00bb despu\u00e9s de pronunciar con gran esfuerzo la palabra \u00abam\u00e9n\u00bb.<\/span><\/p>\n<p><span class=\"text1noticias\"> <\/span><\/p>\n<p><span class=\"text1noticias\">4. Escuchaba la oraci\u00f3n de los fieles d\u00edas antes de su muerte<\/span><\/p>\n<p><span class=\"text1noticias\">Miles de fieles se reunieron para orar en voz alta y hacer vigilia en la Plaza de San Pedro en los d\u00edas previos a su muerte.<\/span><\/p>\n<p><span class=\"text1noticias\"> <\/span><\/p>\n<p><span class=\"text1noticias\">El entonces Arzobispo de Cracovia y Secretario Personal de Juan Pablo II durante m\u00e1s de 40 a\u00f1os, Cardenal Stanislaw Dziwisz, asegur\u00f3 que el Papa escuchaba las oraciones de la multitud.<\/span><\/p>\n<p><span class=\"text1noticias\"> <\/span><\/p>\n<p><span class=\"text1noticias\">5. Sumamente enfermo, Juan Pablo II dio una \u00faltima bendici\u00f3n desde su ventana<\/span><\/p>\n<p><span class=\"text1noticias\">Tras su fallido y conmovedor intento de dar la bendici\u00f3n \u00abUrbi et Orbi\u00bb el \u00faltimo Domingo de Pascua de 2005, que arranc\u00f3 los aplausos y el llanto de los fieles reunidos en la Plaza de San Pedro, el Papa Juan Pablo II ?que despu\u00e9s de su segunda hospitalizaci\u00f3n sufr\u00eda \u00abd\u00e9ficit nutricional y marcada debilidad\u00bb? volvi\u00f3 a asomarse a la ventana de su habitaci\u00f3n el mi\u00e9rcoles 30 de marzo para dar la bendici\u00f3n.<\/span><\/p>\n<p><span class=\"text1noticias\"> <\/span><\/p>\n<p><span class=\"text1noticias\">Este nuevo intento tampoco tuvo \u00e9xito. Aquella comparecencia \u00abfue la \u00faltima estaci\u00f3n p\u00fablica de su doloroso V\u00eda Crucis\u00bb, dice el documento vaticano.<\/span><\/p>\n<p><span class=\"text1noticias\"> <\/span><\/p>\n<p><span class=\"text1noticias\">6. \u00abConcelebr\u00f3\u00bb una Misa en su agon\u00eda<\/span><\/p>\n<p><span class=\"text1noticias\">El informe del Vaticano detall\u00f3 que los ojos de Juan Pablo II estaban pr\u00e1cticamente cerrados durante una Misa celebrada al pie de su cama en la tarde del 31 de marzo de 2005.<\/span><\/p>\n<p><span class=\"text1noticias\"> <\/span><\/p>\n<p><span class=\"text1noticias\">\u00abPero en el momento de la consagraci\u00f3n, d\u00e9bilmente levant\u00f3 su mano derecha dos veces, es decir, cuando se eleva el pan y el vino. Hizo un gesto indicando que estaba tratando de golpear su pecho durante la recitaci\u00f3n de la oraci\u00f3n del Cordero de Dios\u00bb.<\/span><\/p>\n<p><span class=\"text1noticias\"> <\/span><\/p>\n<p><span class=\"text1noticias\">Ese d\u00eda el Cardenal Marian Jaworski, amigo \u00edntimo desde que ambos eran j\u00f3venes sacerdotes en Polonia, le administr\u00f3 el sacramento de la unci\u00f3n<\/span> de los enfermos.<\/p>\n<h6> 2020-04-01 15:21:26 <\/h6>\n<p><!--\n<link rel=\"stylesheet\" href=\"css\/bootstrap.min.css\">\n\n\n<ul class=\"pagination\">\n\t    \n\t\n\n<li >\n\t<a href='?page_no=628'>Previous<\/a>\n\t<\/li>\n\n\n       \n    \n\n<li><a href='?page_no=1'>1<\/a><\/li>\n\n\n\n<li><a href='?page_no=2'>2<\/a><\/li>\n\n\n\n<li><a>...<\/a><\/li>\n\n\n\n<li><a href='?page_no=627'>627<\/a><\/li>\n\n\n\n<li><a href='?page_no=628'>628<\/a><\/li>\n\n\n\n<li class='active'><a>629<\/a><\/li>\n\n\n\n<li><a href='?page_no=630'>630<\/a><\/li>\n\n\n\n<li><a href='?page_no=631'>631<\/a><\/li>\n\n\n\n<li><a>...<\/a><\/li>\n\n\n\n<li><a href='?page_no=22911'>22911<\/a><\/li>\n\n\n\n<li><a href='?page_no=22912'>22912<\/a><\/li>\n\n    \n\t\n\n<li >\n\t<a href='?page_no=630'>Next<\/a>\n\t<\/li>\n\n\n    \n\n<li><a href='?page_no=22912'>Last &rsaquo;&rsaquo;<\/a><\/li>\n\n<\/ul>\n\n\n--><br \/>\n<\/body><\/p>\n","protected":false},"excerpt":{"rendered":"<p>diariodominicano.com Redacci\u00f3n ACI Prensa Vaticano, 1 de abril de 2020.- Este jueves 2 de abril se cumplen 15 a\u00f1os del fallecimiento de San Juan Pablo II, el Papa peregrino que viaj\u00f3 por el mundo y se convirti\u00f3 en uno de los l\u00edderes m\u00e1s influyentes del siglo XX. El Pont\u00edfice permaneci\u00f3 en la C\u00e1tedra de San [&hellip;]<\/p>\n","protected":false},"author":3,"featured_media":0,"comment_status":"open","ping_status":"open","sticky":false,"template":"","format":"standard","meta":{"footnotes":""},"categories":[21],"tags":[],"class_list":["post-54117","post","type-post","status-publish","format-standard","hentry","category-cultura"],"_links":{"self":[{"href":"https:\/\/diariodominicano.com\/index.php?rest_route=\/wp\/v2\/posts\/54117","targetHints":{"allow":["GET"]}}],"collection":[{"href":"https:\/\/diariodominicano.com\/index.php?rest_route=\/wp\/v2\/posts"}],"about":[{"href":"https:\/\/diariodominicano.com\/index.php?rest_route=\/wp\/v2\/types\/post"}],"author":[{"embeddable":true,"href":"https:\/\/diariodominicano.com\/index.php?rest_route=\/wp\/v2\/users\/3"}],"replies":[{"embeddable":true,"href":"https:\/\/diariodominicano.com\/index.php?rest_route=%2Fwp%2Fv2%2Fcomments&post=54117"}],"version-history":[{"count":0,"href":"https:\/\/diariodominicano.com\/index.php?rest_route=\/wp\/v2\/posts\/54117\/revisions"}],"wp:attachment":[{"href":"https:\/\/diariodominicano.com\/index.php?rest_route=%2Fwp%2Fv2%2Fmedia&parent=54117"}],"wp:term":[{"taxonomy":"category","embeddable":true,"href":"https:\/\/diariodominicano.com\/index.php?rest_route=%2Fwp%2Fv2%2Fcategories&post=54117"},{"taxonomy":"post_tag","embeddable":true,"href":"https:\/\/diariodominicano.com\/index.php?rest_route=%2Fwp%2Fv2%2Ftags&post=54117"}],"curies":[{"name":"wp","href":"https:\/\/api.w.org\/{rel}","templated":true}]}}