{"id":541015,"date":"2024-06-27T17:51:09","date_gmt":"2024-06-27T21:51:09","guid":{"rendered":"https:\/\/diariodominicano.com\/?p=541015"},"modified":"2024-06-27T17:51:11","modified_gmt":"2024-06-27T21:51:11","slug":"paola-ruiz-homenajea-a-la-colombia-hermosa-y-diversa-en-el-trend-cafetero","status":"publish","type":"post","link":"https:\/\/diariodominicano.com\/?p=541015","title":{"rendered":"Paola Ruiz homenajea a la Colombia hermosa y diversa en \u201cEl Trend Cafetero\u201d"},"content":{"rendered":"\n<p>La colombiana m\u00e1s popular en TikTok, mejor conocida como \u201cLa Reina de las Transiciones\u201d estrena un video sobre la cultura ind\u00edgena, la flora y la fauna de su pa\u00eds, que se acerca al mill\u00f3n de visualizaciones.<\/p>\n\n\n\n<p>Miami, 27 de junio de 2024<\/p>\n\n\n\n<p>La popular influencer Paola Ruiz estren\u00f3 \u201cEl Trend Cafetero\u201d, un video de solo un minuto y siete segundos que homenajea a Colombia y exalta la cultura ind\u00edgena, la flora y la fauna local.<\/p>\n\n\n\n<p>\u201cQuisimos reflejar la diversidad de la flora y la fauna de Colombia, pero en vivo. Viajamos y mostramos las chapoleras, la mujer palenquera, la mujer y el hombre llanero, el tigre, los c\u00f3ndores y las aves t\u00edpicas, entre otros\u201d, explic\u00f3 Le\u00f3n.<\/p>\n\n\n\n<figure class=\"wp-block-gallery has-nested-images columns-default is-cropped wp-block-gallery-1 is-layout-flex wp-block-gallery-is-layout-flex\">\n<figure class=\"wp-block-image size-large\"><img loading=\"lazy\" decoding=\"async\" width=\"777\" height=\"1024\" data-id=\"541042\" src=\"https:\/\/diariodominicano.com\/wp-content\/uploads\/2024\/06\/Paola-Ruiz-homenajea-a-la-Colombia-hermosa-y-diversa-en-El-Trend-Cafetero-777x1024.jpg\" alt=\"\" class=\"wp-image-541042\" srcset=\"https:\/\/diariodominicano.com\/wp-content\/uploads\/2024\/06\/Paola-Ruiz-homenajea-a-la-Colombia-hermosa-y-diversa-en-El-Trend-Cafetero-777x1024.jpg 777w, https:\/\/diariodominicano.com\/wp-content\/uploads\/2024\/06\/Paola-Ruiz-homenajea-a-la-Colombia-hermosa-y-diversa-en-El-Trend-Cafetero-228x300.jpg 228w, https:\/\/diariodominicano.com\/wp-content\/uploads\/2024\/06\/Paola-Ruiz-homenajea-a-la-Colombia-hermosa-y-diversa-en-El-Trend-Cafetero-768x1013.jpg 768w, https:\/\/diariodominicano.com\/wp-content\/uploads\/2024\/06\/Paola-Ruiz-homenajea-a-la-Colombia-hermosa-y-diversa-en-El-Trend-Cafetero-816x1076.jpg 816w, https:\/\/diariodominicano.com\/wp-content\/uploads\/2024\/06\/Paola-Ruiz-homenajea-a-la-Colombia-hermosa-y-diversa-en-El-Trend-Cafetero.jpg 910w\" sizes=\"auto, (max-width: 777px) 100vw, 777px\" \/><\/figure>\n\n\n\n<figure class=\"wp-block-image size-large\"><img loading=\"lazy\" decoding=\"async\" width=\"766\" height=\"1024\" data-id=\"541041\" src=\"https:\/\/diariodominicano.com\/wp-content\/uploads\/2024\/06\/Paola-Ruiz-homenajea-Colombia-hermosa-y-diversa-en-El-Trend-Cafetero-1-766x1024.jpg\" alt=\"\" class=\"wp-image-541041\" srcset=\"https:\/\/diariodominicano.com\/wp-content\/uploads\/2024\/06\/Paola-Ruiz-homenajea-Colombia-hermosa-y-diversa-en-El-Trend-Cafetero-1-766x1024.jpg 766w, https:\/\/diariodominicano.com\/wp-content\/uploads\/2024\/06\/Paola-Ruiz-homenajea-Colombia-hermosa-y-diversa-en-El-Trend-Cafetero-1-225x300.jpg 225w, https:\/\/diariodominicano.com\/wp-content\/uploads\/2024\/06\/Paola-Ruiz-homenajea-Colombia-hermosa-y-diversa-en-El-Trend-Cafetero-1-768x1026.jpg 768w, https:\/\/diariodominicano.com\/wp-content\/uploads\/2024\/06\/Paola-Ruiz-homenajea-Colombia-hermosa-y-diversa-en-El-Trend-Cafetero-1-816x1090.jpg 816w, https:\/\/diariodominicano.com\/wp-content\/uploads\/2024\/06\/Paola-Ruiz-homenajea-Colombia-hermosa-y-diversa-en-El-Trend-Cafetero-1.jpg 898w\" sizes=\"auto, (max-width: 766px) 100vw, 766px\" \/><\/figure>\n\n\n\n<figure class=\"wp-block-image size-large\"><img loading=\"lazy\" decoding=\"async\" width=\"683\" height=\"1024\" data-id=\"541040\" src=\"https:\/\/diariodominicano.com\/wp-content\/uploads\/2024\/06\/Paola-Ruiz-homenajea-Colombia-hermosa-y-diversa-en-El-Trend-Cafetero-683x1024.jpg\" alt=\"\" class=\"wp-image-541040\" srcset=\"https:\/\/diariodominicano.com\/wp-content\/uploads\/2024\/06\/Paola-Ruiz-homenajea-Colombia-hermosa-y-diversa-en-El-Trend-Cafetero-683x1024.jpg 683w, https:\/\/diariodominicano.com\/wp-content\/uploads\/2024\/06\/Paola-Ruiz-homenajea-Colombia-hermosa-y-diversa-en-El-Trend-Cafetero-200x300.jpg 200w, https:\/\/diariodominicano.com\/wp-content\/uploads\/2024\/06\/Paola-Ruiz-homenajea-Colombia-hermosa-y-diversa-en-El-Trend-Cafetero-768x1152.jpg 768w, https:\/\/diariodominicano.com\/wp-content\/uploads\/2024\/06\/Paola-Ruiz-homenajea-Colombia-hermosa-y-diversa-en-El-Trend-Cafetero.jpg 800w\" sizes=\"auto, (max-width: 683px) 100vw, 683px\" \/><\/figure>\n<\/figure>\n\n\n\n<p>Uno de los personajes m\u00e1s importantes que presenta el video es la mujer del bambuco, cuyos trajes cada d\u00eda son m\u00e1s dif\u00edciles de encontrar.<\/p>\n\n\n\n<p>\u201cRepresentamos tres tipos de ind\u00edgenas. Algo que no se hab\u00eda visto en un trend es la ind\u00edgena Way\u00fau, que representa el empoderamiento femenino. Son las mujeres m\u00e1s empoderadas que ha tenido Colombia\u201d, a\u00f1adi\u00f3 la influencer.<\/p>\n\n\n\n<p>El video incluye a Nairo Quintana, el famoso deportista, en representaci\u00f3n de los excelentes ciclistas que ha dado el pa\u00eds. El principal escenario de grabaci\u00f3n fue el Valle del Cocora, uno de los lugares m\u00e1s hermosos de Am\u00e9rica Latina, que sirvi\u00f3 de inspiraci\u00f3n para la pel\u00edcula \u201cEncanto\u201d.<\/p>\n\n\n\n<p>Toda la familia de Paola Ruiz viaj\u00f3 desde Miami a Colombia, para contribuir con la producci\u00f3n del video.<\/p>\n\n\n\n<p>\u201cMi mayor objetivo es mostrar lo hermosa y diversa que es Colombia, simplemente es un pa\u00eds lleno de vida\u201d, afirm\u00f3.<\/p>\n\n\n\n<p>Paola Ruiz naci\u00f3 en Armenia (Colombia), en medio del eje cafetero. Su madre s\u00f3lo ten\u00eda entonces 15 a\u00f1os de edad y escasos recursos. Desde los seis a\u00f1os trabaj\u00f3 ayud\u00e1ndola a vender empanadas en las calles. A los 14 emigr\u00f3 a Estados Unidos, donde limpi\u00f3 casas e hizo pesta\u00f1as. Gan\u00f3 una beca en la Universidad Internacional de la Florida (FIU) y estudi\u00f3 Relaciones Internacionales y Ciencias Pol\u00edticas. Y as\u00ed empez\u00f3 su nueva vida, con muchos sacrificios y proyectos.<\/p>\n\n\n\n<p>M\u00e1s sobre Paola Ruiz:<\/p>\n\n\n\n<figure class=\"wp-block-embed\"><div class=\"wp-block-embed__wrapper\">\nhttps:\/\/www.youtube.com\/@Paoruizb\/videos\n<\/div><\/figure>\n\n\n\n<figure class=\"wp-block-embed is-type-rich is-provider-tiktok wp-block-embed-tiktok\"><div class=\"wp-block-embed__wrapper\">\n<blockquote class=\"tiktok-embed\" cite=\"https:\/\/www.tiktok.com\/@paoruizb\" data-unique-id=\"paoruizb\" data-embed-from=\"oembed\" data-embed-type=\"creator\" style=\"max-width:780px; min-width:288px;\"> <section> <a target=\"_blank\" href=\"https:\/\/www.tiktok.com\/@paoruizb?refer=creator_embed\">@paoruizb<\/a> <\/section> <\/blockquote> <script async src=\"https:\/\/www.tiktok.com\/embed.js\"><\/script>\n<\/div><\/figure>\n\n\n\n<figure class=\"wp-block-embed\"><div class=\"wp-block-embed__wrapper\">\nhttps:\/\/www.facebook.com\/paolaaruizb\/\n<\/div><\/figure>\n\n\n\n<figure class=\"wp-block-embed\"><div class=\"wp-block-embed__wrapper\">\nhttps:\/\/www.instagram.com\/paoruizb_\/\n<\/div><\/figure>\n","protected":false},"excerpt":{"rendered":"<p>La colombiana m\u00e1s popular en TikTok, mejor conocida como \u201cLa Reina de las Transiciones\u201d estrena un video sobre la cultura ind\u00edgena, la flora y la fauna de su pa\u00eds, que se acerca al mill\u00f3n de visualizaciones. Miami, 27 de junio de 2024 La popular influencer Paola Ruiz estren\u00f3 \u201cEl Trend Cafetero\u201d, un video de solo [&hellip;]<\/p>\n","protected":false},"author":7,"featured_media":541045,"comment_status":"closed","ping_status":"closed","sticky":false,"template":"","format":"standard","meta":{"footnotes":""},"categories":[25],"tags":[],"class_list":["post-541015","post","type-post","status-publish","format-standard","has-post-thumbnail","hentry","category-gente"],"_links":{"self":[{"href":"https:\/\/diariodominicano.com\/index.php?rest_route=\/wp\/v2\/posts\/541015","targetHints":{"allow":["GET"]}}],"collection":[{"href":"https:\/\/diariodominicano.com\/index.php?rest_route=\/wp\/v2\/posts"}],"about":[{"href":"https:\/\/diariodominicano.com\/index.php?rest_route=\/wp\/v2\/types\/post"}],"author":[{"embeddable":true,"href":"https:\/\/diariodominicano.com\/index.php?rest_route=\/wp\/v2\/users\/7"}],"replies":[{"embeddable":true,"href":"https:\/\/diariodominicano.com\/index.php?rest_route=%2Fwp%2Fv2%2Fcomments&post=541015"}],"version-history":[{"count":1,"href":"https:\/\/diariodominicano.com\/index.php?rest_route=\/wp\/v2\/posts\/541015\/revisions"}],"predecessor-version":[{"id":541046,"href":"https:\/\/diariodominicano.com\/index.php?rest_route=\/wp\/v2\/posts\/541015\/revisions\/541046"}],"wp:featuredmedia":[{"embeddable":true,"href":"https:\/\/diariodominicano.com\/index.php?rest_route=\/wp\/v2\/media\/541045"}],"wp:attachment":[{"href":"https:\/\/diariodominicano.com\/index.php?rest_route=%2Fwp%2Fv2%2Fmedia&parent=541015"}],"wp:term":[{"taxonomy":"category","embeddable":true,"href":"https:\/\/diariodominicano.com\/index.php?rest_route=%2Fwp%2Fv2%2Fcategories&post=541015"},{"taxonomy":"post_tag","embeddable":true,"href":"https:\/\/diariodominicano.com\/index.php?rest_route=%2Fwp%2Fv2%2Ftags&post=541015"}],"curies":[{"name":"wp","href":"https:\/\/api.w.org\/{rel}","templated":true}]}}