{"id":54095,"date":"2020-04-02T01:00:58","date_gmt":"2020-04-02T01:00:58","guid":{"rendered":"http:\/\/diariodominicano.ddns.net\/?p=54095"},"modified":"2020-04-02T01:00:58","modified_gmt":"2020-04-02T01:00:58","slug":"nace-antonio-zaglul-3","status":"publish","type":"post","link":"https:\/\/diariodominicano.com\/?p=54095","title":{"rendered":"Nace Antonio Zaglul"},"content":{"rendered":"<p><body><\/p>\n<p><img decoding=\"async\" src=\"img3\/zaglul3.jpg\" \/>  <\/p>\n<p><strong>Diariodominicano.com<\/strong><\/p>\n<p><strong>Nace Antonio Zaglul<\/strong><\/p>\n<p><strong>SAN PEDRO DE MACORIS, el 2 de Abril de 1920,<\/strong> naci\u00f3 en San Pedro de Macor\u00eds, Antonio Zaglul Elmudesi,  hijo  Jos\u00e9 Miguel Zaglul y  Clara Elm\u00fadesi, libaneses que asumieron a la Rep\u00fablica Dominicana como su Patria.<\/p>\n<\/p>\n<p>  Se destac\u00f3 como m\u00e9dico, escritor y diplom\u00e1tico. Entre las funciones que desempe\u00f1\u00f3 la director del Hospital psiqui\u00e1trico Padre Billini.<\/p>\n<p><strong> Antonio Zaglul reci\u00e9n investido como especialista en psiquiatr\u00eda, Madrid 1950<\/strong><\/p>\n<\/p>\n<p>Antonio Zaglul regres\u00f3 de Espa\u00f1a en 1951 y present\u00f3 la tesis que dej\u00f3 pendiente cuando termin\u00f3 el plan de estudios en 1947 para irse a Madrid a realizar la especialidad.<\/p>\n<\/p>\n<p>Su  tesis se titula ??contribuci\u00f3n al estudio de las distermias?? y fue su asesor el Doctor  Alejandro Capell\u00e1n. La Tesis fue aprobada con la calificaci\u00f3n de ??bueno??.<\/p>\n<\/p>\n<p><strong> Recibi\u00f3 el  t\u00edtulo de doctor en medicina el 12 febrero 1951, con  el n\u00famero 2723, folio 42.<\/strong><\/p>\n<\/p>\n<p>El  9 de abril de 1951, en virtud del decreto  7285 ?? se le otorg\u00f3 el Exequ\u00e1tur de Ley, para que pudiera  ejercer \u00bb la profesi\u00f3n de M\u00e9dico en todo el territorio de la Rep\u00fablica, siempre que se ci\u00f1a a las leyes y reglamentos de la materia\u00bb.<\/p>\n<\/p>\n<p>Una Vez formalizada su condici\u00f3n Legal: Exequ\u00e1tur registrado bajo el No.1154, folio 58 del libro A, el 30 de Marzo de 1951, el doctor  Antonio Zaglul instal\u00f3 su primer consultorio gracias al apoyo familiar en la calle Arzobispo Nouel, en un local del Doctor  Horacio Read, Odont\u00f3logo, que comparti\u00f3  con los doctores  Nelson Calder\u00f3n (Pediatra) y Manuel Tejada Florentino (Cardi\u00f3logo).<\/p>\n<\/p>\n<h6> 2020-04-02 01:00:58 <\/h6>\n<p><!--\n<link rel=\"stylesheet\" href=\"css\/bootstrap.min.css\">\n\n\n<ul class=\"pagination\">\n\t    \n\t\n\n<li >\n\t<a href='?page_no=626'>Previous<\/a>\n\t<\/li>\n\n\n       \n    \n\n<li><a href='?page_no=1'>1<\/a><\/li>\n\n\n\n<li><a href='?page_no=2'>2<\/a><\/li>\n\n\n\n<li><a>...<\/a><\/li>\n\n\n\n<li><a href='?page_no=625'>625<\/a><\/li>\n\n\n\n<li><a href='?page_no=626'>626<\/a><\/li>\n\n\n\n<li class='active'><a>627<\/a><\/li>\n\n\n\n<li><a href='?page_no=628'>628<\/a><\/li>\n\n\n\n<li><a href='?page_no=629'>629<\/a><\/li>\n\n\n\n<li><a>...<\/a><\/li>\n\n\n\n<li><a href='?page_no=22911'>22911<\/a><\/li>\n\n\n\n<li><a href='?page_no=22912'>22912<\/a><\/li>\n\n    \n\t\n\n<li >\n\t<a href='?page_no=628'>Next<\/a>\n\t<\/li>\n\n\n    \n\n<li><a href='?page_no=22912'>Last &rsaquo;&rsaquo;<\/a><\/li>\n\n<\/ul>\n\n\n--><br \/>\n<\/body><\/p>\n","protected":false},"excerpt":{"rendered":"<p>Diariodominicano.com Nace Antonio Zaglul SAN PEDRO DE MACORIS, el 2 de Abril de 1920, naci\u00f3 en San Pedro de Macor\u00eds, Antonio Zaglul Elmudesi, hijo Jos\u00e9 Miguel Zaglul y Clara Elm\u00fadesi, libaneses que asumieron a la Rep\u00fablica Dominicana como su Patria. Se destac\u00f3 como m\u00e9dico, escritor y diplom\u00e1tico. Entre las funciones que desempe\u00f1\u00f3 la director del [&hellip;]<\/p>\n","protected":false},"author":3,"featured_media":0,"comment_status":"open","ping_status":"open","sticky":false,"template":"","format":"standard","meta":{"footnotes":""},"categories":[21],"tags":[],"class_list":["post-54095","post","type-post","status-publish","format-standard","hentry","category-cultura"],"_links":{"self":[{"href":"https:\/\/diariodominicano.com\/index.php?rest_route=\/wp\/v2\/posts\/54095","targetHints":{"allow":["GET"]}}],"collection":[{"href":"https:\/\/diariodominicano.com\/index.php?rest_route=\/wp\/v2\/posts"}],"about":[{"href":"https:\/\/diariodominicano.com\/index.php?rest_route=\/wp\/v2\/types\/post"}],"author":[{"embeddable":true,"href":"https:\/\/diariodominicano.com\/index.php?rest_route=\/wp\/v2\/users\/3"}],"replies":[{"embeddable":true,"href":"https:\/\/diariodominicano.com\/index.php?rest_route=%2Fwp%2Fv2%2Fcomments&post=54095"}],"version-history":[{"count":0,"href":"https:\/\/diariodominicano.com\/index.php?rest_route=\/wp\/v2\/posts\/54095\/revisions"}],"wp:attachment":[{"href":"https:\/\/diariodominicano.com\/index.php?rest_route=%2Fwp%2Fv2%2Fmedia&parent=54095"}],"wp:term":[{"taxonomy":"category","embeddable":true,"href":"https:\/\/diariodominicano.com\/index.php?rest_route=%2Fwp%2Fv2%2Fcategories&post=54095"},{"taxonomy":"post_tag","embeddable":true,"href":"https:\/\/diariodominicano.com\/index.php?rest_route=%2Fwp%2Fv2%2Ftags&post=54095"}],"curies":[{"name":"wp","href":"https:\/\/api.w.org\/{rel}","templated":true}]}}