{"id":540896,"date":"2024-06-26T22:24:29","date_gmt":"2024-06-27T02:24:29","guid":{"rendered":"https:\/\/diariodominicano.com\/?p=540896"},"modified":"2024-06-26T22:27:03","modified_gmt":"2024-06-27T02:27:03","slug":"dia-nacional-de-madagascar","status":"publish","type":"post","link":"https:\/\/diariodominicano.com\/?p=540896","title":{"rendered":"D\u00eda Nacional de Madagascar"},"content":{"rendered":"\n<p>ARCHIVO: Antony J. Blinken, Secretario de Estado<\/p>\n\n\n\n<p><a href=\"https:\/\/lnks.gd\/l\/eyJhbGciOiJIUzI1NiJ9.eyJidWxsZXRpbl9saW5rX2lkIjoxMDEsInVyaSI6ImJwMjpjbGljayIsInVybCI6Imh0dHBzOi8vd3d3LnN0YXRlLmdvdiIsImJ1bGxldGluX2lkIjoiMjAyNDA2MjYuOTY3NjkyNTEifQ.6oomvkDgmEgSQzwqL9w5xSi6pMoE06LJ7fqFUfBrzuk\/s\/1375542893\/br\/244764095755-l\" target=\"_blank\" rel=\"noreferrer noopener\">Hogar<\/a>\u00a0<a href=\"https:\/\/lnks.gd\/l\/eyJhbGciOiJIUzI1NiJ9.eyJidWxsZXRpbl9saW5rX2lkIjoxMDIsInVyaSI6ImJwMjpjbGljayIsInVybCI6Imh0dHBzOi8vd3d3LnN0YXRlLmdvdi9idXJlYXVzLW9mZmljZXMvdW5kZXItc2VjcmV0YXJ5LWZvci1wdWJsaWMtZGlwbG9tYWN5LWFuZC1wdWJsaWMtYWZmYWlycy9idXJlYXUtb2YtZ2xvYmFsLXB1YmxpYy1hZmZhaXJzL29mZmljZS1vZi10aGUtc3Bva2VzcGVyc29uLyIsImJ1bGxldGluX2lkIjoiMjAyNDA2MjYuOTY3NjkyNTEifQ.MXV9UMGfI1Jr4e9UAM5zL7Te6tJa52dUJ12FbkP9um8\/s\/1375542893\/br\/244764095755-l\" target=\"_blank\" rel=\"noreferrer noopener\">Oficina del Portavoz<\/a>\u00a0<a href=\"http:\/\/press-releases\/\" target=\"_blank\" rel=\"noreferrer noopener\">Comunicados de prensa<\/a>\u00a0\u2026\u00a0<\/p>\n\n\n\n<p>Comunicado de prensa<\/p>\n\n\n\n<p>26 de junio de 2024<\/p>\n\n\n\n<p>En nombre de los Estados Unidos de Am\u00e9rica, es un placer para m\u00ed desear al pueblo de Madagascar unas sinceras felicitaciones al celebrar los 64 a\u00f1os de independencia el 26 de junio.<\/p>\n\n\n\n<p>Estoy orgulloso de las formas en que nuestros pa\u00edses contin\u00faan ampliando nuestra relaci\u00f3n bilateral. Espero que Estados Unidos y Madagascar ampl\u00eden nuestra relaci\u00f3n el pr\u00f3ximo a\u00f1o, promoviendo valores compartidos como la gobernanza democr\u00e1tica y la seguridad regional.<\/p>\n\n\n\n<p><\/p>\n\n\n\n<p>Felicitaciones por su independencia y mis mejores deseos para el pueblo malgache<\/p>\n\n\n\n<p>U.S. Department of State<\/p>\n\n\n\n<p><a target=\"_blank\" href=\"mailto:usstatebpa@public.govdelivery.com\" rel=\"noreferrer noopener\">usstatebpa@public.govdelivery.com<\/a><\/p>\n\n\n\n<p>26\/06\/2024 12:01 a.m.EDT<\/p>\n","protected":false},"excerpt":{"rendered":"<p>ARCHIVO: Antony J. Blinken, Secretario de Estado Hogar\u00a0Oficina del Portavoz\u00a0Comunicados de prensa\u00a0\u2026\u00a0 Comunicado de prensa 26 de junio de 2024 En nombre de los Estados Unidos de Am\u00e9rica, es un placer para m\u00ed desear al pueblo de Madagascar unas sinceras felicitaciones al celebrar los 64 a\u00f1os de independencia el 26 de junio. Estoy orgulloso de [&hellip;]<\/p>\n","protected":false},"author":28,"featured_media":529103,"comment_status":"closed","ping_status":"closed","sticky":false,"template":"","format":"standard","meta":{"footnotes":""},"categories":[26,23],"tags":[],"class_list":["post-540896","post","type-post","status-publish","format-standard","has-post-thumbnail","hentry","category-efemerides","category-internacional"],"_links":{"self":[{"href":"https:\/\/diariodominicano.com\/index.php?rest_route=\/wp\/v2\/posts\/540896","targetHints":{"allow":["GET"]}}],"collection":[{"href":"https:\/\/diariodominicano.com\/index.php?rest_route=\/wp\/v2\/posts"}],"about":[{"href":"https:\/\/diariodominicano.com\/index.php?rest_route=\/wp\/v2\/types\/post"}],"author":[{"embeddable":true,"href":"https:\/\/diariodominicano.com\/index.php?rest_route=\/wp\/v2\/users\/28"}],"replies":[{"embeddable":true,"href":"https:\/\/diariodominicano.com\/index.php?rest_route=%2Fwp%2Fv2%2Fcomments&post=540896"}],"version-history":[{"count":3,"href":"https:\/\/diariodominicano.com\/index.php?rest_route=\/wp\/v2\/posts\/540896\/revisions"}],"predecessor-version":[{"id":540900,"href":"https:\/\/diariodominicano.com\/index.php?rest_route=\/wp\/v2\/posts\/540896\/revisions\/540900"}],"wp:featuredmedia":[{"embeddable":true,"href":"https:\/\/diariodominicano.com\/index.php?rest_route=\/wp\/v2\/media\/529103"}],"wp:attachment":[{"href":"https:\/\/diariodominicano.com\/index.php?rest_route=%2Fwp%2Fv2%2Fmedia&parent=540896"}],"wp:term":[{"taxonomy":"category","embeddable":true,"href":"https:\/\/diariodominicano.com\/index.php?rest_route=%2Fwp%2Fv2%2Fcategories&post=540896"},{"taxonomy":"post_tag","embeddable":true,"href":"https:\/\/diariodominicano.com\/index.php?rest_route=%2Fwp%2Fv2%2Ftags&post=540896"}],"curies":[{"name":"wp","href":"https:\/\/api.w.org\/{rel}","templated":true}]}}