{"id":540872,"date":"2024-06-26T21:54:28","date_gmt":"2024-06-27T01:54:28","guid":{"rendered":"https:\/\/diariodominicano.com\/?p=540872"},"modified":"2024-06-26T22:06:38","modified_gmt":"2024-06-27T02:06:38","slug":"arapf-pone-en-circulacion-la-guia-basica-de-las-vacunas-para-promover-la-salud-comunitaria-en-rd","status":"publish","type":"post","link":"https:\/\/diariodominicano.com\/?p=540872","title":{"rendered":"ARAPF pone en circulaci\u00f3n la \u00abGu\u00eda B\u00e1sica de las Vacunas\u00bb para promover la salud comunitaria en RD"},"content":{"rendered":"\n<p>Juan Miguel Madera Carolina Diaz y Juan Jose Alorda <\/p>\n\n\n\n<ul class=\"wp-block-list\">\n<li><em>La \u00abGu\u00eda B\u00e1sica de las Vacunas\u00bb\u00a0 desarrollada por ARAPF est\u00e1 disponible gratuitamente en formato digital e impreso para educar sobre vacunas y promover la salud p\u00fablica.<\/em><\/li>\n<\/ul>\n\n\n\n<figure class=\"wp-block-image size-large\"><img loading=\"lazy\" decoding=\"async\" width=\"1024\" height=\"621\" src=\"https:\/\/diariodominicano.com\/wp-content\/uploads\/2024\/06\/Jose-Brea-del-Castillo-1024x621.jpeg\" alt=\"\" class=\"wp-image-540877\" srcset=\"https:\/\/diariodominicano.com\/wp-content\/uploads\/2024\/06\/Jose-Brea-del-Castillo-1024x621.jpeg 1024w, https:\/\/diariodominicano.com\/wp-content\/uploads\/2024\/06\/Jose-Brea-del-Castillo-300x182.jpeg 300w, https:\/\/diariodominicano.com\/wp-content\/uploads\/2024\/06\/Jose-Brea-del-Castillo-768x465.jpeg 768w, https:\/\/diariodominicano.com\/wp-content\/uploads\/2024\/06\/Jose-Brea-del-Castillo-1536x931.jpeg 1536w, https:\/\/diariodominicano.com\/wp-content\/uploads\/2024\/06\/Jose-Brea-del-Castillo-816x494.jpeg 816w, https:\/\/diariodominicano.com\/wp-content\/uploads\/2024\/06\/Jose-Brea-del-Castillo.jpeg 2048w\" sizes=\"auto, (max-width: 1024px) 100vw, 1024px\" \/><\/figure>\n\n\n\n<p>Doctor Jos\u00e9 Brea del Castillo<\/p>\n\n\n\n<figure class=\"wp-block-image size-large\"><img loading=\"lazy\" decoding=\"async\" width=\"1024\" height=\"647\" src=\"https:\/\/diariodominicano.com\/wp-content\/uploads\/2024\/06\/3Juan-Jose-Alorda-1-1024x647.jpeg\" alt=\"\" class=\"wp-image-540888\" srcset=\"https:\/\/diariodominicano.com\/wp-content\/uploads\/2024\/06\/3Juan-Jose-Alorda-1-1024x647.jpeg 1024w, https:\/\/diariodominicano.com\/wp-content\/uploads\/2024\/06\/3Juan-Jose-Alorda-1-300x189.jpeg 300w, https:\/\/diariodominicano.com\/wp-content\/uploads\/2024\/06\/3Juan-Jose-Alorda-1-768x485.jpeg 768w, https:\/\/diariodominicano.com\/wp-content\/uploads\/2024\/06\/3Juan-Jose-Alorda-1-1536x970.jpeg 1536w, https:\/\/diariodominicano.com\/wp-content\/uploads\/2024\/06\/3Juan-Jose-Alorda-1-816x515.jpeg 816w, https:\/\/diariodominicano.com\/wp-content\/uploads\/2024\/06\/3Juan-Jose-Alorda-1.jpeg 2048w\" sizes=\"auto, (max-width: 1024px) 100vw, 1024px\" \/><\/figure>\n\n\n\n<p><strong>Juan Jos\u00e9 Alorda<\/strong><\/p>\n\n\n\n<p><strong>Santo Domingo, RD, 26 de junio del 2024. <\/strong>La Asociaci\u00f3n de Representantes, Agentes y Productores Farmac\u00e9uticos, Inc. (ARAPF) present\u00f3 la <strong><em>\u00abGu\u00eda B\u00e1sica de las Vacunas\u00bb <\/em><\/strong>la segunda entrega de su Serie Educativa en Salud Comunitaria, con el objetivo de informar y concienciar a la poblaci\u00f3n dominicana sobre un tema tan importante como las vacunas y el proceso de inmunizaci\u00f3n, el cual ha sido un hito en materia de salud.<\/p>\n\n\n\n<figure class=\"wp-block-image size-large\"><img loading=\"lazy\" decoding=\"async\" width=\"1024\" height=\"683\" src=\"https:\/\/diariodominicano.com\/wp-content\/uploads\/2024\/06\/2-Jose-Reyes-Jose-A.-Martinez-Carlos-Leroux-de-Moya-Carolina-Diaz-Juan-Jose-Alorda-y-Jose-Brea-del-Castillo-1024x683.jpeg\" alt=\"\" class=\"wp-image-540885\" srcset=\"https:\/\/diariodominicano.com\/wp-content\/uploads\/2024\/06\/2-Jose-Reyes-Jose-A.-Martinez-Carlos-Leroux-de-Moya-Carolina-Diaz-Juan-Jose-Alorda-y-Jose-Brea-del-Castillo-1024x683.jpeg 1024w, https:\/\/diariodominicano.com\/wp-content\/uploads\/2024\/06\/2-Jose-Reyes-Jose-A.-Martinez-Carlos-Leroux-de-Moya-Carolina-Diaz-Juan-Jose-Alorda-y-Jose-Brea-del-Castillo-300x200.jpeg 300w, https:\/\/diariodominicano.com\/wp-content\/uploads\/2024\/06\/2-Jose-Reyes-Jose-A.-Martinez-Carlos-Leroux-de-Moya-Carolina-Diaz-Juan-Jose-Alorda-y-Jose-Brea-del-Castillo-768x512.jpeg 768w, https:\/\/diariodominicano.com\/wp-content\/uploads\/2024\/06\/2-Jose-Reyes-Jose-A.-Martinez-Carlos-Leroux-de-Moya-Carolina-Diaz-Juan-Jose-Alorda-y-Jose-Brea-del-Castillo-1536x1024.jpeg 1536w, https:\/\/diariodominicano.com\/wp-content\/uploads\/2024\/06\/2-Jose-Reyes-Jose-A.-Martinez-Carlos-Leroux-de-Moya-Carolina-Diaz-Juan-Jose-Alorda-y-Jose-Brea-del-Castillo-816x544.jpeg 816w, https:\/\/diariodominicano.com\/wp-content\/uploads\/2024\/06\/2-Jose-Reyes-Jose-A.-Martinez-Carlos-Leroux-de-Moya-Carolina-Diaz-Juan-Jose-Alorda-y-Jose-Brea-del-Castillo.jpeg 2048w\" sizes=\"auto, (max-width: 1024px) 100vw, 1024px\" \/><\/figure>\n\n\n\n<p><strong>Jos\u00e9 Reyes, Jos\u00e9 A. Mart\u00ednez, Carlos Leroux de Moya, Carolina D\u00edaz, Juan Jos\u00e9 Alorda y Jos\u00e9 Brea del Castillo.<\/strong><\/p>\n\n\n\n<p>La puesta en circulaci\u00f3n de este recurso educativo se llev\u00f3 a cabo en un encuentro con miembros de la junta directiva de ARAPF y la prensa nacional, donde el Dr. Jos\u00e9 Brea del Castillo, presidente de la Sociedad Dominicana de Vacunolog\u00eda, desarroll\u00f3 la ponencia <strong><em>\u00abRompiendo mitos de las vacunas\u00bb<\/em><\/strong>, uno de los temas abordados en la gu\u00eda.<\/p>\n\n\n\n<p>\u00abEste nuevo documento, desarrollado por ARAPF, destaca la importancia de las vacunas para la salud. Con un enfoque claro y did\u00e1ctico, buscamos educar a la poblaci\u00f3n dominicana sobre los conceptos fundamentales y proporcionar orientaciones pertinentes; de esta manera, pretendemos fomentar la conciencia ciudadana para promover un comportamiento m\u00e1s responsable y efectivo en la salud p\u00fablica\u201d, expres\u00f3 Juan Miguel, vicepresidente ejecutivo de ARAPF.<\/p>\n\n\n\n<p>Asimismo, inform\u00f3 que este manual se distribuir\u00e1 totalmente gratis en los formatos digital e impreso, adem\u00e1s, podr\u00e1 descargarse a trav\u00e9s del portal oficial de la Asociaci\u00f3n.<\/p>\n\n\n\n<p>\u201cPara ARAPF, ser parte activa en la promoci\u00f3n de informaci\u00f3n relevante en el sector salud y contribuir significativamente al bienestar de nuestra poblaci\u00f3n va m\u00e1s all\u00e1 de asegurar la calidad de medicamentos, insumos m\u00e9dicos, productos vinculados a la salud y alimentos. Estamos comprometidos con la educaci\u00f3n y el autocuidado responsable de nuestra naci\u00f3n\u201d, agreg\u00f3 el Sr. Madera, a la vez, dijo que act\u00faan de manera proactiva en el proceso de aprendizaje, fomentando pr\u00e1cticas saludables y proporcionando informaci\u00f3n esencial para capacitar a los ciudadanos en la toma de decisiones informadas sobre su salud.<\/p>\n\n\n\n<p>Dentro de la \u00ab<strong><em>Gu\u00eda B\u00e1sica de las Vacunas<\/em><\/strong>\u00ab, los ciudadanos encontrar\u00e1n informaci\u00f3n detallada sobre la definici\u00f3n de las vacunas y su composici\u00f3n, c\u00f3mo funcionan para proteger nuestra salud, su clasificaci\u00f3n seg\u00fan su uso y beneficios, la importancia de desmentir mitos comunes relacionados con las vacunas, la inmunidad colectiva, as\u00ed como informaci\u00f3n sobre posibles reacciones o eventos adversos tras la vacunaci\u00f3n y datos hist\u00f3ricos de destacados investigadores detr\u00e1s de las vacunas y la l\u00ednea de tiempo de la Covid-19.<\/p>\n\n\n\n<p><strong>Semana de Vacunaci\u00f3n en las Am\u00e9ricas<\/strong><\/p>\n\n\n\n<p>La relevancia de la cobertura de vacunaci\u00f3n comenz\u00f3 en el a\u00f1o 2002 con el origen de la<strong> \u201cSemana de Vacunaci\u00f3n en las Am\u00e9ricas\u201d<\/strong>, una iniciativa propuesta por los Ministros de Salud de la Subregi\u00f3n Andina. Esta iniciativa surgi\u00f3 como respuesta al \u00faltimo brote de sarampi\u00f3n end\u00e9mico en el continente. La misma suger\u00eda la realizaci\u00f3n de campa\u00f1as de vacunaci\u00f3n sincronizadas para alcanzar a las poblaciones m\u00e1s vulnerables, poner fin al brote y prevenir futuros casos.<\/p>\n\n\n\n<p>En este contexto, cada a\u00f1o, m\u00e1s de 40 pa\u00edses y territorios en las Am\u00e9ricas se re\u00fanen para crear conciencia sobre la importancia de la inmunizaci\u00f3n y llevar a cabo jornadas de vacunaci\u00f3n, especialmente dirigidas a las poblaciones que carecen de acceso a los servicios de salud. Esto ha contribuido a que m\u00e1s de 1,000 millones de personas sean vacunadas contra diversas enfermedades desde 2002.<\/p>\n\n\n\n<p>Actualmente, la Organizaci\u00f3n Mundial de la Salud (OMS) revela que se dispone de vacunas para prevenir m\u00e1s de 20 enfermedades que pueden ser mortales. La inmunizaci\u00f3n previene cada a\u00f1o entre 3.5 y 5 millones de defunciones por enfermedades, tales como: difteria, t\u00e9tanos, tos ferina, gripe y sarampi\u00f3n.<\/p>\n\n\n\n<p><strong><u>Sobre ARAPF<\/u><\/strong><\/p>\n\n\n\n<p>La Asociaci\u00f3n de Representantes, Agentes y Productores Farmac\u00e9uticos, Inc. (ARAPF), creada hace 75 a\u00f1os con la finalidad de agrupar y representar a las empresas del sector, as\u00ed como promover la constante actualizaci\u00f3n y mejoramiento de la actividad en el sector salud de Rep\u00fablica Dominicana, colaborando con el desarrollo del pa\u00eds, especialmente en el \u00e1mbito de la salud. Desde su fundaci\u00f3n, ARAPF ha convocado al sector para luchar contra el comercio il\u00edcito de medicamentos y productos vinculados a la salud, aunando esfuerzos con las autoridades dominicanas y a trav\u00e9s de sus asociados ser proveedores de productos de alta calidad para garantizar el bienestar de los dominicanos. En el desarrollo del comercio, ARAPF promueve la libertad de empresa, la libre competencia, el respeto al derecho de patente y la pr\u00e1ctica de la m\u00e1s elevada moralidad seg\u00fan lo hace constar en su Manual de Buenas Pr\u00e1cticas para la Industria Farmac\u00e9utica, y brinda su cooperaci\u00f3n en los programas de salud dise\u00f1ados por las autoridades nacionales.<\/p>\n\n\n\n<p>Yanibel Luna<\/p>\n\n\n\n<p><a target=\"_blank\" href=\"mailto:yanibel.luna@llyc.global\" rel=\"noreferrer noopener\">yanibel.luna@llyc.global<\/a><\/p>\n","protected":false},"excerpt":{"rendered":"<p>Juan Miguel Madera Carolina Diaz y Juan Jose Alorda Doctor Jos\u00e9 Brea del Castillo Juan Jos\u00e9 Alorda Santo Domingo, RD, 26 de junio del 2024. La Asociaci\u00f3n de Representantes, Agentes y Productores Farmac\u00e9uticos, Inc. (ARAPF) present\u00f3 la \u00abGu\u00eda B\u00e1sica de las Vacunas\u00bb la segunda entrega de su Serie Educativa en Salud Comunitaria, con el objetivo [&hellip;]<\/p>\n","protected":false},"author":28,"featured_media":540873,"comment_status":"closed","ping_status":"closed","sticky":true,"template":"","format":"standard","meta":{"footnotes":""},"categories":[36,20,25],"tags":[],"class_list":["post-540872","post","type-post","status-publish","format-standard","has-post-thumbnail","hentry","category-hombresmujeresycosas","category-dominicana-hoy","category-gente"],"_links":{"self":[{"href":"https:\/\/diariodominicano.com\/index.php?rest_route=\/wp\/v2\/posts\/540872","targetHints":{"allow":["GET"]}}],"collection":[{"href":"https:\/\/diariodominicano.com\/index.php?rest_route=\/wp\/v2\/posts"}],"about":[{"href":"https:\/\/diariodominicano.com\/index.php?rest_route=\/wp\/v2\/types\/post"}],"author":[{"embeddable":true,"href":"https:\/\/diariodominicano.com\/index.php?rest_route=\/wp\/v2\/users\/28"}],"replies":[{"embeddable":true,"href":"https:\/\/diariodominicano.com\/index.php?rest_route=%2Fwp%2Fv2%2Fcomments&post=540872"}],"version-history":[{"count":7,"href":"https:\/\/diariodominicano.com\/index.php?rest_route=\/wp\/v2\/posts\/540872\/revisions"}],"predecessor-version":[{"id":540889,"href":"https:\/\/diariodominicano.com\/index.php?rest_route=\/wp\/v2\/posts\/540872\/revisions\/540889"}],"wp:featuredmedia":[{"embeddable":true,"href":"https:\/\/diariodominicano.com\/index.php?rest_route=\/wp\/v2\/media\/540873"}],"wp:attachment":[{"href":"https:\/\/diariodominicano.com\/index.php?rest_route=%2Fwp%2Fv2%2Fmedia&parent=540872"}],"wp:term":[{"taxonomy":"category","embeddable":true,"href":"https:\/\/diariodominicano.com\/index.php?rest_route=%2Fwp%2Fv2%2Fcategories&post=540872"},{"taxonomy":"post_tag","embeddable":true,"href":"https:\/\/diariodominicano.com\/index.php?rest_route=%2Fwp%2Fv2%2Ftags&post=540872"}],"curies":[{"name":"wp","href":"https:\/\/api.w.org\/{rel}","templated":true}]}}