{"id":540852,"date":"2024-06-26T21:24:02","date_gmt":"2024-06-27T01:24:02","guid":{"rendered":"https:\/\/diariodominicano.com\/?p=540852"},"modified":"2024-06-26T21:25:19","modified_gmt":"2024-06-27T01:25:19","slug":"el-expresidente-de-el-salvador-mauricio-funes-es-condenado-a-8-anos-de-carcel-por-lavado-de-dinero","status":"publish","type":"post","link":"https:\/\/diariodominicano.com\/?p=540852","title":{"rendered":"El expresidente de El Salvador Mauricio Funes es condenado a 8 a\u00f1os de c\u00e1rcel por lavado de dinero"},"content":{"rendered":"\n<ul class=\"wp-block-list\">\n<li><a href=\"https:\/\/www.vozdeamerica.com\/author\/associated-press\/v_kyr\">Associated Press<\/a><\/li>\n<\/ul>\n\n\n\n<hr class=\"wp-block-separator has-alpha-channel-opacity\"\/>\n\n\n\n<p><a href=\"https:\/\/www.vozdeamerica.com\/a\/el-expresidente-de-el-salvador-mauricio-funes-es-condenado-a-8-anios-de-carcel-por-lavado-de-dinero\/7675317.html#comments\">&nbsp;Vea comentarios<\/a><\/p>\n\n\n\n<p>La justicia salvadore\u00f1a conden\u00f3 a ocho a\u00f1os de prisi\u00f3n por lavado de dinero al expresidente Mauricio Funes, quien presuntamente licit\u00f3 un puente a favor de una empresa guatemalteca a cambio de recibir un avi\u00f3n.<\/p>\n\n\n\n<p>SAN SALVADOR \u2014&nbsp;<\/p>\n\n\n\n<p>Un tribunal de justicia de El Salvador conden\u00f3 el mi\u00e9rcoles a ocho a\u00f1os de prisi\u00f3n al expresidente salvadore\u00f1o Mauricio Funes por lavado de dinero, por presuntamente licitar un puente a favor de una empresa guatemalteca a cambio de recibir un avi\u00f3n. El exmandatario, asilado en Nicaragua, tiene siete procesos penales en su contra y dos de ellos con condena.<\/p>\n\n\n\n<p><\/p>\n\n\n\n<p>\u201cSe demostr\u00f3 que Funes favoreci\u00f3 a una empresa guatemalteca para que se le adjudicara la construcci\u00f3n del puente San Isidro sobre el R\u00edo Lempa\u201d, indic\u00f3 en comunicado la fiscal\u00eda sobre la tercera sentencia en contra del exmandatario salvadore\u00f1o, que vive en Nicaragua bajo el refugio del gobierno de Daniel Ortega.<\/p>\n\n\n\n<p>El caso ventilado en un tribunal de San Salvador inici\u00f3 en diciembre de 2020 cuando el Ministerio P\u00fablico present\u00f3 una nueva acusaci\u00f3n y orden de captura contra Funes. Un a\u00f1o antes, el gobierno del nicarag\u00fcense Daniel Ortega le otorg\u00f3 la nacionalidad para evitar que fuera extraditado.<\/p>\n\n\n\n<p>Funes, que gobern\u00f3 El Salvador de 2009 a 2014, vive en Nicaragua bajo la protecci\u00f3n del gobierno de Ortega y no ha estado presente en ninguno de los juicios en su contra.<\/p>\n\n\n\n<p>En uno, condenado por negociar con pandillas durante su mandato, fue condenado a 14 a\u00f1os de prisi\u00f3n; en otro por enriquecimiento il\u00edcito, fue sentenciado a devolver m\u00e1s de 400.000 d\u00f3lares.<\/p>\n\n\n\n<p>Seg\u00fan la acusaci\u00f3n fiscal, el exmandatario entreg\u00f3 el proyecto de dise\u00f1o y construcci\u00f3n de un puente en 2013 a una empresa guatemalteca por 8,4 millones de d\u00f3lares. A cambio, Funes presuntamente recibi\u00f3 un avi\u00f3n modelo King Air TG ADL para uso de \u00e9l y de un empresario, en el que viajaron con sus familias a Estados Unidos, Costa Rica, Nicaragua, Panam\u00e1, Honduras y Guatemala.<\/p>\n\n\n\n<p>El exmandatario no nombr\u00f3 abogado defensor por lo que le fue asignado uno de oficio.<\/p>\n\n\n\n<p>Por este proceso penal, el empresario Jos\u00e9 Miguel Men\u00e9ndez \u2014conocido como \u201cMecaf\u00e9\u201d\u2014 fue condenado a ocho a\u00f1os de prisi\u00f3n en agosto de 2022. El tribunal encontr\u00f3 evidencias de que hizo 47 viajes con la aeronave en cuesti\u00f3n entre el 27 de junio de 2013 y el 13 de septiembre de 2016.<\/p>\n\n\n\n<p>Despu\u00e9s de esa condena a Men\u00e9ndez, se aprob\u00f3 una reforma penal el 21 de septiembre de 2022 que permite realizar juicios con imputados ausentes, por lo que Funes pudo enfrentar el juicio penal sin estar presente.<\/p>\n\n\n\n<p>El Ministerio Fiscal emiti\u00f3 en 2020 \u00f3rdenes de captura tambi\u00e9n contra el empresario salvadore\u00f1o y contra otro guatemalteco, Jaime Ram\u00f3n Aparicio Mej\u00eda, \u00e9ste \u00faltimo acusado de soborno.<\/p>\n\n\n\n<p>Durante el juicio, el empresario guatemalteco confirm\u00f3 que entreg\u00f3 la avioneta a Funes antes de la adjudicaci\u00f3n.<\/p>\n\n\n\n<p>Adem\u00e1s de este caso, Funes ha enfrentado otros seis procesos penales. Un tribunal de El Salvador lo conden\u00f3 en mayo de 2023 a 14 a\u00f1os de prisi\u00f3n por negociar una tregua con las pandillas durante su mandato para bajar la tasa de homicidios a cambio de ofrecer beneficios para sus cabecillas en las c\u00e1rceles.<\/p>\n\n\n\n<p>Funes que lleg\u00f3 a la presidencia de El Salvador postulado por izquierdista Frente Farabundo Mart\u00ed para la Liberaci\u00f3n Nacional (FMLN) tambi\u00e9n est\u00e1 siendo procesado por el desv\u00edo de 351 millones de d\u00f3lares de la partida presidencial de gastos reservados.<\/p>\n\n\n\n<p>El exgobernante tiene, adem\u00e1s, procesos por el pago de 108,5 millones de d\u00f3lares a una empresa para la construcci\u00f3n de una presa hidroel\u00e9ctrica, por la divulgaci\u00f3n de un reporte de Operaciones Sospechosas que revel\u00f3 el desv\u00edo de 10 millones de d\u00f3lares donados por Taiw\u00e1n y por sobornos al exfiscal general Luis Mart\u00ednez.<\/p>\n","protected":false},"excerpt":{"rendered":"<p>&nbsp;Vea comentarios La justicia salvadore\u00f1a conden\u00f3 a ocho a\u00f1os de prisi\u00f3n por lavado de dinero al expresidente Mauricio Funes, quien presuntamente licit\u00f3 un puente a favor de una empresa guatemalteca a cambio de recibir un avi\u00f3n. SAN SALVADOR \u2014&nbsp; Un tribunal de justicia de El Salvador conden\u00f3 el mi\u00e9rcoles a ocho a\u00f1os de prisi\u00f3n al [&hellip;]<\/p>\n","protected":false},"author":28,"featured_media":540853,"comment_status":"closed","ping_status":"closed","sticky":false,"template":"","format":"standard","meta":{"footnotes":""},"categories":[36,23,24],"tags":[],"class_list":["post-540852","post","type-post","status-publish","format-standard","has-post-thumbnail","hentry","category-hombresmujeresycosas","category-internacional","category-justicia-y-derecho"],"_links":{"self":[{"href":"https:\/\/diariodominicano.com\/index.php?rest_route=\/wp\/v2\/posts\/540852","targetHints":{"allow":["GET"]}}],"collection":[{"href":"https:\/\/diariodominicano.com\/index.php?rest_route=\/wp\/v2\/posts"}],"about":[{"href":"https:\/\/diariodominicano.com\/index.php?rest_route=\/wp\/v2\/types\/post"}],"author":[{"embeddable":true,"href":"https:\/\/diariodominicano.com\/index.php?rest_route=\/wp\/v2\/users\/28"}],"replies":[{"embeddable":true,"href":"https:\/\/diariodominicano.com\/index.php?rest_route=%2Fwp%2Fv2%2Fcomments&post=540852"}],"version-history":[{"count":2,"href":"https:\/\/diariodominicano.com\/index.php?rest_route=\/wp\/v2\/posts\/540852\/revisions"}],"predecessor-version":[{"id":540855,"href":"https:\/\/diariodominicano.com\/index.php?rest_route=\/wp\/v2\/posts\/540852\/revisions\/540855"}],"wp:featuredmedia":[{"embeddable":true,"href":"https:\/\/diariodominicano.com\/index.php?rest_route=\/wp\/v2\/media\/540853"}],"wp:attachment":[{"href":"https:\/\/diariodominicano.com\/index.php?rest_route=%2Fwp%2Fv2%2Fmedia&parent=540852"}],"wp:term":[{"taxonomy":"category","embeddable":true,"href":"https:\/\/diariodominicano.com\/index.php?rest_route=%2Fwp%2Fv2%2Fcategories&post=540852"},{"taxonomy":"post_tag","embeddable":true,"href":"https:\/\/diariodominicano.com\/index.php?rest_route=%2Fwp%2Fv2%2Ftags&post=540852"}],"curies":[{"name":"wp","href":"https:\/\/api.w.org\/{rel}","templated":true}]}}