{"id":540848,"date":"2024-06-26T21:17:57","date_gmt":"2024-06-27T01:17:57","guid":{"rendered":"https:\/\/diariodominicano.com\/?p=540848"},"modified":"2024-06-26T21:18:07","modified_gmt":"2024-06-27T01:18:07","slug":"expresidente-hondureno-luis-orlando-hernandez-sentenciado-a-45-anos-de-carcel-en-eeuu-por-ayudar-al-narco","status":"publish","type":"post","link":"https:\/\/diariodominicano.com\/?p=540848","title":{"rendered":"Expresidente hondure\u00f1o Luis Orlando Hern\u00e1ndez sentenciado a 45 a\u00f1os de c\u00e1rcel en EEUU por ayudar al narco"},"content":{"rendered":"\n<p>ARCHIVO &#8211; El presidente de Honduras, Juan Orlando Hern\u00e1ndez, llega a la ceremonia de juramento del nuevo presidente de Guatemala, en la ciudad de Guatemala, el 14 de enero de 2020.<\/p>\n\n\n\n<p>junio 26, 2024<\/p>\n\n\n\n<ul class=\"wp-block-list\">\n<li><a href=\"https:\/\/www.vozdeamerica.com\/author\/associated-press\/v_kyr\">Associated Press<\/a><\/li>\n<\/ul>\n\n\n\n<hr class=\"wp-block-separator has-alpha-channel-opacity\"\/>\n\n\n\n<p><a href=\"https:\/\/www.vozdeamerica.com\/a\/expresidente-hondureno-hernandez-sentenciado-45-anos-carcel-eeuu-ayudar-narco\/7674867.html#comments\">&nbsp;Vea comentarios<\/a><\/p>\n\n\n\n<p>El exmandatario Juan Orlando Hern\u00e1ndez fue sentenciado a pasar 45 a\u00f1os en una prisi\u00f3n en Estados Unidos por ayudar a narcotraficantes.<\/p>\n\n\n\n<p>NUEVA YORK, EEUU \u2014&nbsp;<\/p>\n\n\n\n<p>El expresidente hondure\u00f1o Juan Orlando Hern\u00e1ndez fue sentenciado este mi\u00e9rcoles en Nueva York por permitir que narcotraficantes usaran al ej\u00e9rcito y a la polic\u00eda nacional de su pa\u00eds para ayudar a traficar toneladas de coca\u00edna a Estados Unidos.<\/p>\n\n\n\n<p>El juez P. Kevin Castel sentenci\u00f3 a Hern\u00e1ndez a pasar 45 a\u00f1os en una prisi\u00f3n federal. Un jurado lo declar\u00f3 culpable en marzo en el tribunal federal de Manhattan tras un juicio de dos semanas, que fue seguido atentamente en su pa\u00eds de origen.<\/p>\n\n\n\n<p><strong><em><a href=\"https:\/\/www.vozdeamerica.com\/a\/expresidente-honduras-defensa-juicio-narcotrafico-\/7514779.html\" target=\"_blank\" rel=\"noreferrer noopener\">Hern\u00e1ndez dijo ser inocente c<\/a><\/em><\/strong>uando se le dict\u00f3 sentencia. Tambi\u00e9n afirm\u00f3 que fue acusado err\u00f3nea e injustamente.<\/p>\n\n\n\n<p>El exmandatario enfrentaba una sentencia obligatoria m\u00ednima de 40 a\u00f1os y hasta cadena perpetua tras ser declarado culpable de conspirar para importar coca\u00edna a Estados Unidos y de dos cargos relacionados con armas de fuego.<\/p>\n\n\n\n<p>Hern\u00e1ndez, de 55 a\u00f1os, sirvi\u00f3 durante dos per\u00edodos como l\u00edder de la naci\u00f3n centroamericana, de aproximadamente 10 millones de habitantes.<\/p>\n\n\n\n<p>Fue arrestado en su casa de Tegucigalpa, la capital hondure\u00f1a, tres meses despu\u00e9s de dejar el cargo en 2022, y&nbsp;<em><strong><a href=\"https:\/\/www.vozdeamerica.com\/a\/expresidente-de-honduras-juan-orlando-hernandez-llega-el-jueves-extraditado-a-eeuu\/6538657.html\" target=\"_blank\" rel=\"noreferrer noopener\">fue extraditado a Estados Unidos<\/a><\/strong><\/em>&nbsp;en abril de ese a\u00f1o.<\/p>\n","protected":false},"excerpt":{"rendered":"<p>ARCHIVO &#8211; El presidente de Honduras, Juan Orlando Hern\u00e1ndez, llega a la ceremonia de juramento del nuevo presidente de Guatemala, en la ciudad de Guatemala, el 14 de enero de 2020. junio 26, 2024 &nbsp;Vea comentarios El exmandatario Juan Orlando Hern\u00e1ndez fue sentenciado a pasar 45 a\u00f1os en una prisi\u00f3n en Estados Unidos por ayudar [&hellip;]<\/p>\n","protected":false},"author":28,"featured_media":540849,"comment_status":"closed","ping_status":"closed","sticky":true,"template":"","format":"standard","meta":{"footnotes":""},"categories":[36,23,24,27],"tags":[],"class_list":["post-540848","post","type-post","status-publish","format-standard","has-post-thumbnail","hentry","category-hombresmujeresycosas","category-internacional","category-justicia-y-derecho","category-portada"],"_links":{"self":[{"href":"https:\/\/diariodominicano.com\/index.php?rest_route=\/wp\/v2\/posts\/540848","targetHints":{"allow":["GET"]}}],"collection":[{"href":"https:\/\/diariodominicano.com\/index.php?rest_route=\/wp\/v2\/posts"}],"about":[{"href":"https:\/\/diariodominicano.com\/index.php?rest_route=\/wp\/v2\/types\/post"}],"author":[{"embeddable":true,"href":"https:\/\/diariodominicano.com\/index.php?rest_route=\/wp\/v2\/users\/28"}],"replies":[{"embeddable":true,"href":"https:\/\/diariodominicano.com\/index.php?rest_route=%2Fwp%2Fv2%2Fcomments&post=540848"}],"version-history":[{"count":1,"href":"https:\/\/diariodominicano.com\/index.php?rest_route=\/wp\/v2\/posts\/540848\/revisions"}],"predecessor-version":[{"id":540850,"href":"https:\/\/diariodominicano.com\/index.php?rest_route=\/wp\/v2\/posts\/540848\/revisions\/540850"}],"wp:featuredmedia":[{"embeddable":true,"href":"https:\/\/diariodominicano.com\/index.php?rest_route=\/wp\/v2\/media\/540849"}],"wp:attachment":[{"href":"https:\/\/diariodominicano.com\/index.php?rest_route=%2Fwp%2Fv2%2Fmedia&parent=540848"}],"wp:term":[{"taxonomy":"category","embeddable":true,"href":"https:\/\/diariodominicano.com\/index.php?rest_route=%2Fwp%2Fv2%2Fcategories&post=540848"},{"taxonomy":"post_tag","embeddable":true,"href":"https:\/\/diariodominicano.com\/index.php?rest_route=%2Fwp%2Fv2%2Ftags&post=540848"}],"curies":[{"name":"wp","href":"https:\/\/api.w.org\/{rel}","templated":true}]}}