{"id":540752,"date":"2024-06-26T18:55:41","date_gmt":"2024-06-26T22:55:41","guid":{"rendered":"https:\/\/diariodominicano.com\/?p=540752"},"modified":"2024-06-26T21:03:27","modified_gmt":"2024-06-27T01:03:27","slug":"miembros-de-las-fiscalias-de-san-juan-de-la-maguana-y-las-matas-de-farfan-participan-en-capacitacion","status":"publish","type":"post","link":"https:\/\/diariodominicano.com\/?p=540752","title":{"rendered":"Miembros de las Fiscal\u00edas de San Juan de la Maguana y Las Matas de Farf\u00e1n participan en capacitaci\u00f3n"},"content":{"rendered":"\n<p><strong>AZUA (Rep\u00fablica Dominicana).-<\/strong>&nbsp;Los representantes de las Fiscal\u00edas de San Juan de la Maguana y Las Matas de Farf\u00e1n participaron de la \u201cCapacitaci\u00f3n Introductoria: Manual de Formaci\u00f3n para Redes Locales por una Vida Libre de Violencia Contra las Mujeres\u201d impartida por el Ministerio de la Mujer, a trav\u00e9s de la experta internacional Elizabeth Roberts.&nbsp;<\/p>\n\n\n\n<p>La capacitaci\u00f3n, impartida en dos d\u00edas, busca fortalecer los conocimientos y capacidades de quienes integran estas redes y de otras instituciones del Sistema de Protecci\u00f3n a V\u00edctimas.&nbsp;<\/p>\n\n\n\n<p>\u201cDesde las Fiscal\u00edas se mantiene el compromiso de reforzar los conocimientos y mejores pr\u00e1cticas de nuestros colaboradores para brindar la asistencia oportuna en los casos de violencia\u201d, afirma el Ministerio P\u00fablico, en un comunicado de prensa, respecto a la importancia que constituye este tipo formaci\u00f3n para el \u00f3rgano persecutor del delito.&nbsp;<\/p>\n\n\n\n<p>Esta formaci\u00f3n busca fortalecer y armonizar los conocimientos de las personas que integran las redes locales, de manera que puedan construir en la prevenci\u00f3n de la violencia contra las mujeres en sus territorios.&nbsp;<\/p>\n\n\n\n<p>Durante el evento estuvieron presentes la gobernadora provincial Mar\u00eda Minerva Navarro, la encargada de la Oficina Provincial de la Mujer en Azua, Reya Santana, entre otras autoridades.&nbsp;<\/p>\n\n\n\n<p><strong>Direcci\u00f3n General de Comunicaci\u00f3n, Prensa, y RRPP<\/strong><strong><\/strong><\/p>\n\n\n\n<p>Ministerio P\u00fablico.&nbsp;R.D.<\/p>\n","protected":false},"excerpt":{"rendered":"<p>AZUA (Rep\u00fablica Dominicana).-&nbsp;Los representantes de las Fiscal\u00edas de San Juan de la Maguana y Las Matas de Farf\u00e1n participaron de la \u201cCapacitaci\u00f3n Introductoria: Manual de Formaci\u00f3n para Redes Locales por una Vida Libre de Violencia Contra las Mujeres\u201d impartida por el Ministerio de la Mujer, a trav\u00e9s de la experta internacional Elizabeth Roberts.&nbsp; La capacitaci\u00f3n, [&hellip;]<\/p>\n","protected":false},"author":7,"featured_media":367086,"comment_status":"closed","ping_status":"closed","sticky":true,"template":"","format":"standard","meta":{"footnotes":""},"categories":[24],"tags":[],"class_list":["post-540752","post","type-post","status-publish","format-standard","has-post-thumbnail","hentry","category-justicia-y-derecho"],"_links":{"self":[{"href":"https:\/\/diariodominicano.com\/index.php?rest_route=\/wp\/v2\/posts\/540752","targetHints":{"allow":["GET"]}}],"collection":[{"href":"https:\/\/diariodominicano.com\/index.php?rest_route=\/wp\/v2\/posts"}],"about":[{"href":"https:\/\/diariodominicano.com\/index.php?rest_route=\/wp\/v2\/types\/post"}],"author":[{"embeddable":true,"href":"https:\/\/diariodominicano.com\/index.php?rest_route=\/wp\/v2\/users\/7"}],"replies":[{"embeddable":true,"href":"https:\/\/diariodominicano.com\/index.php?rest_route=%2Fwp%2Fv2%2Fcomments&post=540752"}],"version-history":[{"count":1,"href":"https:\/\/diariodominicano.com\/index.php?rest_route=\/wp\/v2\/posts\/540752\/revisions"}],"predecessor-version":[{"id":540835,"href":"https:\/\/diariodominicano.com\/index.php?rest_route=\/wp\/v2\/posts\/540752\/revisions\/540835"}],"wp:featuredmedia":[{"embeddable":true,"href":"https:\/\/diariodominicano.com\/index.php?rest_route=\/wp\/v2\/media\/367086"}],"wp:attachment":[{"href":"https:\/\/diariodominicano.com\/index.php?rest_route=%2Fwp%2Fv2%2Fmedia&parent=540752"}],"wp:term":[{"taxonomy":"category","embeddable":true,"href":"https:\/\/diariodominicano.com\/index.php?rest_route=%2Fwp%2Fv2%2Fcategories&post=540752"},{"taxonomy":"post_tag","embeddable":true,"href":"https:\/\/diariodominicano.com\/index.php?rest_route=%2Fwp%2Fv2%2Ftags&post=540752"}],"curies":[{"name":"wp","href":"https:\/\/api.w.org\/{rel}","templated":true}]}}