{"id":540750,"date":"2024-06-26T17:46:18","date_gmt":"2024-06-26T21:46:18","guid":{"rendered":"https:\/\/diariodominicano.com\/?p=540750"},"modified":"2024-06-26T17:46:20","modified_gmt":"2024-06-26T21:46:20","slug":"sura-apadrina-el-primer-concierto-experimental-sinfonico-benefico-de-fundarmoniartes-con-mas-de-100-ninos-de-vietnam-los-mina-en-escena","status":"publish","type":"post","link":"https:\/\/diariodominicano.com\/?p=540750","title":{"rendered":"SURA apadrina el primer concierto experimental sinf\u00f3nico ben\u00e9fico de FUNDARMONIARTES con m\u00e1s de 100 ni\u00f1os de Vietnam, Los Mina en escena"},"content":{"rendered":"\n<p><em>La fundaci\u00f3n FUNDARMONIARTES rescata y fomenta valores en ni\u00f1os y adolescentes de escasos recursos a trav\u00e9s de la m\u00fasica y actividades culturales.<\/em><\/p>\n\n\n\n<p><strong>Santo Domingo.&nbsp;<\/strong>&nbsp;Seguros SURA, a trav\u00e9s de su iniciativa de Arte y Cultura, en conjunto con FUNDARMONIARTES realizaron un concierto ben\u00e9fico llamado \u201cLa alegr\u00eda de vivir entre melod\u00edas\u201d, en el que 125 ni\u00f1os, adolescentes y j\u00f3venes presentaron 15 piezas de m\u00fasica experimental, cl\u00e1sica, canto y baile.<\/p>\n\n\n\n<p>Durante el concierto, los aprendices mostraron todo su talento a trav\u00e9s de distintas manifestaciones, destac\u00e1ndose el canto l\u00edrico, las expresiones musicales creadas con cubetas y palos, adem\u00e1s de un concierto filarm\u00f3nico y bailes dotados de sincron\u00eda.<\/p>\n\n\n\n<figure class=\"wp-block-gallery has-nested-images columns-default is-cropped wp-block-gallery-1 is-layout-flex wp-block-gallery-is-layout-flex\">\n<figure class=\"wp-block-image size-large\"><img loading=\"lazy\" decoding=\"async\" width=\"682\" height=\"1024\" data-id=\"540800\" src=\"https:\/\/diariodominicano.com\/wp-content\/uploads\/2024\/06\/Estudiante-Fundarmoniartes-682x1024.jpeg\" alt=\"\" class=\"wp-image-540800\" srcset=\"https:\/\/diariodominicano.com\/wp-content\/uploads\/2024\/06\/Estudiante-Fundarmoniartes-682x1024.jpeg 682w, https:\/\/diariodominicano.com\/wp-content\/uploads\/2024\/06\/Estudiante-Fundarmoniartes-200x300.jpeg 200w, https:\/\/diariodominicano.com\/wp-content\/uploads\/2024\/06\/Estudiante-Fundarmoniartes-768x1153.jpeg 768w, https:\/\/diariodominicano.com\/wp-content\/uploads\/2024\/06\/Estudiante-Fundarmoniartes-1023x1536.jpeg 1023w, https:\/\/diariodominicano.com\/wp-content\/uploads\/2024\/06\/Estudiante-Fundarmoniartes-816x1225.jpeg 816w, https:\/\/diariodominicano.com\/wp-content\/uploads\/2024\/06\/Estudiante-Fundarmoniartes.jpeg 1066w\" sizes=\"auto, (max-width: 682px) 100vw, 682px\" \/><\/figure>\n\n\n\n<figure class=\"wp-block-image size-large\"><img loading=\"lazy\" decoding=\"async\" width=\"682\" height=\"1024\" data-id=\"540809\" src=\"https:\/\/diariodominicano.com\/wp-content\/uploads\/2024\/06\/Liquedia-Ventura-Directora-Fundarmoniartes-682x1024.jpeg\" alt=\"\" class=\"wp-image-540809\" srcset=\"https:\/\/diariodominicano.com\/wp-content\/uploads\/2024\/06\/Liquedia-Ventura-Directora-Fundarmoniartes-682x1024.jpeg 682w, https:\/\/diariodominicano.com\/wp-content\/uploads\/2024\/06\/Liquedia-Ventura-Directora-Fundarmoniartes-200x300.jpeg 200w, https:\/\/diariodominicano.com\/wp-content\/uploads\/2024\/06\/Liquedia-Ventura-Directora-Fundarmoniartes-768x1153.jpeg 768w, https:\/\/diariodominicano.com\/wp-content\/uploads\/2024\/06\/Liquedia-Ventura-Directora-Fundarmoniartes-1023x1536.jpeg 1023w, https:\/\/diariodominicano.com\/wp-content\/uploads\/2024\/06\/Liquedia-Ventura-Directora-Fundarmoniartes-816x1225.jpeg 816w, https:\/\/diariodominicano.com\/wp-content\/uploads\/2024\/06\/Liquedia-Ventura-Directora-Fundarmoniartes.jpeg 1066w\" sizes=\"auto, (max-width: 682px) 100vw, 682px\" \/><\/figure>\n<\/figure>\n\n\n\n<p>Los asistentes del concierto tuvieron la oportunidad de deleitar un nutrido repertorio conformado por piezas ic\u00f3nicas de destacados compositores como: Jim Papoulis, Marcos Leite, Camilo Posada, Victor C. Johnson, Paul Sim\u00f3n, Luis Rivera, Feliz Valoy Compr\u00e9s, Julio Alberto Hern\u00e1ndez, Omar Rendon, John Williams, Gianni Belfiore, Julio Iglesias y Liquedia Ventura, quien tambi\u00e9n es la directora orquestal.<\/p>\n\n\n\n<figure class=\"wp-block-gallery has-nested-images columns-default is-cropped wp-block-gallery-2 is-layout-flex wp-block-gallery-is-layout-flex\">\n<figure class=\"wp-block-image size-large\"><img loading=\"lazy\" decoding=\"async\" width=\"1024\" height=\"682\" data-id=\"540808\" src=\"https:\/\/diariodominicano.com\/wp-content\/uploads\/2024\/06\/Liquedia-Ventura-Directora-Fundarmoniartes-2-1-1024x682.jpeg\" alt=\"\" class=\"wp-image-540808\" srcset=\"https:\/\/diariodominicano.com\/wp-content\/uploads\/2024\/06\/Liquedia-Ventura-Directora-Fundarmoniartes-2-1-1024x682.jpeg 1024w, https:\/\/diariodominicano.com\/wp-content\/uploads\/2024\/06\/Liquedia-Ventura-Directora-Fundarmoniartes-2-1-300x200.jpeg 300w, https:\/\/diariodominicano.com\/wp-content\/uploads\/2024\/06\/Liquedia-Ventura-Directora-Fundarmoniartes-2-1-768x512.jpeg 768w, https:\/\/diariodominicano.com\/wp-content\/uploads\/2024\/06\/Liquedia-Ventura-Directora-Fundarmoniartes-2-1-1536x1023.jpeg 1536w, https:\/\/diariodominicano.com\/wp-content\/uploads\/2024\/06\/Liquedia-Ventura-Directora-Fundarmoniartes-2-1-816x544.jpeg 816w, https:\/\/diariodominicano.com\/wp-content\/uploads\/2024\/06\/Liquedia-Ventura-Directora-Fundarmoniartes-2-1.jpeg 1600w\" sizes=\"auto, (max-width: 1024px) 100vw, 1024px\" \/><\/figure>\n<\/figure>\n\n\n\n<p>A trav\u00e9s de la educaci\u00f3n musical, FUNDARMONIARTES busca rescatar y fomentar valores en los ni\u00f1os no solo de Vietnam, Los Mina, sino de todo Santo Domingo Este. Su filosof\u00eda es que cada nota y cada clase cambie sus vidas, siendo su prop\u00f3sito mayor alejarlos del ocio negativo.<\/p>\n\n\n\n<figure class=\"wp-block-gallery has-nested-images columns-default is-cropped wp-block-gallery-3 is-layout-flex wp-block-gallery-is-layout-flex\">\n<figure class=\"wp-block-image size-large\"><img loading=\"lazy\" decoding=\"async\" width=\"1024\" height=\"682\" data-id=\"540807\" src=\"https:\/\/diariodominicano.com\/wp-content\/uploads\/2024\/06\/Gina-Jimenez-Liquedia-Ventura-James-Garcia-Estefania-Sanchez-1024x682.jpeg\" alt=\"\" class=\"wp-image-540807\" srcset=\"https:\/\/diariodominicano.com\/wp-content\/uploads\/2024\/06\/Gina-Jimenez-Liquedia-Ventura-James-Garcia-Estefania-Sanchez-1024x682.jpeg 1024w, https:\/\/diariodominicano.com\/wp-content\/uploads\/2024\/06\/Gina-Jimenez-Liquedia-Ventura-James-Garcia-Estefania-Sanchez-300x200.jpeg 300w, https:\/\/diariodominicano.com\/wp-content\/uploads\/2024\/06\/Gina-Jimenez-Liquedia-Ventura-James-Garcia-Estefania-Sanchez-768x512.jpeg 768w, https:\/\/diariodominicano.com\/wp-content\/uploads\/2024\/06\/Gina-Jimenez-Liquedia-Ventura-James-Garcia-Estefania-Sanchez-1536x1023.jpeg 1536w, https:\/\/diariodominicano.com\/wp-content\/uploads\/2024\/06\/Gina-Jimenez-Liquedia-Ventura-James-Garcia-Estefania-Sanchez-816x544.jpeg 816w, https:\/\/diariodominicano.com\/wp-content\/uploads\/2024\/06\/Gina-Jimenez-Liquedia-Ventura-James-Garcia-Estefania-Sanchez.jpeg 1600w\" sizes=\"auto, (max-width: 1024px) 100vw, 1024px\" \/><\/figure>\n<\/figure>\n\n\n\n<p>James Garc\u00eda, presidente de Seguros SURA, indic\u00f3 que la puesta en escena de\u00a0\u201cLa alegr\u00eda de vivir entre melod\u00edas\u201d\u00a0evidenci\u00f3 que es impresionante el efecto que la m\u00fasica hace en el ser humano porque transforma para bien, cambia la manera de pensar y ofrece oportunidades m\u00e1s all\u00e1 de lo que podemos imaginar.<\/p>\n\n\n\n<figure class=\"wp-block-gallery has-nested-images columns-default is-cropped wp-block-gallery-4 is-layout-flex wp-block-gallery-is-layout-flex\">\n<figure class=\"wp-block-image size-large\"><img loading=\"lazy\" decoding=\"async\" width=\"1024\" height=\"682\" data-id=\"540810\" src=\"https:\/\/diariodominicano.com\/wp-content\/uploads\/2024\/06\/Publico-Asistente-SURA-de-FUNDARMONIARTES-1024x682.jpeg\" alt=\"\" class=\"wp-image-540810\" srcset=\"https:\/\/diariodominicano.com\/wp-content\/uploads\/2024\/06\/Publico-Asistente-SURA-de-FUNDARMONIARTES-1024x682.jpeg 1024w, https:\/\/diariodominicano.com\/wp-content\/uploads\/2024\/06\/Publico-Asistente-SURA-de-FUNDARMONIARTES-300x200.jpeg 300w, https:\/\/diariodominicano.com\/wp-content\/uploads\/2024\/06\/Publico-Asistente-SURA-de-FUNDARMONIARTES-768x512.jpeg 768w, https:\/\/diariodominicano.com\/wp-content\/uploads\/2024\/06\/Publico-Asistente-SURA-de-FUNDARMONIARTES-1536x1023.jpeg 1536w, https:\/\/diariodominicano.com\/wp-content\/uploads\/2024\/06\/Publico-Asistente-SURA-de-FUNDARMONIARTES-816x544.jpeg 816w, https:\/\/diariodominicano.com\/wp-content\/uploads\/2024\/06\/Publico-Asistente-SURA-de-FUNDARMONIARTES.jpeg 1600w\" sizes=\"auto, (max-width: 1024px) 100vw, 1024px\" \/><\/figure>\n\n\n\n<figure class=\"wp-block-image size-large\"><img loading=\"lazy\" decoding=\"async\" width=\"1024\" height=\"652\" data-id=\"540803\" src=\"https:\/\/diariodominicano.com\/wp-content\/uploads\/2024\/06\/SURA-apadrina-el-primer-concierto-experimental-sinfonico-benefico-de-FUNDARMONIARTES-con-mas-de-100-ninos-Vietnam-Los-Mina-en-escena-1024x652.jpeg\" alt=\"\" class=\"wp-image-540803\" srcset=\"https:\/\/diariodominicano.com\/wp-content\/uploads\/2024\/06\/SURA-apadrina-el-primer-concierto-experimental-sinfonico-benefico-de-FUNDARMONIARTES-con-mas-de-100-ninos-Vietnam-Los-Mina-en-escena-1024x652.jpeg 1024w, https:\/\/diariodominicano.com\/wp-content\/uploads\/2024\/06\/SURA-apadrina-el-primer-concierto-experimental-sinfonico-benefico-de-FUNDARMONIARTES-con-mas-de-100-ninos-Vietnam-Los-Mina-en-escena-300x191.jpeg 300w, https:\/\/diariodominicano.com\/wp-content\/uploads\/2024\/06\/SURA-apadrina-el-primer-concierto-experimental-sinfonico-benefico-de-FUNDARMONIARTES-con-mas-de-100-ninos-Vietnam-Los-Mina-en-escena-768x489.jpeg 768w, https:\/\/diariodominicano.com\/wp-content\/uploads\/2024\/06\/SURA-apadrina-el-primer-concierto-experimental-sinfonico-benefico-de-FUNDARMONIARTES-con-mas-de-100-ninos-Vietnam-Los-Mina-en-escena-1536x978.jpeg 1536w, https:\/\/diariodominicano.com\/wp-content\/uploads\/2024\/06\/SURA-apadrina-el-primer-concierto-experimental-sinfonico-benefico-de-FUNDARMONIARTES-con-mas-de-100-ninos-Vietnam-Los-Mina-en-escena-816x520.jpeg 816w, https:\/\/diariodominicano.com\/wp-content\/uploads\/2024\/06\/SURA-apadrina-el-primer-concierto-experimental-sinfonico-benefico-de-FUNDARMONIARTES-con-mas-de-100-ninos-Vietnam-Los-Mina-en-escena.jpeg 1600w\" sizes=\"auto, (max-width: 1024px) 100vw, 1024px\" \/><\/figure>\n<\/figure>\n\n\n\n<p>Asimismo, se\u00f1al\u00f3 \u00abqueremos seguir siendo portavoces de todo lo que fortalezca el conocimiento y el bienestar de nuestra sociedad y una de las formas para lograrlo es mediante el fomento del arte y la cultura\u00bb.<\/p>\n\n\n\n<p>De su lado, Estefania S\u00e1nchez, l\u00edder de Arte y Cultura de Seguros SURA, destaco que: \u201cla m\u00fasica estimula los sentidos, transforma y proporciona herramientas para mejorar nuestro entorno. Como empresa, buscamos apoyar el arte, la m\u00fasica y la cultura en nuestro pa\u00eds para lograr un impacto positivo en las generaciones <\/p>\n\n\n\n<figure class=\"wp-block-gallery has-nested-images columns-default is-cropped wp-block-gallery-5 is-layout-flex wp-block-gallery-is-layout-flex\">\n<figure class=\"wp-block-image size-large\"><img loading=\"lazy\" decoding=\"async\" width=\"1024\" height=\"682\" data-id=\"540804\" src=\"https:\/\/diariodominicano.com\/wp-content\/uploads\/2024\/06\/SURA-apadrina-el-primer-concierto-experimental-sinfonico-benefico-de-FUNDARMONIARTES-1024x682.jpeg\" alt=\"\" class=\"wp-image-540804\" srcset=\"https:\/\/diariodominicano.com\/wp-content\/uploads\/2024\/06\/SURA-apadrina-el-primer-concierto-experimental-sinfonico-benefico-de-FUNDARMONIARTES-1024x682.jpeg 1024w, https:\/\/diariodominicano.com\/wp-content\/uploads\/2024\/06\/SURA-apadrina-el-primer-concierto-experimental-sinfonico-benefico-de-FUNDARMONIARTES-300x200.jpeg 300w, https:\/\/diariodominicano.com\/wp-content\/uploads\/2024\/06\/SURA-apadrina-el-primer-concierto-experimental-sinfonico-benefico-de-FUNDARMONIARTES-768x512.jpeg 768w, https:\/\/diariodominicano.com\/wp-content\/uploads\/2024\/06\/SURA-apadrina-el-primer-concierto-experimental-sinfonico-benefico-de-FUNDARMONIARTES-1536x1023.jpeg 1536w, https:\/\/diariodominicano.com\/wp-content\/uploads\/2024\/06\/SURA-apadrina-el-primer-concierto-experimental-sinfonico-benefico-de-FUNDARMONIARTES-816x544.jpeg 816w, https:\/\/diariodominicano.com\/wp-content\/uploads\/2024\/06\/SURA-apadrina-el-primer-concierto-experimental-sinfonico-benefico-de-FUNDARMONIARTES.jpeg 1600w\" sizes=\"auto, (max-width: 1024px) 100vw, 1024px\" \/><\/figure>\n\n\n\n<figure class=\"wp-block-image size-large\"><img loading=\"lazy\" decoding=\"async\" width=\"1024\" height=\"652\" data-id=\"540803\" src=\"https:\/\/diariodominicano.com\/wp-content\/uploads\/2024\/06\/SURA-apadrina-el-primer-concierto-experimental-sinfonico-benefico-de-FUNDARMONIARTES-con-mas-de-100-ninos-Vietnam-Los-Mina-en-escena-1024x652.jpeg\" alt=\"\" class=\"wp-image-540803\" srcset=\"https:\/\/diariodominicano.com\/wp-content\/uploads\/2024\/06\/SURA-apadrina-el-primer-concierto-experimental-sinfonico-benefico-de-FUNDARMONIARTES-con-mas-de-100-ninos-Vietnam-Los-Mina-en-escena-1024x652.jpeg 1024w, https:\/\/diariodominicano.com\/wp-content\/uploads\/2024\/06\/SURA-apadrina-el-primer-concierto-experimental-sinfonico-benefico-de-FUNDARMONIARTES-con-mas-de-100-ninos-Vietnam-Los-Mina-en-escena-300x191.jpeg 300w, https:\/\/diariodominicano.com\/wp-content\/uploads\/2024\/06\/SURA-apadrina-el-primer-concierto-experimental-sinfonico-benefico-de-FUNDARMONIARTES-con-mas-de-100-ninos-Vietnam-Los-Mina-en-escena-768x489.jpeg 768w, https:\/\/diariodominicano.com\/wp-content\/uploads\/2024\/06\/SURA-apadrina-el-primer-concierto-experimental-sinfonico-benefico-de-FUNDARMONIARTES-con-mas-de-100-ninos-Vietnam-Los-Mina-en-escena-1536x978.jpeg 1536w, https:\/\/diariodominicano.com\/wp-content\/uploads\/2024\/06\/SURA-apadrina-el-primer-concierto-experimental-sinfonico-benefico-de-FUNDARMONIARTES-con-mas-de-100-ninos-Vietnam-Los-Mina-en-escena-816x520.jpeg 816w, https:\/\/diariodominicano.com\/wp-content\/uploads\/2024\/06\/SURA-apadrina-el-primer-concierto-experimental-sinfonico-benefico-de-FUNDARMONIARTES-con-mas-de-100-ninos-Vietnam-Los-Mina-en-escena.jpeg 1600w\" sizes=\"auto, (max-width: 1024px) 100vw, 1024px\" \/><\/figure>\n<\/figure>\n\n\n\n<p>venideras\u201d.<\/p>\n\n\n\n<p>Durante el concierto, Seguros SURA dio un especial reconocimiento a los maestros y directivos de FUNDARMONIARTES, destacando la gran labor que realizan y reconoci\u00e9ndoles su dedicaci\u00f3n y compromiso en la formaci\u00f3n art\u00edstica y cultural.\u00a0<\/p>\n\n\n\n<figure class=\"wp-block-gallery has-nested-images columns-default is-cropped wp-block-gallery-6 is-layout-flex wp-block-gallery-is-layout-flex\">\n<figure class=\"wp-block-image size-large\"><img loading=\"lazy\" decoding=\"async\" width=\"1024\" height=\"682\" data-id=\"540802\" src=\"https:\/\/diariodominicano.com\/wp-content\/uploads\/2024\/06\/SURA-apadrina-el-primer-concierto-experimental-sinfonico-benefico-de-FUNDARMONIARTES-mas-de-100-ninos-de-Vietnam-Los-Mina-en-escena-1024x682.jpeg\" alt=\"\" class=\"wp-image-540802\" srcset=\"https:\/\/diariodominicano.com\/wp-content\/uploads\/2024\/06\/SURA-apadrina-el-primer-concierto-experimental-sinfonico-benefico-de-FUNDARMONIARTES-mas-de-100-ninos-de-Vietnam-Los-Mina-en-escena-1024x682.jpeg 1024w, https:\/\/diariodominicano.com\/wp-content\/uploads\/2024\/06\/SURA-apadrina-el-primer-concierto-experimental-sinfonico-benefico-de-FUNDARMONIARTES-mas-de-100-ninos-de-Vietnam-Los-Mina-en-escena-300x200.jpeg 300w, https:\/\/diariodominicano.com\/wp-content\/uploads\/2024\/06\/SURA-apadrina-el-primer-concierto-experimental-sinfonico-benefico-de-FUNDARMONIARTES-mas-de-100-ninos-de-Vietnam-Los-Mina-en-escena-768x512.jpeg 768w, https:\/\/diariodominicano.com\/wp-content\/uploads\/2024\/06\/SURA-apadrina-el-primer-concierto-experimental-sinfonico-benefico-de-FUNDARMONIARTES-mas-de-100-ninos-de-Vietnam-Los-Mina-en-escena-1536x1023.jpeg 1536w, https:\/\/diariodominicano.com\/wp-content\/uploads\/2024\/06\/SURA-apadrina-el-primer-concierto-experimental-sinfonico-benefico-de-FUNDARMONIARTES-mas-de-100-ninos-de-Vietnam-Los-Mina-en-escena-816x544.jpeg 816w, https:\/\/diariodominicano.com\/wp-content\/uploads\/2024\/06\/SURA-apadrina-el-primer-concierto-experimental-sinfonico-benefico-de-FUNDARMONIARTES-mas-de-100-ninos-de-Vietnam-Los-Mina-en-escena.jpeg 1600w\" sizes=\"auto, (max-width: 1024px) 100vw, 1024px\" \/><\/figure>\n<\/figure>\n\n\n\n<p>\u201cEs impresionante el efecto de la m\u00fasica en el ser humano porque transforma para bien, cambia la manera de pensar y ofrece oportunidades m\u00e1s all\u00e1 de lo que podemos imaginar\u201d expres\u00f3 Liquedia Ventura, presidente de la fundaci\u00f3n. FUNDARMONIARTES ha demostrado que es posible vivir en armon\u00eda a trav\u00e9s de las artes.<\/p>\n\n\n\n<figure class=\"wp-block-gallery has-nested-images columns-default is-cropped wp-block-gallery-7 is-layout-flex wp-block-gallery-is-layout-flex\">\n<figure class=\"wp-block-image size-large\"><img loading=\"lazy\" decoding=\"async\" width=\"1024\" height=\"682\" data-id=\"540806\" src=\"https:\/\/diariodominicano.com\/wp-content\/uploads\/2024\/06\/SURA-apadrina-el-primer-concierto-experimental-sinfonico-benefico-FUNDARMONIARTES-1024x682.jpeg\" alt=\"\" class=\"wp-image-540806\" srcset=\"https:\/\/diariodominicano.com\/wp-content\/uploads\/2024\/06\/SURA-apadrina-el-primer-concierto-experimental-sinfonico-benefico-FUNDARMONIARTES-1024x682.jpeg 1024w, https:\/\/diariodominicano.com\/wp-content\/uploads\/2024\/06\/SURA-apadrina-el-primer-concierto-experimental-sinfonico-benefico-FUNDARMONIARTES-300x200.jpeg 300w, https:\/\/diariodominicano.com\/wp-content\/uploads\/2024\/06\/SURA-apadrina-el-primer-concierto-experimental-sinfonico-benefico-FUNDARMONIARTES-768x512.jpeg 768w, https:\/\/diariodominicano.com\/wp-content\/uploads\/2024\/06\/SURA-apadrina-el-primer-concierto-experimental-sinfonico-benefico-FUNDARMONIARTES-1536x1023.jpeg 1536w, https:\/\/diariodominicano.com\/wp-content\/uploads\/2024\/06\/SURA-apadrina-el-primer-concierto-experimental-sinfonico-benefico-FUNDARMONIARTES-816x544.jpeg 816w, https:\/\/diariodominicano.com\/wp-content\/uploads\/2024\/06\/SURA-apadrina-el-primer-concierto-experimental-sinfonico-benefico-FUNDARMONIARTES.jpeg 1600w\" sizes=\"auto, (max-width: 1024px) 100vw, 1024px\" \/><\/figure>\n<\/figure>\n\n\n\n<p>FUNDARMONIARTES fue fundada por la familia Ventura Espinoza, Lidia Espinoza y Roque Ventura, junto a sus hijas, quienes han creado un hogar musical donde inculcan valores como la empat\u00eda, el amor y la creatividad. Cada miembro aporta su talento y dedicaci\u00f3n, haciendo de esta iniciativa un legado de servicio y pasi\u00f3n por la m\u00fasica.<\/p>\n\n\n\n<p><strong>G\u00e9nesis B\u00e1ez<\/strong>\u00a0&lt;gbaez@mgpr.com.do> <\/p>\n","protected":false},"excerpt":{"rendered":"<p>La fundaci\u00f3n FUNDARMONIARTES rescata y fomenta valores en ni\u00f1os y adolescentes de escasos recursos a trav\u00e9s de la m\u00fasica y actividades culturales. Santo Domingo.&nbsp;&nbsp;Seguros SURA, a trav\u00e9s de su iniciativa de Arte y Cultura, en conjunto con FUNDARMONIARTES realizaron un concierto ben\u00e9fico llamado \u201cLa alegr\u00eda de vivir entre melod\u00edas\u201d, en el que 125 ni\u00f1os, adolescentes [&hellip;]<\/p>\n","protected":false},"author":7,"featured_media":540799,"comment_status":"closed","ping_status":"closed","sticky":false,"template":"","format":"standard","meta":{"footnotes":""},"categories":[25],"tags":[],"class_list":["post-540750","post","type-post","status-publish","format-standard","has-post-thumbnail","hentry","category-gente"],"_links":{"self":[{"href":"https:\/\/diariodominicano.com\/index.php?rest_route=\/wp\/v2\/posts\/540750","targetHints":{"allow":["GET"]}}],"collection":[{"href":"https:\/\/diariodominicano.com\/index.php?rest_route=\/wp\/v2\/posts"}],"about":[{"href":"https:\/\/diariodominicano.com\/index.php?rest_route=\/wp\/v2\/types\/post"}],"author":[{"embeddable":true,"href":"https:\/\/diariodominicano.com\/index.php?rest_route=\/wp\/v2\/users\/7"}],"replies":[{"embeddable":true,"href":"https:\/\/diariodominicano.com\/index.php?rest_route=%2Fwp%2Fv2%2Fcomments&post=540750"}],"version-history":[{"count":1,"href":"https:\/\/diariodominicano.com\/index.php?rest_route=\/wp\/v2\/posts\/540750\/revisions"}],"predecessor-version":[{"id":540814,"href":"https:\/\/diariodominicano.com\/index.php?rest_route=\/wp\/v2\/posts\/540750\/revisions\/540814"}],"wp:featuredmedia":[{"embeddable":true,"href":"https:\/\/diariodominicano.com\/index.php?rest_route=\/wp\/v2\/media\/540799"}],"wp:attachment":[{"href":"https:\/\/diariodominicano.com\/index.php?rest_route=%2Fwp%2Fv2%2Fmedia&parent=540750"}],"wp:term":[{"taxonomy":"category","embeddable":true,"href":"https:\/\/diariodominicano.com\/index.php?rest_route=%2Fwp%2Fv2%2Fcategories&post=540750"},{"taxonomy":"post_tag","embeddable":true,"href":"https:\/\/diariodominicano.com\/index.php?rest_route=%2Fwp%2Fv2%2Ftags&post=540750"}],"curies":[{"name":"wp","href":"https:\/\/api.w.org\/{rel}","templated":true}]}}