{"id":54073,"date":"2020-04-03T02:27:40","date_gmt":"2020-04-03T02:27:40","guid":{"rendered":"http:\/\/diariodominicano.ddns.net\/?p=54073"},"modified":"2020-04-03T02:27:40","modified_gmt":"2020-04-03T02:27:40","slug":"el-ministro-de-cultura-se-une-al-dolor-del-sector-literario-por-la-muerte-de-rene-rodriguez-soriano","status":"publish","type":"post","link":"https:\/\/diariodominicano.com\/?p=54073","title":{"rendered":"El ministro de Cultura se une al dolor del sector literario por la muerte de Ren\u00e9 Rodr\u00edguez Soriano"},"content":{"rendered":"<p><body><\/p>\n<p><img decoding=\"async\" src=\"img3\/rene e00.jpg\" \/><br \/><img decoding=\"async\" src=\"img3\/Eduardo Selman, ministro de Cultura. (2).jpg\" \/>  <\/p>\n<p>El ministro de Cultura se une al dolor del sector literario por la muerte de Ren\u00e9 Rodr\u00edguez Soriano<\/p>\n<\/p>\n<\/p>\n<p>El ministro de Cultura, arquitecto Eduardo Selman, se uni\u00f3 al dolor que embarga el sector literario de Rep\u00fablica Dominicana por la inesperada muerte del escritor Ren\u00e9 Rodr\u00edguez Soriano.<\/p>\n<\/p>\n<\/p>\n<p>\u00abLamentamos el fallecimiento de este distinguido escritor dominicano cuyo legado literario ha sido valorado y reconocido por su originalidad y creatividad\u00bb, expres\u00f3.<\/p>\n<\/p>\n<\/p>\n<p>El ministro Eduardo Selman destac\u00f3 que aunque el escritor vivi\u00f3 los \u00faltimos a\u00f1os de su vida en Estados Unidos, nunca perdi\u00f3 el contacto con Rep\u00fablica Dominicana, la que visitaba frecuentemente para participar en eventos literarios.<\/p>\n<\/p>\n<\/p>\n<p>El deceso del  escritor se produjo el martes 31 de marzo en Texas, Estados Unidos.<\/p>\n<\/p>\n<\/p>\n<p>Desde 1970, Ren\u00e9 Rodr\u00edguez Soriano llev\u00f3 su aut\u00e9ntico quehacer literario con firmeza, consistencia y originalidad, destac\u00e1ndose como cuentista, poeta, cronista, cr\u00edtico y editor.<\/p>\n<\/p>\n<\/p>\n<p>Sus obras y sus logros<\/p>\n<\/p>\n<p>Rodr\u00edguez Soriano recibi\u00f3 importantes galardones como el Talent Seekers International Award 2009-2010, el Premio UCE de Poes\u00eda 2008, el Premio UCE de Novela 2007, el Premio Nacional de Cuentos Jos\u00e9 Ram\u00f3n L\u00f3pez de Rep\u00fablica Dominicana (1997) y el Casa de Teatro (1996).<\/p>\n<\/p>\n<p>De los libros de su autor\u00eda, publicados en todos los g\u00e9neros sobresalen: Nave sorda (2015), El nombre olvidado (2015), Solo de flauta (2013), Tientos y trotes (2011), Rumor de pez (Premio UCE de Poes\u00eda, 2008), Apunte a l\u00e1piz (2007), El mal del tiempo (Premio UCE de Novela, 2007), S\u00f3lo de vez en cuando (2005), Queda la m\u00fasica (2003), entre otros.<\/p>\n<\/p>\n<p>Su ida en estos momentos de la pandemia del coronavirus Covid-19 pone a la literatura dominicana en luto silencioso.<\/p>\n<\/p>\n<p>Direcci\u00f3n de Comunicaciones<\/p>\n<p>Ministerio de Cultura de la Rep\u00fablica Dominicana<\/p>\n<h6> 2020-04-03 02:27:40 <\/h6>\n<p><!--\n<link rel=\"stylesheet\" href=\"css\/bootstrap.min.css\">\n\n\n<ul class=\"pagination\">\n\t    \n\t\n\n<li >\n\t<a href='?page_no=624'>Previous<\/a>\n\t<\/li>\n\n\n       \n    \n\n<li><a href='?page_no=1'>1<\/a><\/li>\n\n\n\n<li><a href='?page_no=2'>2<\/a><\/li>\n\n\n\n<li><a>...<\/a><\/li>\n\n\n\n<li><a href='?page_no=623'>623<\/a><\/li>\n\n\n\n<li><a href='?page_no=624'>624<\/a><\/li>\n\n\n\n<li class='active'><a>625<\/a><\/li>\n\n\n\n<li><a href='?page_no=626'>626<\/a><\/li>\n\n\n\n<li><a href='?page_no=627'>627<\/a><\/li>\n\n\n\n<li><a>...<\/a><\/li>\n\n\n\n<li><a href='?page_no=22911'>22911<\/a><\/li>\n\n\n\n<li><a href='?page_no=22912'>22912<\/a><\/li>\n\n    \n\t\n\n<li >\n\t<a href='?page_no=626'>Next<\/a>\n\t<\/li>\n\n\n    \n\n<li><a href='?page_no=22912'>Last &rsaquo;&rsaquo;<\/a><\/li>\n\n<\/ul>\n\n\n--><br \/>\n<\/body><\/p>\n","protected":false},"excerpt":{"rendered":"<p>El ministro de Cultura se une al dolor del sector literario por la muerte de Ren\u00e9 Rodr\u00edguez Soriano El ministro de Cultura, arquitecto Eduardo Selman, se uni\u00f3 al dolor que embarga el sector literario de Rep\u00fablica Dominicana por la inesperada muerte del escritor Ren\u00e9 Rodr\u00edguez Soriano. \u00abLamentamos el fallecimiento de este distinguido escritor dominicano cuyo [&hellip;]<\/p>\n","protected":false},"author":3,"featured_media":0,"comment_status":"open","ping_status":"open","sticky":false,"template":"","format":"standard","meta":{"footnotes":""},"categories":[21],"tags":[],"class_list":["post-54073","post","type-post","status-publish","format-standard","hentry","category-cultura"],"_links":{"self":[{"href":"https:\/\/diariodominicano.com\/index.php?rest_route=\/wp\/v2\/posts\/54073","targetHints":{"allow":["GET"]}}],"collection":[{"href":"https:\/\/diariodominicano.com\/index.php?rest_route=\/wp\/v2\/posts"}],"about":[{"href":"https:\/\/diariodominicano.com\/index.php?rest_route=\/wp\/v2\/types\/post"}],"author":[{"embeddable":true,"href":"https:\/\/diariodominicano.com\/index.php?rest_route=\/wp\/v2\/users\/3"}],"replies":[{"embeddable":true,"href":"https:\/\/diariodominicano.com\/index.php?rest_route=%2Fwp%2Fv2%2Fcomments&post=54073"}],"version-history":[{"count":0,"href":"https:\/\/diariodominicano.com\/index.php?rest_route=\/wp\/v2\/posts\/54073\/revisions"}],"wp:attachment":[{"href":"https:\/\/diariodominicano.com\/index.php?rest_route=%2Fwp%2Fv2%2Fmedia&parent=54073"}],"wp:term":[{"taxonomy":"category","embeddable":true,"href":"https:\/\/diariodominicano.com\/index.php?rest_route=%2Fwp%2Fv2%2Fcategories&post=54073"},{"taxonomy":"post_tag","embeddable":true,"href":"https:\/\/diariodominicano.com\/index.php?rest_route=%2Fwp%2Fv2%2Ftags&post=54073"}],"curies":[{"name":"wp","href":"https:\/\/api.w.org\/{rel}","templated":true}]}}