{"id":540701,"date":"2024-06-26T10:33:28","date_gmt":"2024-06-26T14:33:28","guid":{"rendered":"https:\/\/diariodominicano.com\/?p=540701"},"modified":"2024-06-26T10:33:34","modified_gmt":"2024-06-26T14:33:34","slug":"fiscalia-obtiene-30-anos-de-prision-contra-hombre-que-asesino-a-otro-en-sabana-perdida","status":"publish","type":"post","link":"https:\/\/diariodominicano.com\/?p=540701","title":{"rendered":"Fiscal\u00eda obtiene 30 a\u00f1os de prisi\u00f3n contra hombre que asesin\u00f3 a otro en Sabana Perdida"},"content":{"rendered":"\n<p>diariodominicano.com<\/p>\n\n\n\n<p><strong>Santo Domingo Norte, R. D.,<\/strong>\u2002<strong>26 de junio, 2024.\u2013<\/strong>\u00a0La Fiscal\u00eda de Santo Domingo Este y Norte obtuvo una condena de 30 a\u00f1os de prisi\u00f3n, y una indemnizaci\u00f3n de un mill\u00f3n de pesos, en contra de un hombre que, por viejas rencillas, asesin\u00f3 a otro de un disparo, en un hecho ocurrido en el a\u00f1o 2021, en el barrio La Loter\u00eda de Sabana Perdida, en Villa Mella, Santo Domingo Norte.<\/p>\n\n\n\n<p>La condena le fue impuesta a V\u00edctor Alejandro Garc\u00eda Jim\u00e9nez, por jueces del Quinto Tribunal Colegiado, que integran los magistrados Julio Aybar Ortiz, Laisa Matos Dur\u00e1n y Nelcy Xiomara Ortega Ram\u00edrez, por el asesinato occiso Albert D\u00edaz.&nbsp;&nbsp;<\/p>\n\n\n\n<p>Durante el juicio, el Ministerio P\u00fablico, representado por la fiscal litigante Ivette Mateo, mostr\u00f3 ante el tribunal suficientes elementos de prueba que demuestran la responsabilidad penal del hoy procesado, por haber violentado los art\u00edculos 265, 266, 295, 296, 297, 298 y 302 del C\u00f3digo Penal Dominicano, sobre asociaci\u00f3n de malhechores y muerte con premeditaci\u00f3n, as\u00ed como tambi\u00e9n los art\u00edculos 66 y 67 de la Ley 631-16, sobre el control de armas, municiones y materiales relacionados.<\/p>\n\n\n\n<p>La investigaci\u00f3n instrumentada por el fiscal investigador Wilson D\u00edaz, revela que el suceso ocurri\u00f3 el 8 de noviembre de 2021, aproximadamente a las 9:30 de la ma\u00f1ana, cuando la v\u00edctima se dirig\u00eda a su residencia en compa\u00f1\u00eda de su novia, momento en el que fueron interceptados por el encartado V\u00edctor Alejandro Garc\u00eda Jim\u00e9nez y un tal Luisito (pr\u00f3fugo).<\/p>\n\n\n\n<p>La novia de la v\u00edctima manifest\u00f3 que vio el momento en el que el tal Luisito le pas\u00f3 el arma de fuego al encartado, quien, motivado por viejas rencillas, sin mediar palabras le propin\u00f3 al hoy occiso un disparo en el t\u00f3rax que le caus\u00f3 la muerte.<strong><\/strong><\/p>\n\n\n\n<p><strong>Direcci\u00f3n General de Comunicaci\u00f3n, Prensa, y RRPP<\/strong><strong><\/strong><\/p>\n\n\n\n<p>Ministerio P\u00fablico.&nbsp;R.D.<\/p>\n\n\n\n<p>Mi\u00e9rcoles, 26 de junio de 2024<\/p>\n","protected":false},"excerpt":{"rendered":"<p>diariodominicano.com Santo Domingo Norte, R. D.,\u200226 de junio, 2024.\u2013\u00a0La Fiscal\u00eda de Santo Domingo Este y Norte obtuvo una condena de 30 a\u00f1os de prisi\u00f3n, y una indemnizaci\u00f3n de un mill\u00f3n de pesos, en contra de un hombre que, por viejas rencillas, asesin\u00f3 a otro de un disparo, en un hecho ocurrido en el a\u00f1o 2021, [&hellip;]<\/p>\n","protected":false},"author":5,"featured_media":493761,"comment_status":"closed","ping_status":"closed","sticky":true,"template":"","format":"standard","meta":{"footnotes":""},"categories":[24,27],"tags":[],"class_list":["post-540701","post","type-post","status-publish","format-standard","has-post-thumbnail","hentry","category-justicia-y-derecho","category-portada"],"_links":{"self":[{"href":"https:\/\/diariodominicano.com\/index.php?rest_route=\/wp\/v2\/posts\/540701","targetHints":{"allow":["GET"]}}],"collection":[{"href":"https:\/\/diariodominicano.com\/index.php?rest_route=\/wp\/v2\/posts"}],"about":[{"href":"https:\/\/diariodominicano.com\/index.php?rest_route=\/wp\/v2\/types\/post"}],"author":[{"embeddable":true,"href":"https:\/\/diariodominicano.com\/index.php?rest_route=\/wp\/v2\/users\/5"}],"replies":[{"embeddable":true,"href":"https:\/\/diariodominicano.com\/index.php?rest_route=%2Fwp%2Fv2%2Fcomments&post=540701"}],"version-history":[{"count":1,"href":"https:\/\/diariodominicano.com\/index.php?rest_route=\/wp\/v2\/posts\/540701\/revisions"}],"predecessor-version":[{"id":540702,"href":"https:\/\/diariodominicano.com\/index.php?rest_route=\/wp\/v2\/posts\/540701\/revisions\/540702"}],"wp:featuredmedia":[{"embeddable":true,"href":"https:\/\/diariodominicano.com\/index.php?rest_route=\/wp\/v2\/media\/493761"}],"wp:attachment":[{"href":"https:\/\/diariodominicano.com\/index.php?rest_route=%2Fwp%2Fv2%2Fmedia&parent=540701"}],"wp:term":[{"taxonomy":"category","embeddable":true,"href":"https:\/\/diariodominicano.com\/index.php?rest_route=%2Fwp%2Fv2%2Fcategories&post=540701"},{"taxonomy":"post_tag","embeddable":true,"href":"https:\/\/diariodominicano.com\/index.php?rest_route=%2Fwp%2Fv2%2Ftags&post=540701"}],"curies":[{"name":"wp","href":"https:\/\/api.w.org\/{rel}","templated":true}]}}