{"id":540687,"date":"2024-06-26T09:21:59","date_gmt":"2024-06-26T13:21:59","guid":{"rendered":"https:\/\/diariodominicano.com\/?p=540687"},"modified":"2024-06-26T09:22:07","modified_gmt":"2024-06-26T13:22:07","slug":"el-primer-ministro-de-haiti-promete-recuperar-el-pais-tras-arribo-de-primeros-policias-kenianos","status":"publish","type":"post","link":"https:\/\/diariodominicano.com\/?p=540687","title":{"rendered":"El primer ministro de Hait\u00ed promete recuperar el pa\u00eds tras arribo de primeros polic\u00edas kenianos"},"content":{"rendered":"\n<p>La Polic\u00eda Nacional de Hait\u00ed hace guardia durante el Festival de M\u00fasica de Saint Pierre en Petionville tras la llegada del primer contingente de polic\u00eda de Kenia como parte de una misi\u00f3n de mantenimiento de la paz, en Puerto Pr\u00edncipe, Hait\u00ed, el 25 de junio de 2024.<\/p>\n\n\n\n<p>junio 26, 2024<\/p>\n\n\n\n<ul class=\"wp-block-list\">\n<li><a href=\"https:\/\/www.vozdeamerica.com\/author\/reuters\/riv_i\">Reuters<\/a><\/li>\n<\/ul>\n\n\n\n<hr class=\"wp-block-separator has-alpha-channel-opacity\"\/>\n\n\n\n<p><a href=\"https:\/\/www.vozdeamerica.com\/a\/el-primer-ministro-de-haiti-promete-recuperar-el-pais-tras-arribo-de-primeros-policias-kenianos\/7674307.html#comments\">&nbsp;Vea comentarios<\/a><\/p>\n\n\n\n<p>El premier haitiano, Garry Conille, pidi\u00f3 confianza en la efectividad de la misi\u00f3n internacional para controlar la violencia causada por las pandillas en el pa\u00eds. Conille insisti\u00f3, no obstante, que este trabajo comenzar\u00eda \u00ablentamente\u00bb.<\/p>\n\n\n\n<p>PUERTO PR\u00cdNCIPE \u2014&nbsp;<\/p>\n\n\n\n<p>El primer contingente de polic\u00edas kenianos&nbsp;<strong><em><a href=\"https:\/\/www.vozdeamerica.com\/a\/haiti-primer-contingente-kenia-mision-onu\/7669507.html\" target=\"_blank\" rel=\"noreferrer noopener\">lleg\u00f3 el martes a la capital haitiana<\/a><\/em><\/strong>&nbsp;para poner en marcha una misi\u00f3n de mantenimiento de paz largamente esperada en el pa\u00eds caribe\u00f1o, asolado por la violencia de las bandas, pero las protestas en el pa\u00eds suscitaban dudas.<\/p>\n\n\n\n<p>\u00abPor fin la fuerza multinacional est\u00e1 aqu\u00ed para apoyar a nuestra polic\u00eda nacional\u00bb, dijo el primer ministro haitiano, Garry Conille, en una rueda de prensa, afirmando que el trabajo para retomar el pa\u00eds comenzar\u00eda \u00ablentamente, sin grandes combates a menos que sea necesario\u00bb.<\/p>\n\n\n\n<p>\u00abPero quiero que nadie dude de nuestros objetivos\u00bb, dijo. \u00abEl Estado recuperar\u00e1 el poder y reafirmar\u00e1 su autoridad para que todos los haitianos puedan vivir en paz en este pa\u00eds\u00bb.<\/p>\n\n\n\n<p><video poster=\"https:\/\/gdb.voanews.com\/01000000-0aff-0242-f2f9-08dc9533cdf1_tv_w650_r1.jpg\" src=\"blob:https:\/\/www.vozdeamerica.com\/bb27c139-fba9-4223-8e72-e080d23fe699\"><\/video><\/p>\n\n\n\n<p>&nbsp;INSERTAR&nbsp;SHARE<\/p>\n\n\n\n<h5 class=\"wp-block-heading\"><a href=\"https:\/\/www.vozdeamerica.com\/a\/el-primer-ministro-de-haiti-promete-recuperar-el-pais-tras-arribo-de-primeros-policias-kenianos\/7669636.html\" target=\"_blank\" rel=\"noreferrer noopener\">Llega a Hait\u00ed primer contingente de polic\u00edas kenianos apoyado por la ONU para combatir violencia<\/a><\/h5>\n\n\n\n<hr class=\"wp-block-separator has-alpha-channel-opacity\"\/>\n\n\n\n<p><a href=\"https:\/\/www.vozdeamerica.com\/embed\/player\/Article\/7669636.html?type=video&amp;FullScreenMode=True\" target=\"_blank\" rel=\"noreferrer noopener\"><\/a><\/p>\n\n\n\n<p>&nbsp;Descargar&nbsp;<\/p>\n\n\n\n<p>La misi\u00f3n fue solicitada por primera vez por el anterior Gobierno de Hait\u00ed en 2022. Pero el apoyo decay\u00f3 y el predecesor de Conille se vio obligado a dimitir a principios de marzo despu\u00e9s de viajar a Nairobi para asegurar el apoyo de Kenia mientras la violencia se intensificaba de nuevo en Hait\u00ed.<\/p>\n\n\n\n<p>Las guerras entre bandas han desplazado a m\u00e1s de medio mill\u00f3n de personas y casi cinco millones se enfrentan a una grave inseguridad alimentaria. Los grupos armados, que ahora controlan la mayor parte de la capital, han formado una amplia alianza que ha llevado a cabo asesinatos generalizados, secuestros y violencia sexual.<\/p>\n\n\n\n<p>\u00abEl \u00fanico prop\u00f3sito de Kenia es servir como agentes de paz\u00bb, dijo en rueda de prensa la ministra keniana de Asuntos Exteriores, Monica Juma, quien afirm\u00f3 que la polic\u00eda dar\u00eda prioridad a la protecci\u00f3n de los civiles, a la apertura de rutas para la circulaci\u00f3n de personas, mercanc\u00edas y ayuda humanitaria, y a la protecci\u00f3n de las instituciones estatales.<\/p>\n","protected":false},"excerpt":{"rendered":"<p>La Polic\u00eda Nacional de Hait\u00ed hace guardia durante el Festival de M\u00fasica de Saint Pierre en Petionville tras la llegada del primer contingente de polic\u00eda de Kenia como parte de una misi\u00f3n de mantenimiento de la paz, en Puerto Pr\u00edncipe, Hait\u00ed, el 25 de junio de 2024. junio 26, 2024 &nbsp;Vea comentarios El premier haitiano, [&hellip;]<\/p>\n","protected":false},"author":28,"featured_media":540688,"comment_status":"closed","ping_status":"closed","sticky":true,"template":"","format":"standard","meta":{"footnotes":""},"categories":[112,23,27],"tags":[],"class_list":["post-540687","post","type-post","status-publish","format-standard","has-post-thumbnail","hentry","category-haiti","category-internacional","category-portada"],"_links":{"self":[{"href":"https:\/\/diariodominicano.com\/index.php?rest_route=\/wp\/v2\/posts\/540687","targetHints":{"allow":["GET"]}}],"collection":[{"href":"https:\/\/diariodominicano.com\/index.php?rest_route=\/wp\/v2\/posts"}],"about":[{"href":"https:\/\/diariodominicano.com\/index.php?rest_route=\/wp\/v2\/types\/post"}],"author":[{"embeddable":true,"href":"https:\/\/diariodominicano.com\/index.php?rest_route=\/wp\/v2\/users\/28"}],"replies":[{"embeddable":true,"href":"https:\/\/diariodominicano.com\/index.php?rest_route=%2Fwp%2Fv2%2Fcomments&post=540687"}],"version-history":[{"count":1,"href":"https:\/\/diariodominicano.com\/index.php?rest_route=\/wp\/v2\/posts\/540687\/revisions"}],"predecessor-version":[{"id":540689,"href":"https:\/\/diariodominicano.com\/index.php?rest_route=\/wp\/v2\/posts\/540687\/revisions\/540689"}],"wp:featuredmedia":[{"embeddable":true,"href":"https:\/\/diariodominicano.com\/index.php?rest_route=\/wp\/v2\/media\/540688"}],"wp:attachment":[{"href":"https:\/\/diariodominicano.com\/index.php?rest_route=%2Fwp%2Fv2%2Fmedia&parent=540687"}],"wp:term":[{"taxonomy":"category","embeddable":true,"href":"https:\/\/diariodominicano.com\/index.php?rest_route=%2Fwp%2Fv2%2Fcategories&post=540687"},{"taxonomy":"post_tag","embeddable":true,"href":"https:\/\/diariodominicano.com\/index.php?rest_route=%2Fwp%2Fv2%2Ftags&post=540687"}],"curies":[{"name":"wp","href":"https:\/\/api.w.org\/{rel}","templated":true}]}}