{"id":540683,"date":"2024-06-26T09:15:47","date_gmt":"2024-06-26T13:15:47","guid":{"rendered":"https:\/\/diariodominicano.com\/?p=540683"},"modified":"2024-06-26T09:15:53","modified_gmt":"2024-06-26T13:15:53","slug":"eeuu-anuncia-un-indulto-a-soldados-veteranos-condenados-por-el-ejercito-por-relaciones-homosexuales","status":"publish","type":"post","link":"https:\/\/diariodominicano.com\/?p=540683","title":{"rendered":"EEUU anuncia un indulto a soldados veteranos condenados por el ej\u00e9rcito por relaciones homosexuales"},"content":{"rendered":"\n<p>ARCHIVO &#8211; Militares estadounidenses rezan antes de la llegada del presidente Barack Obama a la base del Cuerpo de Marines en Camp Pendleton en California, el 7 de agosto de 2013.<\/p>\n\n\n\n<p>junio 26, 2024<\/p>\n\n\n\n<ul class=\"wp-block-list\">\n<li><a href=\"https:\/\/www.vozdeamerica.com\/author\/reuters\/riv_i\">Reuters<\/a><\/li>\n<\/ul>\n\n\n\n<hr class=\"wp-block-separator has-alpha-channel-opacity\"\/>\n\n\n\n<p><a href=\"https:\/\/www.vozdeamerica.com\/a\/eeuu-anuncia-un-indulto-a-soldados-veteranos-condenados-por-el-ejercito-por-relaciones-homosexuales\/7674356.html#comments\">&nbsp;Vea comentarios<\/a><\/p>\n\n\n\n<p>El presidente de EEUU, Joe Biden, indult\u00f3 a veteranos militares que fueron expulsados del ej\u00e9rcito por tener relaciones sexuales consentidas entre hombres, ilegal hasta 2013. A partir de ahora, estos podr\u00e1n solicitar un cambio en el expediente sobre las razones de la baja.<\/p>\n\n\n\n<p>WASHINGTON \u2014&nbsp;<\/p>\n\n\n\n<p>El presidente de Estados Unidos, Joe Biden, emiti\u00f3 el mi\u00e9rcoles una proclamaci\u00f3n que pondr\u00eda en marcha un proceso para indultar a los veteranos estadounidenses condenados por el ej\u00e9rcito por mantener relaciones sexuales homosexuales, lo que era ilegal hasta que la disposici\u00f3n fue derogada a finales de 2013.<\/p>\n\n\n\n<p>El Gobierno de Biden estima que la proclamaci\u00f3n podr\u00eda afectar a miles de individuos condenados por conducta sexual consentida y que podr\u00edan ser elegibles para un indulto, dijeron altos cargos de la administraci\u00f3n.<\/p>\n\n\n\n<p>\u00abLos miembros del servicio de nuestra naci\u00f3n est\u00e1n en primera l\u00ednea de la libertad y arriesgan sus vidas para defender a nuestro pa\u00eds\u00bb, dijo Biden en un comunicado.<\/p>\n\n\n\n<p>\u00abA pesar de su valent\u00eda y gran sacrificio, miles de miembros del servicio LGBTQI+ se vieron obligados a abandonar el ej\u00e9rcito debido a su orientaci\u00f3n sexual o identidad de g\u00e9nero\u00bb.<\/p>\n\n\n\n<p><video poster=\"https:\/\/gdb.voanews.com\/01000000-0aff-0242-96d9-08dc80f3ac1f_w650_r1.jpg\" src=\"blob:https:\/\/www.vozdeamerica.com\/2470351c-2b61-4d03-8ea1-23019cd0965b\"><\/video><\/p>\n\n\n\n<p>&nbsp;INSERTAR&nbsp;SHARE<\/p>\n\n\n\n<h5 class=\"wp-block-heading\"><a href=\"https:\/\/www.vozdeamerica.com\/a\/eeuu-anuncia-un-indulto-a-soldados-veteranos-condenados-por-el-ejercito-por-relaciones-homosexuales\/7636666.html\" target=\"_blank\" rel=\"noreferrer noopener\">Biden y Trump difieren sobre la fuerza armada de EEUU<\/a><\/h5>\n\n\n\n<p>\u00a0I<\/p>\n\n\n\n<ul class=\"wp-block-list\">\n<li><a href=\"https:\/\/facebook.com\/sharer.php?u=https%3a%2f%2fwww.vozdeamerica.com%2fa%2f7636666.html\" target=\"_blank\" rel=\"noreferrer noopener\">Comparta en Facebook<\/a><\/li>\n\n\n\n<li><a href=\"https:\/\/twitter.com\/share?url=https%3a%2f%2fwww.vozdeamerica.com%2fa%2f7636666.html&amp;text=Biden+y+Trump+difieren+sobre+la+fuerza+armada+de+EEUU\" target=\"_blank\" rel=\"noreferrer noopener\">Comparta en Twitter<\/a><\/li>\n<\/ul>\n\n\n\n<p><a href=\"https:\/\/www.vozdeamerica.com\/embed\/player\/Article\/7636666.html?type=video&amp;FullScreenMode=True\" target=\"_blank\" rel=\"noreferrer noopener\"><\/a><\/p>\n\n\n\n<p>&nbsp;Descargar&nbsp;<\/p>\n\n\n\n<p>Las personas afectadas pueden solicitar una prueba de que pueden ser elegibles y si reciben un certificado de indulto, entonces pueden solicitar que se cambie la caracterizaci\u00f3n de su baja, dijeron los altos cargos.<\/p>\n\n\n\n<p>La administraci\u00f3n est\u00e1 considerando formas de llegar a las personas que podr\u00edan ser elegibles para el indulto, seg\u00fan los responsables.<\/p>\n\n\n\n<p>A finales de 2013, el Senado de Estados Unidos aprob\u00f3 una medida que inclu\u00eda la derogaci\u00f3n de la prohibici\u00f3n militar de las relaciones sexuales consentidas, definidas en el art\u00edculo 125 del C\u00f3digo Uniforme de Justicia Militar como \u00abc\u00f3pula carnal no natural\u00bb, seg\u00fan la Uni\u00f3n Estadounidense de Libertades Civiles (ACLU, por sus siglas en ingl\u00e9s).<\/p>\n\n\n\n<p>El Senado envi\u00f3 la medida al expresidente Barack Obama para que la firmara.<\/p>\n\n\n\n<p>Biden fue vicepresidente de Obama.<\/p>\n","protected":false},"excerpt":{"rendered":"<p>ARCHIVO &#8211; Militares estadounidenses rezan antes de la llegada del presidente Barack Obama a la base del Cuerpo de Marines en Camp Pendleton en California, el 7 de agosto de 2013. junio 26, 2024 &nbsp;Vea comentarios El presidente de EEUU, Joe Biden, indult\u00f3 a veteranos militares que fueron expulsados del ej\u00e9rcito por tener relaciones sexuales [&hellip;]<\/p>\n","protected":false},"author":28,"featured_media":540684,"comment_status":"closed","ping_status":"closed","sticky":true,"template":"","format":"standard","meta":{"footnotes":""},"categories":[36,25,23],"tags":[],"class_list":["post-540683","post","type-post","status-publish","format-standard","has-post-thumbnail","hentry","category-hombresmujeresycosas","category-gente","category-internacional"],"_links":{"self":[{"href":"https:\/\/diariodominicano.com\/index.php?rest_route=\/wp\/v2\/posts\/540683","targetHints":{"allow":["GET"]}}],"collection":[{"href":"https:\/\/diariodominicano.com\/index.php?rest_route=\/wp\/v2\/posts"}],"about":[{"href":"https:\/\/diariodominicano.com\/index.php?rest_route=\/wp\/v2\/types\/post"}],"author":[{"embeddable":true,"href":"https:\/\/diariodominicano.com\/index.php?rest_route=\/wp\/v2\/users\/28"}],"replies":[{"embeddable":true,"href":"https:\/\/diariodominicano.com\/index.php?rest_route=%2Fwp%2Fv2%2Fcomments&post=540683"}],"version-history":[{"count":1,"href":"https:\/\/diariodominicano.com\/index.php?rest_route=\/wp\/v2\/posts\/540683\/revisions"}],"predecessor-version":[{"id":540685,"href":"https:\/\/diariodominicano.com\/index.php?rest_route=\/wp\/v2\/posts\/540683\/revisions\/540685"}],"wp:featuredmedia":[{"embeddable":true,"href":"https:\/\/diariodominicano.com\/index.php?rest_route=\/wp\/v2\/media\/540684"}],"wp:attachment":[{"href":"https:\/\/diariodominicano.com\/index.php?rest_route=%2Fwp%2Fv2%2Fmedia&parent=540683"}],"wp:term":[{"taxonomy":"category","embeddable":true,"href":"https:\/\/diariodominicano.com\/index.php?rest_route=%2Fwp%2Fv2%2Fcategories&post=540683"},{"taxonomy":"post_tag","embeddable":true,"href":"https:\/\/diariodominicano.com\/index.php?rest_route=%2Fwp%2Fv2%2Ftags&post=540683"}],"curies":[{"name":"wp","href":"https:\/\/api.w.org\/{rel}","templated":true}]}}