{"id":54029,"date":"2020-05-11T18:19:11","date_gmt":"2020-05-11T18:19:11","guid":{"rendered":"http:\/\/diariodominicano.ddns.net\/?p=54029"},"modified":"2020-05-11T18:19:11","modified_gmt":"2020-05-11T18:19:11","slug":"el-ministro-de-cultura-expresa-profundo-pesar-por-fallecimiento-del-artista-plastico-jorge-severino","status":"publish","type":"post","link":"https:\/\/diariodominicano.com\/?p=54029","title":{"rendered":"El ministro de Cultura expresa profundo pesar por fallecimiento del artista pl\u00e1stico Jorge Severino"},"content":{"rendered":"<p><body><\/p>\n<p><img decoding=\"async\" src=\"img3\/Jorge Severino 1.jpg\" \/><br \/><img decoding=\"async\" src=\"img3\/Eduardo Selman0.jpg\" \/>  <\/p>\n<p><strong>Diariodominicano.com<\/strong><\/p>\n<p><strong>El ministro de Cultura expresa profundo pesar por fallecimiento del artista pl\u00e1stico Jorge Severino<\/strong><\/p>\n<p><strong>Santo Domingo.-<\/strong> El ministro de Cultura, arquitecto Eduardo Selman, manifest\u00f3 profundo pesar por la muerte del reconocido pintor dominicano Jorge Severino, quien falleci\u00f3 la madrugada de este lunes 11 de mayo, a la edad de 84 a\u00f1os.<\/p>\n<\/p>\n<p>Al referirse al legado del artista pl\u00e1stico, el ministro Selman destac\u00f3 sus virtudes pintor, en donde siempre dej\u00f3 al descubierto su admiraci\u00f3n por la mujer criolla en todos sus \u00e1mbitos y facetas.<\/p>\n<\/p>\n<p>El funcionario destac\u00f3 que Jorge Severino deja una impronta digna de imitar, por su extraordinaria y prol\u00edfica producci\u00f3n art\u00edstica, la cual ha sido valorada, tanto en el pa\u00eds como en el extranjero.<\/p>\n<\/p>\n<p>\u00abLa comunidad art\u00edstica y cultural pierde a un referente de la pl\u00e1stica dominicana, con una trayectoria impecable que ha sido reconocida en diversos escenarios art\u00edsticos en todo el mundo\u00bb, expres\u00f3.<\/p>\n<\/p>\n<p>El ministro de Cultura expres\u00f3 sus condolencias p\u00fablicas a los familiares de Severino: \u00aben mi nombre y de todo el personal del Ministerio de Cultura, porque se nos ha ido uno de los grandes de las artes pl\u00e1sticas dominicanas\u00bb.<\/p>\n<\/p>\n<p>Jorge Severino fue reconocido en el 2019 por el Ministerio de Cultura con el Premio Nacional de Artes Visuales, \u00abpor entrega creativa a las artes pl\u00e1sticas y por ser un ciudadano ejemplar\u00bb.<\/p>\n<\/p>\n<p>Su historial<\/p>\n<\/p>\n<p>Severino es uno de los artistas pl\u00e1sticos dominicanos m\u00e1s galardonados, en el \u00e1mbito local e internacional. Su obra comenz\u00f3 a tener trascendencia al ganar el Segundo Premio del IV Concurso Anual de E. Le\u00f3n Jimenes, en el a\u00f1o 1968. A partir de ese momento, se destac\u00f3 por su gran trabajo como pintor y acuarelista, siendo la mujer la principal fuente de inspiraci\u00f3n de sus obras.<\/p>\n<\/p>\n<p>Severino expuso sus pinturas en varios pa\u00edses como Brasil, Argentina, Estados Unidos, y otros pertenecientes a Europa. <\/p>\n<\/p>\n<p>Tambi\u00e9n en diferentes colectivas en Rep\u00fablica Dominicana y otros pa\u00edses extranjeros. Tal es el caso de: Mujeres en el Arte Dominicano de Hoy, Voluntariado de Las Casas Reales, Casa de Bastidas, en 1993; III Sal\u00f3n Nacional de Dibujos, Arawak, 1994; Exposici\u00f3n Colectiva de los ganadores de las ediciones Bienales XVII y XVIII, Centro de Arte Nouveau; Instituto Cultural de San Juan, Puerto Rico; Arte Actual de Ibero Am\u00e9rica, de Madrid, Espa\u00f1a, entre otras.<\/p>\n<\/p>\n<p>Direcci\u00f3n de Comunicaciones<\/p>\n<p>Ministerio de Cultura de la Rep\u00fablica Dominicana<\/p>\n<h6> 2020-05-11 18:19:11 <\/h6>\n<p><!--\n<link rel=\"stylesheet\" href=\"css\/bootstrap.min.css\">\n\n\n<ul class=\"pagination\">\n\t    \n\t\n\n<li >\n\t<a href='?page_no=620'>Previous<\/a>\n\t<\/li>\n\n\n       \n    \n\n<li><a href='?page_no=1'>1<\/a><\/li>\n\n\n\n<li><a href='?page_no=2'>2<\/a><\/li>\n\n\n\n<li><a>...<\/a><\/li>\n\n\n\n<li><a href='?page_no=619'>619<\/a><\/li>\n\n\n\n<li><a href='?page_no=620'>620<\/a><\/li>\n\n\n\n<li class='active'><a>621<\/a><\/li>\n\n\n\n<li><a href='?page_no=622'>622<\/a><\/li>\n\n\n\n<li><a href='?page_no=623'>623<\/a><\/li>\n\n\n\n<li><a>...<\/a><\/li>\n\n\n\n<li><a href='?page_no=22911'>22911<\/a><\/li>\n\n\n\n<li><a href='?page_no=22912'>22912<\/a><\/li>\n\n    \n\t\n\n<li >\n\t<a href='?page_no=622'>Next<\/a>\n\t<\/li>\n\n\n    \n\n<li><a href='?page_no=22912'>Last &rsaquo;&rsaquo;<\/a><\/li>\n\n<\/ul>\n\n\n--><br \/>\n<\/body><\/p>\n","protected":false},"excerpt":{"rendered":"<p>Diariodominicano.com El ministro de Cultura expresa profundo pesar por fallecimiento del artista pl\u00e1stico Jorge Severino Santo Domingo.- El ministro de Cultura, arquitecto Eduardo Selman, manifest\u00f3 profundo pesar por la muerte del reconocido pintor dominicano Jorge Severino, quien falleci\u00f3 la madrugada de este lunes 11 de mayo, a la edad de 84 a\u00f1os. Al referirse al [&hellip;]<\/p>\n","protected":false},"author":3,"featured_media":0,"comment_status":"open","ping_status":"open","sticky":false,"template":"","format":"standard","meta":{"footnotes":""},"categories":[21],"tags":[],"class_list":["post-54029","post","type-post","status-publish","format-standard","hentry","category-cultura"],"_links":{"self":[{"href":"https:\/\/diariodominicano.com\/index.php?rest_route=\/wp\/v2\/posts\/54029","targetHints":{"allow":["GET"]}}],"collection":[{"href":"https:\/\/diariodominicano.com\/index.php?rest_route=\/wp\/v2\/posts"}],"about":[{"href":"https:\/\/diariodominicano.com\/index.php?rest_route=\/wp\/v2\/types\/post"}],"author":[{"embeddable":true,"href":"https:\/\/diariodominicano.com\/index.php?rest_route=\/wp\/v2\/users\/3"}],"replies":[{"embeddable":true,"href":"https:\/\/diariodominicano.com\/index.php?rest_route=%2Fwp%2Fv2%2Fcomments&post=54029"}],"version-history":[{"count":0,"href":"https:\/\/diariodominicano.com\/index.php?rest_route=\/wp\/v2\/posts\/54029\/revisions"}],"wp:attachment":[{"href":"https:\/\/diariodominicano.com\/index.php?rest_route=%2Fwp%2Fv2%2Fmedia&parent=54029"}],"wp:term":[{"taxonomy":"category","embeddable":true,"href":"https:\/\/diariodominicano.com\/index.php?rest_route=%2Fwp%2Fv2%2Fcategories&post=54029"},{"taxonomy":"post_tag","embeddable":true,"href":"https:\/\/diariodominicano.com\/index.php?rest_route=%2Fwp%2Fv2%2Ftags&post=54029"}],"curies":[{"name":"wp","href":"https:\/\/api.w.org\/{rel}","templated":true}]}}