{"id":54018,"date":"2020-05-11T19:54:05","date_gmt":"2020-05-11T19:54:05","guid":{"rendered":"http:\/\/diariodominicano.ddns.net\/?p=54018"},"modified":"2020-05-11T19:54:05","modified_gmt":"2020-05-11T19:54:05","slug":"china-presenta-plan-para-dia-internacional-de-los-museos-mientras-disminuye-epidemia","status":"publish","type":"post","link":"https:\/\/diariodominicano.com\/?p=54018","title":{"rendered":"China presenta plan para D\u00eda Internacional de los Museos mientras disminuye epidemia"},"content":{"rendered":"<p><body><\/p>\n<p><img decoding=\"async\" src=\"img3\/Museo-China11-5.jpg\" \/>  <\/p>\n<p>diariodominicano.com<\/p>\n<\/p>\n<p><span class=\"text1noticias\">   BEIJING, 11 may (Xinhua) &#8212; China anunci\u00f3 hoy lunes las actividades y eventos que se llevar\u00e1n a cabo en el pa\u00eds por el pr\u00f3ximo D\u00eda Internacional de los Museos, mientras la epidemia del coronavirus disminuye.<\/span><\/p>\n<\/p>\n<p><span class=\"text1noticias\">   El Museo de Nanjing, en la provincia oriental de Jiangsu, organizar\u00e1 el principal evento por el D\u00eda Internacional de los Museos, que se celebra el 18 de mayo, de acuerdo con la Administraci\u00f3n Estatal de Patrimonio Cultural (AEPC).<\/span><\/p>\n<\/p>\n<p><span class=\"text1noticias\">   Una exhibici\u00f3n especial con una selecci\u00f3n de m\u00e1s de 200 reliquias culturales que datan del Per\u00edodo de Primavera y Oto\u00f1o (770-476 a.C.) y del Per\u00edodo de los Estados Guerreros (475-221 a.C.) hasta la Dinast\u00eda Han (202 a.C.-220 d.C.) se realizar\u00e1 en conjunto por ocho instituciones culturales, entre ellas el Museo de Nanjing y el Museo de Henan, para conmemorar el d\u00eda, dijo Gong Liang, curador del Museo de Nanjing, en conferencia de prensa.<\/span><\/p>\n<\/p>\n<p><span class=\"text1noticias\">   Con el tema \u00abMuseos por la Igualdad: Diversidad e Inclusi\u00f3n\u00bb, la campa\u00f1a de este a\u00f1o por el D\u00eda Internacional de los Museos tambi\u00e9n incluir\u00e1 actividades especiales realizadas en torno al 18 de mayo en otros lugares de China. El objetivo es construir plataformas de comunicaci\u00f3n entre museos y el p\u00fablico, dijo la AEPC.<\/span><\/p>\n<\/p>\n<p><span class=\"text1noticias\">   Para rendir homenaje a los m\u00e9dicos, una serie de materiales que muestran los esfuerzos colectivos de China en el combate contra la epidemia ser\u00e1n donados al Museo de Nanjing en la ceremonia de inauguraci\u00f3n del evento principal, indic\u00f3 la AEPC. Fin<\/span><\/p>\n<h6> 2020-05-11 19:54:05 <\/h6>\n<p><!--\n<link rel=\"stylesheet\" href=\"css\/bootstrap.min.css\">\n\n\n<ul class=\"pagination\">\n\t    \n\t\n\n<li >\n\t<a href='?page_no=619'>Previous<\/a>\n\t<\/li>\n\n\n       \n    \n\n<li><a href='?page_no=1'>1<\/a><\/li>\n\n\n\n<li><a href='?page_no=2'>2<\/a><\/li>\n\n\n\n<li><a>...<\/a><\/li>\n\n\n\n<li><a href='?page_no=618'>618<\/a><\/li>\n\n\n\n<li><a href='?page_no=619'>619<\/a><\/li>\n\n\n\n<li class='active'><a>620<\/a><\/li>\n\n\n\n<li><a href='?page_no=621'>621<\/a><\/li>\n\n\n\n<li><a href='?page_no=622'>622<\/a><\/li>\n\n\n\n<li><a>...<\/a><\/li>\n\n\n\n<li><a href='?page_no=22911'>22911<\/a><\/li>\n\n\n\n<li><a href='?page_no=22912'>22912<\/a><\/li>\n\n    \n\t\n\n<li >\n\t<a href='?page_no=621'>Next<\/a>\n\t<\/li>\n\n\n    \n\n<li><a href='?page_no=22912'>Last &rsaquo;&rsaquo;<\/a><\/li>\n\n<\/ul>\n\n\n--><br \/>\n<\/body><\/p>\n","protected":false},"excerpt":{"rendered":"<p>diariodominicano.com BEIJING, 11 may (Xinhua) &#8212; China anunci\u00f3 hoy lunes las actividades y eventos que se llevar\u00e1n a cabo en el pa\u00eds por el pr\u00f3ximo D\u00eda Internacional de los Museos, mientras la epidemia del coronavirus disminuye. El Museo de Nanjing, en la provincia oriental de Jiangsu, organizar\u00e1 el principal evento por el D\u00eda Internacional de [&hellip;]<\/p>\n","protected":false},"author":3,"featured_media":0,"comment_status":"open","ping_status":"open","sticky":false,"template":"","format":"standard","meta":{"footnotes":""},"categories":[21],"tags":[],"class_list":["post-54018","post","type-post","status-publish","format-standard","hentry","category-cultura"],"_links":{"self":[{"href":"https:\/\/diariodominicano.com\/index.php?rest_route=\/wp\/v2\/posts\/54018","targetHints":{"allow":["GET"]}}],"collection":[{"href":"https:\/\/diariodominicano.com\/index.php?rest_route=\/wp\/v2\/posts"}],"about":[{"href":"https:\/\/diariodominicano.com\/index.php?rest_route=\/wp\/v2\/types\/post"}],"author":[{"embeddable":true,"href":"https:\/\/diariodominicano.com\/index.php?rest_route=\/wp\/v2\/users\/3"}],"replies":[{"embeddable":true,"href":"https:\/\/diariodominicano.com\/index.php?rest_route=%2Fwp%2Fv2%2Fcomments&post=54018"}],"version-history":[{"count":0,"href":"https:\/\/diariodominicano.com\/index.php?rest_route=\/wp\/v2\/posts\/54018\/revisions"}],"wp:attachment":[{"href":"https:\/\/diariodominicano.com\/index.php?rest_route=%2Fwp%2Fv2%2Fmedia&parent=54018"}],"wp:term":[{"taxonomy":"category","embeddable":true,"href":"https:\/\/diariodominicano.com\/index.php?rest_route=%2Fwp%2Fv2%2Fcategories&post=54018"},{"taxonomy":"post_tag","embeddable":true,"href":"https:\/\/diariodominicano.com\/index.php?rest_route=%2Fwp%2Fv2%2Ftags&post=54018"}],"curies":[{"name":"wp","href":"https:\/\/api.w.org\/{rel}","templated":true}]}}