{"id":54017,"date":"2020-11-12T21:18:38","date_gmt":"2020-11-12T21:18:38","guid":{"rendered":"http:\/\/diariodominicano.ddns.net\/?p=54017"},"modified":"2020-11-12T21:18:38","modified_gmt":"2020-11-12T21:18:38","slug":"cineasta-franco-argentina-nelly-kaplan-muere-a-causa-de-covid-19","status":"publish","type":"post","link":"https:\/\/diariodominicano.com\/?p=54017","title":{"rendered":"Cineasta franco-argentina Nelly Kaplan muere a causa de Covid-19"},"content":{"rendered":"<p><body><\/p>\n<p><span class=\"text1noticias\">  <\/span><\/p>\n<p><span class=\"text1noticias\">diariodominicano.com<\/span><\/p>\n<p><span class=\"text1noticias\"> <\/span><\/p>\n<p><span class=\"text1noticias\">Par\u00eds, 12 nov (Prensa Latina) La cineasta franco-argentina Nelly Kaplan, devenida s\u00edmbolo de la Nouvelle Vague, falleci\u00f3 hoy en un hospital de la ciudad de Ginebra a los 89 a\u00f1os y debido a complicaciones de la Covid-19.<\/span><\/p>\n<p><span class=\"text1noticias\"> <\/span><\/p>\n<p><span class=\"text1noticias\">Directora de conocidos t\u00edtulos de la filmograf\u00eda francesa y mundial, la realizadora natural de Buenos Aires se distingui\u00f3 por su notable belleza y rebeld\u00eda ante las estructuras impuestas por el cine de masas.<\/span><\/p>\n<p><span class=\"text1noticias\"> <\/span><\/p>\n<p><span class=\"text1noticias\">&#8216;Quer\u00eda huir de esta sociedad suramericana donde ser ni\u00f1a equival\u00eda a: s\u00e9 buena y c\u00e1llate&#8217;, comentaba la propia artista al referirse a sus a\u00f1os de juventud cuando molde\u00f3 su afici\u00f3n al cine viendo pel\u00edculas en el Coliseo Palermo.<\/span><\/p>\n<p><span class=\"text1noticias\"> <\/span><\/p>\n<p><span class=\"text1noticias\">Su primera aparici\u00f3n como cineasta fue en la Muestra de Venecia con la cinta La novia del pirata (1969), la cual trajo pol\u00e9mica en la sociedad de la \u00e9poca, sobre todo entre los defensores del feminismo que no compart\u00edan los preceptos enarbolados en la cinta.<\/span><\/p>\n<p><span class=\"text1noticias\"> <\/span><\/p>\n<p><span class=\"text1noticias\">La carrera art\u00edstica de Kaplan tuvo mucha influencia de la corriente surrealista por lo que estuvo vinculada con varios exponentes de este movimiento, especialmente con el escritor, poeta, ensayista y te\u00f3rico Andr\u00e9 Breton.<\/span><\/p>\n<p><span class=\"text1noticias\"> <\/span><\/p>\n<p><span class=\"text1noticias\">Kaplan tambi\u00e9n fue reconocida por sus relaciones con notables intelectuales como el director pionero del cine mudo Abel Gance y el poeta Philippe Soupault; y por sus textos er\u00f3ticos que rozaron la censura.<\/span><\/p>\n<p><span class=\"text1noticias\"> <\/span><\/p>\n<p><span class=\"text1noticias\">La Nouvelle Vague fue el t\u00edtulo para designar a un nuevo grupo de cineastas franceses surgido a finales de la d\u00e9cada de 1950 que luchaban por la libertad de expresi\u00f3n y la libertad t\u00e9cnica en el campo de la producci\u00f3n f\u00edlmica.<\/span><\/p>\n<\/p>\n<p>jcm\/yrv<\/p>\n<h6> 2020-11-12 21:18:38 <\/h6>\n<p><!--\n<link rel=\"stylesheet\" href=\"css\/bootstrap.min.css\">\n\n\n<ul class=\"pagination\">\n\t    \n\t\n\n<li >\n\t<a href='?page_no=61'>Previous<\/a>\n\t<\/li>\n\n\n       \n    \n\n<li><a href='?page_no=1'>1<\/a><\/li>\n\n\n\n<li><a href='?page_no=2'>2<\/a><\/li>\n\n\n\n<li><a>...<\/a><\/li>\n\n\n\n<li><a href='?page_no=60'>60<\/a><\/li>\n\n\n\n<li><a href='?page_no=61'>61<\/a><\/li>\n\n\n\n<li class='active'><a>62<\/a><\/li>\n\n\n\n<li><a href='?page_no=63'>63<\/a><\/li>\n\n\n\n<li><a href='?page_no=64'>64<\/a><\/li>\n\n\n\n<li><a>...<\/a><\/li>\n\n\n\n<li><a href='?page_no=22911'>22911<\/a><\/li>\n\n\n\n<li><a href='?page_no=22912'>22912<\/a><\/li>\n\n    \n\t\n\n<li >\n\t<a href='?page_no=63'>Next<\/a>\n\t<\/li>\n\n\n    \n\n<li><a href='?page_no=22912'>Last &rsaquo;&rsaquo;<\/a><\/li>\n\n<\/ul>\n\n\n--><br \/>\n<\/body><\/p>\n","protected":false},"excerpt":{"rendered":"<p>diariodominicano.com Par\u00eds, 12 nov (Prensa Latina) La cineasta franco-argentina Nelly Kaplan, devenida s\u00edmbolo de la Nouvelle Vague, falleci\u00f3 hoy en un hospital de la ciudad de Ginebra a los 89 a\u00f1os y debido a complicaciones de la Covid-19. Directora de conocidos t\u00edtulos de la filmograf\u00eda francesa y mundial, la realizadora natural de Buenos Aires se [&hellip;]<\/p>\n","protected":false},"author":3,"featured_media":0,"comment_status":"open","ping_status":"open","sticky":false,"template":"","format":"standard","meta":{"footnotes":""},"categories":[21],"tags":[],"class_list":["post-54017","post","type-post","status-publish","format-standard","hentry","category-cultura"],"_links":{"self":[{"href":"https:\/\/diariodominicano.com\/index.php?rest_route=\/wp\/v2\/posts\/54017","targetHints":{"allow":["GET"]}}],"collection":[{"href":"https:\/\/diariodominicano.com\/index.php?rest_route=\/wp\/v2\/posts"}],"about":[{"href":"https:\/\/diariodominicano.com\/index.php?rest_route=\/wp\/v2\/types\/post"}],"author":[{"embeddable":true,"href":"https:\/\/diariodominicano.com\/index.php?rest_route=\/wp\/v2\/users\/3"}],"replies":[{"embeddable":true,"href":"https:\/\/diariodominicano.com\/index.php?rest_route=%2Fwp%2Fv2%2Fcomments&post=54017"}],"version-history":[{"count":0,"href":"https:\/\/diariodominicano.com\/index.php?rest_route=\/wp\/v2\/posts\/54017\/revisions"}],"wp:attachment":[{"href":"https:\/\/diariodominicano.com\/index.php?rest_route=%2Fwp%2Fv2%2Fmedia&parent=54017"}],"wp:term":[{"taxonomy":"category","embeddable":true,"href":"https:\/\/diariodominicano.com\/index.php?rest_route=%2Fwp%2Fv2%2Fcategories&post=54017"},{"taxonomy":"post_tag","embeddable":true,"href":"https:\/\/diariodominicano.com\/index.php?rest_route=%2Fwp%2Fv2%2Ftags&post=54017"}],"curies":[{"name":"wp","href":"https:\/\/api.w.org\/{rel}","templated":true}]}}