{"id":540057,"date":"2024-07-11T22:52:31","date_gmt":"2024-07-12T02:52:31","guid":{"rendered":"https:\/\/diariodominicano.com\/?p=540057"},"modified":"2024-07-11T22:52:33","modified_gmt":"2024-07-12T02:52:33","slug":"infotep-anuncia-conferencia-internacional-por-la-formacion-dual","status":"publish","type":"post","link":"https:\/\/diariodominicano.com\/?p=540057","title":{"rendered":"INFOTEP anuncia Conferencia Internacional por la Formaci\u00f3n Dual"},"content":{"rendered":"\n<p>Ser\u00e1 auspiciada por el Instituto Federal de Formaci\u00f3n Profesional de Alemania, la OIT, Cinterfor, Alianza para la Formaci\u00f3n Dual de Am\u00e9rica Latina y El Caribe y el INFOTEP<\/p>\n\n\n\n<p>Santo Domingo, -El Instituto Nacional de Formaci\u00f3n T\u00e9cnico Profesional (INFOTEP) anuncia la celebraci\u00f3n de la Conferencia Internacional de la Alianza para la Formaci\u00f3n Dual de Am\u00e9rica Latina y El Caribe, \u201cPerspectivas innovadoras &#8211; Nuevos enfoques para un futuro de calidad en la Formaci\u00f3n Dual\u201d.<\/p>\n\n\n\n<figure class=\"wp-block-gallery has-nested-images columns-default is-cropped wp-block-gallery-1 is-layout-flex wp-block-gallery-is-layout-flex\">\n<figure class=\"wp-block-image size-large\"><img loading=\"lazy\" decoding=\"async\" width=\"1024\" height=\"987\" data-id=\"540071\" src=\"https:\/\/diariodominicano.com\/wp-content\/uploads\/2024\/06\/Elena-Montobbio-directora-Cinterfor-1024x987.jpg\" alt=\"\" class=\"wp-image-540071\" srcset=\"https:\/\/diariodominicano.com\/wp-content\/uploads\/2024\/06\/Elena-Montobbio-directora-Cinterfor-1024x987.jpg 1024w, https:\/\/diariodominicano.com\/wp-content\/uploads\/2024\/06\/Elena-Montobbio-directora-Cinterfor-300x289.jpg 300w, https:\/\/diariodominicano.com\/wp-content\/uploads\/2024\/06\/Elena-Montobbio-directora-Cinterfor-768x740.jpg 768w, https:\/\/diariodominicano.com\/wp-content\/uploads\/2024\/06\/Elena-Montobbio-directora-Cinterfor-1536x1480.jpg 1536w, https:\/\/diariodominicano.com\/wp-content\/uploads\/2024\/06\/Elena-Montobbio-directora-Cinterfor-2048x1973.jpg 2048w, https:\/\/diariodominicano.com\/wp-content\/uploads\/2024\/06\/Elena-Montobbio-directora-Cinterfor-816x786.jpg 816w\" sizes=\"auto, (max-width: 1024px) 100vw, 1024px\" \/><\/figure>\n<\/figure>\n\n\n\n<p>El c\u00f3nclave, en el que se dar\u00e1n cita m\u00e1s de 10 pa\u00edses de la regi\u00f3n, se realizar\u00e1 en el sal\u00f3n Las Am\u00e9ricas del hotel Crowne Plaza, en Santo Domingo, los d\u00edas 26, 27 y 28 de junio, a partir de las 8 de la ma\u00f1ana.<\/p>\n\n\n\n<figure class=\"wp-block-gallery has-nested-images columns-default is-cropped wp-block-gallery-2 is-layout-flex wp-block-gallery-is-layout-flex\">\n<figure class=\"wp-block-image size-large\"><img loading=\"lazy\" decoding=\"async\" width=\"750\" height=\"536\" data-id=\"540069\" src=\"https:\/\/diariodominicano.com\/wp-content\/uploads\/2024\/06\/Luis-Miguel-De-Camps-ministro-de-trabajo.jpg\" alt=\"\" class=\"wp-image-540069\" srcset=\"https:\/\/diariodominicano.com\/wp-content\/uploads\/2024\/06\/Luis-Miguel-De-Camps-ministro-de-trabajo.jpg 750w, https:\/\/diariodominicano.com\/wp-content\/uploads\/2024\/06\/Luis-Miguel-De-Camps-ministro-de-trabajo-300x214.jpg 300w\" sizes=\"auto, (max-width: 750px) 100vw, 750px\" \/><\/figure>\n<\/figure>\n\n\n\n<p>Adem\u00e1s del INFOTEP, auspician esta conferencia el Instituto Federal de Formaci\u00f3n Profesional de Alemania, la Organizaci\u00f3n Internacional del Trabajo y el Centro Interamericano para el Desarrollo del Conocimiento en la Formaci\u00f3n Profesional de la OIT (Cinterfor).<\/p>\n\n\n\n<figure class=\"wp-block-gallery has-nested-images columns-default is-cropped wp-block-gallery-3 is-layout-flex wp-block-gallery-is-layout-flex\">\n<figure class=\"wp-block-image size-large\"><img loading=\"lazy\" decoding=\"async\" width=\"847\" height=\"729\" data-id=\"540068\" src=\"https:\/\/diariodominicano.com\/wp-content\/uploads\/2024\/06\/Rafael-Santos-Badia-director-general-de-INFOTEP.jpg\" alt=\"\" class=\"wp-image-540068\" srcset=\"https:\/\/diariodominicano.com\/wp-content\/uploads\/2024\/06\/Rafael-Santos-Badia-director-general-de-INFOTEP.jpg 847w, https:\/\/diariodominicano.com\/wp-content\/uploads\/2024\/06\/Rafael-Santos-Badia-director-general-de-INFOTEP-300x258.jpg 300w, https:\/\/diariodominicano.com\/wp-content\/uploads\/2024\/06\/Rafael-Santos-Badia-director-general-de-INFOTEP-768x661.jpg 768w, https:\/\/diariodominicano.com\/wp-content\/uploads\/2024\/06\/Rafael-Santos-Badia-director-general-de-INFOTEP-816x702.jpg 816w\" sizes=\"auto, (max-width: 847px) 100vw, 847px\" \/><\/figure>\n<\/figure>\n\n\n\n<p>El discurso de introducci\u00f3n de la actividad estar\u00e1 a cargo del director del INFOTEP, Rafael Santos Bad\u00eda, mientras que, en el acto de apertura, participar\u00e1n Luis Miguel de Camps, ministro de Trabajo, Elena Montobbio, directora Cinterfor y Michael Wiechert, director de divisi\u00f3n y director adjunto del Instituto Federal de Formaci\u00f3n Profesional de Alemania.<\/p>\n\n\n\n<figure class=\"wp-block-gallery has-nested-images columns-default is-cropped wp-block-gallery-4 is-layout-flex wp-block-gallery-is-layout-flex\">\n<figure class=\"wp-block-image size-large\"><img loading=\"lazy\" decoding=\"async\" width=\"1024\" height=\"768\" data-id=\"540072\" src=\"https:\/\/diariodominicano.com\/wp-content\/uploads\/2024\/06\/Michael-Wiechert-director-de-division-y-director-adjunto-del-Instituto-Federal-de-Formacion-Profesional-de-Alemania-1024x768.jpg\" alt=\"\" class=\"wp-image-540072\" srcset=\"https:\/\/diariodominicano.com\/wp-content\/uploads\/2024\/06\/Michael-Wiechert-director-de-division-y-director-adjunto-del-Instituto-Federal-de-Formacion-Profesional-de-Alemania-1024x768.jpg 1024w, https:\/\/diariodominicano.com\/wp-content\/uploads\/2024\/06\/Michael-Wiechert-director-de-division-y-director-adjunto-del-Instituto-Federal-de-Formacion-Profesional-de-Alemania-300x225.jpg 300w, https:\/\/diariodominicano.com\/wp-content\/uploads\/2024\/06\/Michael-Wiechert-director-de-division-y-director-adjunto-del-Instituto-Federal-de-Formacion-Profesional-de-Alemania-768x576.jpg 768w, https:\/\/diariodominicano.com\/wp-content\/uploads\/2024\/06\/Michael-Wiechert-director-de-division-y-director-adjunto-del-Instituto-Federal-de-Formacion-Profesional-de-Alemania-816x612.jpg 816w, https:\/\/diariodominicano.com\/wp-content\/uploads\/2024\/06\/Michael-Wiechert-director-de-division-y-director-adjunto-del-Instituto-Federal-de-Formacion-Profesional-de-Alemania.jpg 1109w\" sizes=\"auto, (max-width: 1024px) 100vw, 1024px\" \/><\/figure>\n<\/figure>\n\n\n\n<p>Durante estos tres d\u00edas se desarrollar\u00e1n seis conferencias y cuatro paneles. Se ofrecer\u00e1n las conferencias: Recomendaci\u00f3n 208 sobre Aprendizaje de calidad, de la OIT; Calidad de la formaci\u00f3n dual, y Modelos para facilitar la participaci\u00f3n de las empresas en la formaci\u00f3n dual.<\/p>\n\n\n\n<p>Tambi\u00e9n el Rol de las organizaciones intermediarias en los sistemas de formaci\u00f3n dual, Formaci\u00f3n en alianzas y el modelo de un centro de coordinaci\u00f3n para la gesti\u00f3n externa.<\/p>\n\n\n\n<figure class=\"wp-block-gallery has-nested-images columns-default is-cropped wp-block-gallery-5 is-layout-flex wp-block-gallery-is-layout-flex\">\n<figure class=\"wp-block-image size-large\"><img loading=\"lazy\" decoding=\"async\" width=\"1024\" height=\"768\" data-id=\"540072\" src=\"https:\/\/diariodominicano.com\/wp-content\/uploads\/2024\/06\/Michael-Wiechert-director-de-division-y-director-adjunto-del-Instituto-Federal-de-Formacion-Profesional-de-Alemania-1024x768.jpg\" alt=\"\" class=\"wp-image-540072\" srcset=\"https:\/\/diariodominicano.com\/wp-content\/uploads\/2024\/06\/Michael-Wiechert-director-de-division-y-director-adjunto-del-Instituto-Federal-de-Formacion-Profesional-de-Alemania-1024x768.jpg 1024w, https:\/\/diariodominicano.com\/wp-content\/uploads\/2024\/06\/Michael-Wiechert-director-de-division-y-director-adjunto-del-Instituto-Federal-de-Formacion-Profesional-de-Alemania-300x225.jpg 300w, https:\/\/diariodominicano.com\/wp-content\/uploads\/2024\/06\/Michael-Wiechert-director-de-division-y-director-adjunto-del-Instituto-Federal-de-Formacion-Profesional-de-Alemania-768x576.jpg 768w, https:\/\/diariodominicano.com\/wp-content\/uploads\/2024\/06\/Michael-Wiechert-director-de-division-y-director-adjunto-del-Instituto-Federal-de-Formacion-Profesional-de-Alemania-816x612.jpg 816w, https:\/\/diariodominicano.com\/wp-content\/uploads\/2024\/06\/Michael-Wiechert-director-de-division-y-director-adjunto-del-Instituto-Federal-de-Formacion-Profesional-de-Alemania.jpg 1109w\" sizes=\"auto, (max-width: 1024px) 100vw, 1024px\" \/><\/figure>\n\n\n\n<figure class=\"wp-block-image size-large\"><img loading=\"lazy\" decoding=\"async\" width=\"1024\" height=\"987\" data-id=\"540071\" src=\"https:\/\/diariodominicano.com\/wp-content\/uploads\/2024\/06\/Elena-Montobbio-directora-Cinterfor-1024x987.jpg\" alt=\"\" class=\"wp-image-540071\" srcset=\"https:\/\/diariodominicano.com\/wp-content\/uploads\/2024\/06\/Elena-Montobbio-directora-Cinterfor-1024x987.jpg 1024w, https:\/\/diariodominicano.com\/wp-content\/uploads\/2024\/06\/Elena-Montobbio-directora-Cinterfor-300x289.jpg 300w, https:\/\/diariodominicano.com\/wp-content\/uploads\/2024\/06\/Elena-Montobbio-directora-Cinterfor-768x740.jpg 768w, https:\/\/diariodominicano.com\/wp-content\/uploads\/2024\/06\/Elena-Montobbio-directora-Cinterfor-1536x1480.jpg 1536w, https:\/\/diariodominicano.com\/wp-content\/uploads\/2024\/06\/Elena-Montobbio-directora-Cinterfor-2048x1973.jpg 2048w, https:\/\/diariodominicano.com\/wp-content\/uploads\/2024\/06\/Elena-Montobbio-directora-Cinterfor-816x786.jpg 816w\" sizes=\"auto, (max-width: 1024px) 100vw, 1024px\" \/><\/figure>\n\n\n\n<figure class=\"wp-block-image size-large\"><img loading=\"lazy\" decoding=\"async\" width=\"1024\" height=\"616\" data-id=\"540070\" src=\"https:\/\/diariodominicano.com\/wp-content\/uploads\/2024\/06\/Edificio-Corporativo-del-INFOTEP-1024x616.jpg\" alt=\"\" class=\"wp-image-540070\" srcset=\"https:\/\/diariodominicano.com\/wp-content\/uploads\/2024\/06\/Edificio-Corporativo-del-INFOTEP-1024x616.jpg 1024w, https:\/\/diariodominicano.com\/wp-content\/uploads\/2024\/06\/Edificio-Corporativo-del-INFOTEP-300x181.jpg 300w, https:\/\/diariodominicano.com\/wp-content\/uploads\/2024\/06\/Edificio-Corporativo-del-INFOTEP-768x462.jpg 768w, https:\/\/diariodominicano.com\/wp-content\/uploads\/2024\/06\/Edificio-Corporativo-del-INFOTEP-816x491.jpg 816w, https:\/\/diariodominicano.com\/wp-content\/uploads\/2024\/06\/Edificio-Corporativo-del-INFOTEP.jpg 1200w\" sizes=\"auto, (max-width: 1024px) 100vw, 1024px\" \/><\/figure>\n\n\n\n<figure class=\"wp-block-image size-large\"><img loading=\"lazy\" decoding=\"async\" width=\"750\" height=\"536\" data-id=\"540069\" src=\"https:\/\/diariodominicano.com\/wp-content\/uploads\/2024\/06\/Luis-Miguel-De-Camps-ministro-de-trabajo.jpg\" alt=\"\" class=\"wp-image-540069\" srcset=\"https:\/\/diariodominicano.com\/wp-content\/uploads\/2024\/06\/Luis-Miguel-De-Camps-ministro-de-trabajo.jpg 750w, https:\/\/diariodominicano.com\/wp-content\/uploads\/2024\/06\/Luis-Miguel-De-Camps-ministro-de-trabajo-300x214.jpg 300w\" sizes=\"auto, (max-width: 750px) 100vw, 750px\" \/><\/figure>\n\n\n\n<figure class=\"wp-block-image size-large\"><img loading=\"lazy\" decoding=\"async\" width=\"847\" height=\"729\" data-id=\"540068\" src=\"https:\/\/diariodominicano.com\/wp-content\/uploads\/2024\/06\/Rafael-Santos-Badia-director-general-de-INFOTEP.jpg\" alt=\"\" class=\"wp-image-540068\" srcset=\"https:\/\/diariodominicano.com\/wp-content\/uploads\/2024\/06\/Rafael-Santos-Badia-director-general-de-INFOTEP.jpg 847w, https:\/\/diariodominicano.com\/wp-content\/uploads\/2024\/06\/Rafael-Santos-Badia-director-general-de-INFOTEP-300x258.jpg 300w, https:\/\/diariodominicano.com\/wp-content\/uploads\/2024\/06\/Rafael-Santos-Badia-director-general-de-INFOTEP-768x661.jpg 768w, https:\/\/diariodominicano.com\/wp-content\/uploads\/2024\/06\/Rafael-Santos-Badia-director-general-de-INFOTEP-816x702.jpg 816w\" sizes=\"auto, (max-width: 847px) 100vw, 847px\" \/><\/figure>\n\n\n\n<figure class=\"wp-block-image size-large\"><img loading=\"lazy\" decoding=\"async\" width=\"1024\" height=\"1024\" data-id=\"540067\" src=\"https:\/\/diariodominicano.com\/wp-content\/uploads\/2024\/06\/Apertura-Conferencia-Internacional-De-La-Alianza-Para-La-Formacion-Dual-De-America-Latina-Y-El-Caribe-26-de-junio-1024x1024.jpg\" alt=\"\" class=\"wp-image-540067\" srcset=\"https:\/\/diariodominicano.com\/wp-content\/uploads\/2024\/06\/Apertura-Conferencia-Internacional-De-La-Alianza-Para-La-Formacion-Dual-De-America-Latina-Y-El-Caribe-26-de-junio-1024x1024.jpg 1024w, https:\/\/diariodominicano.com\/wp-content\/uploads\/2024\/06\/Apertura-Conferencia-Internacional-De-La-Alianza-Para-La-Formacion-Dual-De-America-Latina-Y-El-Caribe-26-de-junio-300x300.jpg 300w, https:\/\/diariodominicano.com\/wp-content\/uploads\/2024\/06\/Apertura-Conferencia-Internacional-De-La-Alianza-Para-La-Formacion-Dual-De-America-Latina-Y-El-Caribe-26-de-junio-150x150.jpg 150w, https:\/\/diariodominicano.com\/wp-content\/uploads\/2024\/06\/Apertura-Conferencia-Internacional-De-La-Alianza-Para-La-Formacion-Dual-De-America-Latina-Y-El-Caribe-26-de-junio-768x768.jpg 768w, https:\/\/diariodominicano.com\/wp-content\/uploads\/2024\/06\/Apertura-Conferencia-Internacional-De-La-Alianza-Para-La-Formacion-Dual-De-America-Latina-Y-El-Caribe-26-de-junio-88x88.jpg 88w, https:\/\/diariodominicano.com\/wp-content\/uploads\/2024\/06\/Apertura-Conferencia-Internacional-De-La-Alianza-Para-La-Formacion-Dual-De-America-Latina-Y-El-Caribe-26-de-junio-816x816.jpg 816w, https:\/\/diariodominicano.com\/wp-content\/uploads\/2024\/06\/Apertura-Conferencia-Internacional-De-La-Alianza-Para-La-Formacion-Dual-De-America-Latina-Y-El-Caribe-26-de-junio.jpg 1051w\" sizes=\"auto, (max-width: 1024px) 100vw, 1024px\" \/><\/figure>\n<\/figure>\n\n\n\n<p>En los paneles se abordar\u00e1n los temas: Di\u00e1logo social, -calidad y participaci\u00f3n en la formaci\u00f3n dual; Desarrollo curricular para la formaci\u00f3n dual; Formaci\u00f3n de docentes en el centro de formaci\u00f3n y monitoreo, y Experiencias y buenas pr\u00e1cticas en la implementaci\u00f3n del programa de formaci\u00f3n dual en Rep\u00fablica Dominicana.<\/p>\n\n\n\n<p>La Conferencia Internacional de la Alianza para la Formaci\u00f3n Dual de Am\u00e9rica Latina y El Caribe se transmitir\u00e1 v\u00eda You Tube. Los d\u00edas 26 y 27 de junio.<\/p>\n\n\n\n<p>Desir\u00e9e Mart\u00ednez<\/p>\n\n\n\n<p>Directora | Direcci\u00f3n de Comunicaciones<\/p>\n\n\n\n<p>O. 809-566-4161. Ext. 2338 |F.829-806-2542<\/p>\n\n\n\n<p>C\/Paseo de los Aviadores No.3, Ensanche Miraflores<\/p>\n\n\n\n<p>Distrito Nacional, Rep\u00fablica Dominicana.<\/p>\n\n\n\n<p>INFOTEP<\/p>\n\n\n\n<p>prensainfotep@infotep.gob.do\u2002<\/p>\n","protected":false},"excerpt":{"rendered":"<p>Ser\u00e1 auspiciada por el Instituto Federal de Formaci\u00f3n Profesional de Alemania, la OIT, Cinterfor, Alianza para la Formaci\u00f3n Dual de Am\u00e9rica Latina y El Caribe y el INFOTEP Santo Domingo, -El Instituto Nacional de Formaci\u00f3n T\u00e9cnico Profesional (INFOTEP) anuncia la celebraci\u00f3n de la Conferencia Internacional de la Alianza para la Formaci\u00f3n Dual de Am\u00e9rica Latina [&hellip;]<\/p>\n","protected":false},"author":7,"featured_media":0,"comment_status":"closed","ping_status":"closed","sticky":false,"template":"","format":"standard","meta":{"footnotes":""},"categories":[18],"tags":[],"class_list":["post-540057","post","type-post","status-publish","format-standard","hentry","category-economia"],"_links":{"self":[{"href":"https:\/\/diariodominicano.com\/index.php?rest_route=\/wp\/v2\/posts\/540057","targetHints":{"allow":["GET"]}}],"collection":[{"href":"https:\/\/diariodominicano.com\/index.php?rest_route=\/wp\/v2\/posts"}],"about":[{"href":"https:\/\/diariodominicano.com\/index.php?rest_route=\/wp\/v2\/types\/post"}],"author":[{"embeddable":true,"href":"https:\/\/diariodominicano.com\/index.php?rest_route=\/wp\/v2\/users\/7"}],"replies":[{"embeddable":true,"href":"https:\/\/diariodominicano.com\/index.php?rest_route=%2Fwp%2Fv2%2Fcomments&post=540057"}],"version-history":[{"count":1,"href":"https:\/\/diariodominicano.com\/index.php?rest_route=\/wp\/v2\/posts\/540057\/revisions"}],"predecessor-version":[{"id":544566,"href":"https:\/\/diariodominicano.com\/index.php?rest_route=\/wp\/v2\/posts\/540057\/revisions\/544566"}],"wp:attachment":[{"href":"https:\/\/diariodominicano.com\/index.php?rest_route=%2Fwp%2Fv2%2Fmedia&parent=540057"}],"wp:term":[{"taxonomy":"category","embeddable":true,"href":"https:\/\/diariodominicano.com\/index.php?rest_route=%2Fwp%2Fv2%2Fcategories&post=540057"},{"taxonomy":"post_tag","embeddable":true,"href":"https:\/\/diariodominicano.com\/index.php?rest_route=%2Fwp%2Fv2%2Ftags&post=540057"}],"curies":[{"name":"wp","href":"https:\/\/api.w.org\/{rel}","templated":true}]}}