{"id":539952,"date":"2024-06-23T09:39:28","date_gmt":"2024-06-23T13:39:28","guid":{"rendered":"https:\/\/diariodominicano.com\/?p=539952"},"modified":"2024-06-23T09:39:32","modified_gmt":"2024-06-23T13:39:32","slug":"compartiendo-dialogos-conmigo-mismo-33","status":"publish","type":"post","link":"https:\/\/diariodominicano.com\/?p=539952","title":{"rendered":"COMPARTIENDO DI\u00c1LOGOS CONMIGO MISMO"},"content":{"rendered":"\n<p><strong>EL AMOR DE CRISTO NOS ACTIVA;<\/strong><\/p>\n\n\n\n<p><strong>&nbsp;CON EL PAN VIVO QUE DA LA VIDA<\/strong><\/p>\n\n\n\n<p><strong><em>(La victoria definitiva es del Crucificado, que dobl\u00f3 la cabeza por todos, haci\u00e9ndonos criaturas renovadas; de modo que ya nadie ha de vivir para s\u00ed, sino para aquel que muri\u00f3 y resucit\u00f3 por nosotros. Lo viejo, pues, ya ha pasado. Ahora nos queda seguirle, a quien se despoj\u00f3 de su gloria para revestirnos de ella. Pong\u00e1monos a buscarle y a rebuscarle sin cesar, persistamos en llamar a la puerta de su coraz\u00f3n, estando vigilantes en la oraci\u00f3n y jubilosos en la alabanza).<\/em><\/strong><\/p>\n\n\n\n<p><strong>I.- \u00bfPOR QU\u00c9 TEN\u00c9IS MIEDO?<a><\/a><a><\/a><a><\/a><a><\/a><a><\/a><\/strong><\/p>\n\n\n\n<p>El amor puro no conoce el temor,<\/p>\n\n\n\n<p>reconoce al \u00fanico Se\u00f1or del orbe,<\/p>\n\n\n\n<p>al Verbo encarnado en mil versos,<\/p>\n\n\n\n<p>que nos estim\u00f3 hasta sacrificarse,<\/p>\n\n\n\n<p>por nosotros y fenecer en la cruz.<\/p>\n\n\n\n<p>Bebiendo de su Palabra, vivimos;<\/p>\n\n\n\n<p>y al vivir amando, nos elevamos;<\/p>\n\n\n\n<p>y al ennoblecer, nos despojamos;<\/p>\n\n\n\n<p>tanto de nuestras tristes miserias,<\/p>\n\n\n\n<p>como de cualquier pulso de duda. &nbsp;<\/p>\n\n\n\n<p>Lo meritorio es no transitar solos,<\/p>\n\n\n\n<p>contar siempre con los semejantes,<\/p>\n\n\n\n<p>pues es el recelo quien nos separa,<\/p>\n\n\n\n<p>y la uni\u00f3n lo que nos injerta la luz:<\/p>\n\n\n\n<p>la placidez con la suma de latidos. <a><\/a><\/p>\n\n\n\n<p><strong>II.- \u00bfCU\u00c1LES SON LOS CICLONES?<\/strong><\/p>\n\n\n\n<p>El poder celeste nos convoca a ser,<\/p>\n\n\n\n<p>el ser que se interioriza e interroga,<\/p>\n\n\n\n<p>sobre los vientos que nos derriban,<\/p>\n\n\n\n<p>haciendo del \u00e1rbol viviente un mal,<\/p>\n\n\n\n<p>y no un bosque donde viva el bien.<\/p>\n\n\n\n<p>Con el crucifijo siempre en el alma,<\/p>\n\n\n\n<p>con las corrientes vertidas por Jes\u00fas,<\/p>\n\n\n\n<p>con el darse y el donarse en alianza,<\/p>\n\n\n\n<p>es como se vence el aguij\u00f3n ego\u00edsta,<\/p>\n\n\n\n<p>de pensar para s\u00ed, s\u00f3lo en s\u00ed mismo.<\/p>\n\n\n\n<p>Reemplacemos las fuertes borrascas,<\/p>\n\n\n\n<p>pong\u00e1monos en guardia cada aurora,<\/p>\n\n\n\n<p>para que la gran morada comunitaria,<\/p>\n\n\n\n<p>no caiga en la tristeza del abandono,<\/p>\n\n\n\n<p>sino en la acogida fraterna del apego.<\/p>\n\n\n\n<p><strong>III.- \u00bfD\u00d3NDE EST\u00c1 EL SALVADOR?<\/strong><\/p>\n\n\n\n<p>Vuelva a nosotros un nuevo tono,<\/p>\n\n\n\n<p>el timbre que nos salva de ca\u00eddas,<\/p>\n\n\n\n<p>la voz que nos restaura de vicios,<\/p>\n\n\n\n<p>el c\u00e1ntico que nos ubica lozanos,<\/p>\n\n\n\n<p>el aleluya que nos dispone justos.<\/p>\n\n\n\n<p>A todos los habitantes de la tierra,<\/p>\n\n\n\n<p>se nos invita a conformar un coro,<\/p>\n\n\n\n<p>para ensalzar al Alt\u00edsimo con la fe;<\/p>\n\n\n\n<p>certeza que nos encauza con j\u00fabilo,<\/p>\n\n\n\n<p>a loar en su nombre los horizontes.<\/p>\n\n\n\n<p>Gloria al vencedor de los abusos,<\/p>\n\n\n\n<p>que tuvo como laurel redimirnos, &nbsp;<\/p>\n\n\n\n<p>con una ascensi\u00f3n viable y f\u00e9rtil:<\/p>\n\n\n\n<p>el de la compasi\u00f3n, con la pasi\u00f3n<\/p>\n\n\n\n<p>de verse muertos y sentirse vivos.<\/p>\n\n\n\n<p><strong>V\u00edctor CORCOBA HERRERO<\/strong><\/p>\n\n\n\n<p><a href=\"mailto:corcoba@telefonica.net\"><strong>corcoba@telefonica.net<\/strong><\/a><\/p>\n\n\n\n<p><strong>22 de junio de 2024.-<\/strong><\/p>\n","protected":false},"excerpt":{"rendered":"<p>EL AMOR DE CRISTO NOS ACTIVA; &nbsp;CON EL PAN VIVO QUE DA LA VIDA (La victoria definitiva es del Crucificado, que dobl\u00f3 la cabeza por todos, haci\u00e9ndonos criaturas renovadas; de modo que ya nadie ha de vivir para s\u00ed, sino para aquel que muri\u00f3 y resucit\u00f3 por nosotros. Lo viejo, pues, ya ha pasado. Ahora [&hellip;]<\/p>\n","protected":false},"author":2,"featured_media":495064,"comment_status":"closed","ping_status":"closed","sticky":false,"template":"","format":"standard","meta":{"footnotes":""},"categories":[21,25,19],"tags":[],"class_list":["post-539952","post","type-post","status-publish","format-standard","has-post-thumbnail","hentry","category-cultura","category-gente","category-mi-voz"],"_links":{"self":[{"href":"https:\/\/diariodominicano.com\/index.php?rest_route=\/wp\/v2\/posts\/539952","targetHints":{"allow":["GET"]}}],"collection":[{"href":"https:\/\/diariodominicano.com\/index.php?rest_route=\/wp\/v2\/posts"}],"about":[{"href":"https:\/\/diariodominicano.com\/index.php?rest_route=\/wp\/v2\/types\/post"}],"author":[{"embeddable":true,"href":"https:\/\/diariodominicano.com\/index.php?rest_route=\/wp\/v2\/users\/2"}],"replies":[{"embeddable":true,"href":"https:\/\/diariodominicano.com\/index.php?rest_route=%2Fwp%2Fv2%2Fcomments&post=539952"}],"version-history":[{"count":1,"href":"https:\/\/diariodominicano.com\/index.php?rest_route=\/wp\/v2\/posts\/539952\/revisions"}],"predecessor-version":[{"id":539953,"href":"https:\/\/diariodominicano.com\/index.php?rest_route=\/wp\/v2\/posts\/539952\/revisions\/539953"}],"wp:featuredmedia":[{"embeddable":true,"href":"https:\/\/diariodominicano.com\/index.php?rest_route=\/wp\/v2\/media\/495064"}],"wp:attachment":[{"href":"https:\/\/diariodominicano.com\/index.php?rest_route=%2Fwp%2Fv2%2Fmedia&parent=539952"}],"wp:term":[{"taxonomy":"category","embeddable":true,"href":"https:\/\/diariodominicano.com\/index.php?rest_route=%2Fwp%2Fv2%2Fcategories&post=539952"},{"taxonomy":"post_tag","embeddable":true,"href":"https:\/\/diariodominicano.com\/index.php?rest_route=%2Fwp%2Fv2%2Ftags&post=539952"}],"curies":[{"name":"wp","href":"https:\/\/api.w.org\/{rel}","templated":true}]}}