{"id":539932,"date":"2024-06-23T00:34:00","date_gmt":"2024-06-23T04:34:00","guid":{"rendered":"https:\/\/diariodominicano.com\/?p=539932"},"modified":"2024-06-23T00:34:04","modified_gmt":"2024-06-23T04:34:04","slug":"presidente-electo-de-panama-impulsara-cumbre-de-naciones-en-2026","status":"publish","type":"post","link":"https:\/\/diariodominicano.com\/?p=539932","title":{"rendered":"Presidente electo de Panam\u00e1 impulsar\u00e1 cumbre de naciones en 2026"},"content":{"rendered":"\n<p>Ciudad de Panam\u00e1, 22 jun (Prensa Latina) En recordaci\u00f3n del bicentenario del Congreso Anficti\u00f3nico de Panam\u00e1 (1826), el presidente electo del pa\u00ecs istme\u00f1o, Jos\u00e9 Ra\u00fal Mulino, anunci\u00f3 que impulsar\u00e1 aqu\u00ed una cumbre de Am\u00e9rica Latina en 2026.<\/p>\n\n\n\n<ul class=\"wp-block-list\">\n<li><a href=\"https:\/\/www.prensa-latina.cu\/2024\/06\/22\/\"><time>junio 22, 2024 | 21:26<\/time><\/a><\/li>\n<\/ul>\n\n\n\n<ul class=\"wp-block-list\">\n<li><a href=\"https:\/\/www.prensa-latina.cu\/2024\/06\/22\/presidente-electo-de-panama-impulsara-cumbre-de-naciones-en-2026\/#\"><\/a><\/li>\n\n\n\n<li><a href=\"https:\/\/www.prensa-latina.cu\/2024\/06\/22\/presidente-electo-de-panama-impulsara-cumbre-de-naciones-en-2026\/#\"><\/a><\/li>\n\n\n\n<li><a href=\"https:\/\/www.prensa-latina.cu\/2024\/06\/22\/presidente-electo-de-panama-impulsara-cumbre-de-naciones-en-2026\/#\"><\/a><\/li>\n\n\n\n<li><a href=\"https:\/\/www.prensa-latina.cu\/2024\/06\/22\/presidente-electo-de-panama-impulsara-cumbre-de-naciones-en-2026\/#\"><\/a><\/li>\n<\/ul>\n\n\n\n<p>En la ceremonia protocolar de la Sociedad Bolivariana para conmemorar ese foro organizado por Sim\u00f3n Bol\u00edvar, el electo jefe del Estado adelant\u00f3 las intenciones de volver a reunir a las naciones de la regi\u00f3n en la Sala Capitular, que hoy forma parte del Palacio Bol\u00edvar (sede de la canciller\u00eda local).<\/p>\n\n\n\n<p>Para Mulino, quien fungi\u00f3 como orador de turno en la velada, este ser\u00e1 un paso clave para recuperar el prestigio y el respeto de Panam\u00e1 ante la comunidad internacional.<\/p>\n\n\n\n<p>\u201cLa conmemoraci\u00f3n del Congreso Anficti\u00f3nico de Panam\u00e1 nos provee un marco referencial importante en nuestros esfuerzos por limpiar la imagen del pa\u00eds y apuntalar la institucionalidad republicana que, recordemos, es la base de nuestro Estado\u201d, remarc\u00f3.<\/p>\n\n\n\n<p>A su momento, la junta directiva de la Sociedad Bolivariana agradeci\u00f3 el inter\u00e9s del gobierno entrante a partir del 1 de julio, al tomar la iniciativa de recuperar los ideales del Libertador y recordarle al resto de las naciones americanas el prop\u00f3sito del mismo.<\/p>\n\n\n\n<p>\u201cManifestamos al presidente electo nuestra gratitud por su inter\u00e9s en el legado bolivariano y c\u00f3mo recuperarlo para ponerlo al servicio de los pueblos de Am\u00e9rica\u201d, destac\u00f3 Carlos Guevara, presidente de ese colectivo.<\/p>\n\n\n\n<p>Para ser sede de la reuni\u00f3n en los 200 a\u00f1os del Congreso Anficti\u00f3nico de Panam\u00e1, Mulino precis\u00f3 que en diciembre de este a\u00f1o cursar\u00e1 las respectivas invitaciones pertinentes al resto de naciones de la regi\u00f3n y equipar\u00e1 de manera adecuada los salones donde tuvieron lugar sus hist\u00f3ricas sesiones.<\/p>\n\n\n\n<p>En otra parte de la comparecencia, Mulino destac\u00f3 que su gesti\u00f3n ir\u00e1 acompa\u00f1ada de la necesidad de promover el sistema internacional basado en normas, como herramienta primordial para mantener la paz en el mundo e impulsar el desarrollo de los pueblos.<\/p>\n\n\n\n<p>Esas son las orientaciones que emanan de la brillante y legendaria carrera del Libertador Sim\u00f3n Bol\u00edvar, gran art\u00edfice de la libertad americana y eminente creador de rep\u00fablicas, precis\u00f3.<\/p>\n\n\n\n<p>Adem\u00e1s insisti\u00f3 en que el principio rector de la pol\u00edtica exterior de su futuro gobierno ser\u00e1 la observancia y acatamiento del Derecho Internacional.<\/p>\n\n\n\n<p>arc\/ga<\/p>\n","protected":false},"excerpt":{"rendered":"<p>Ciudad de Panam\u00e1, 22 jun (Prensa Latina) En recordaci\u00f3n del bicentenario del Congreso Anficti\u00f3nico de Panam\u00e1 (1826), el presidente electo del pa\u00ecs istme\u00f1o, Jos\u00e9 Ra\u00fal Mulino, anunci\u00f3 que impulsar\u00e1 aqu\u00ed una cumbre de Am\u00e9rica Latina en 2026. En la ceremonia protocolar de la Sociedad Bolivariana para conmemorar ese foro organizado por Sim\u00f3n Bol\u00edvar, el electo [&hellip;]<\/p>\n","protected":false},"author":2,"featured_media":539933,"comment_status":"closed","ping_status":"closed","sticky":false,"template":"","format":"standard","meta":{"footnotes":""},"categories":[26,23],"tags":[],"class_list":["post-539932","post","type-post","status-publish","format-standard","has-post-thumbnail","hentry","category-efemerides","category-internacional"],"_links":{"self":[{"href":"https:\/\/diariodominicano.com\/index.php?rest_route=\/wp\/v2\/posts\/539932","targetHints":{"allow":["GET"]}}],"collection":[{"href":"https:\/\/diariodominicano.com\/index.php?rest_route=\/wp\/v2\/posts"}],"about":[{"href":"https:\/\/diariodominicano.com\/index.php?rest_route=\/wp\/v2\/types\/post"}],"author":[{"embeddable":true,"href":"https:\/\/diariodominicano.com\/index.php?rest_route=\/wp\/v2\/users\/2"}],"replies":[{"embeddable":true,"href":"https:\/\/diariodominicano.com\/index.php?rest_route=%2Fwp%2Fv2%2Fcomments&post=539932"}],"version-history":[{"count":1,"href":"https:\/\/diariodominicano.com\/index.php?rest_route=\/wp\/v2\/posts\/539932\/revisions"}],"predecessor-version":[{"id":539934,"href":"https:\/\/diariodominicano.com\/index.php?rest_route=\/wp\/v2\/posts\/539932\/revisions\/539934"}],"wp:featuredmedia":[{"embeddable":true,"href":"https:\/\/diariodominicano.com\/index.php?rest_route=\/wp\/v2\/media\/539933"}],"wp:attachment":[{"href":"https:\/\/diariodominicano.com\/index.php?rest_route=%2Fwp%2Fv2%2Fmedia&parent=539932"}],"wp:term":[{"taxonomy":"category","embeddable":true,"href":"https:\/\/diariodominicano.com\/index.php?rest_route=%2Fwp%2Fv2%2Fcategories&post=539932"},{"taxonomy":"post_tag","embeddable":true,"href":"https:\/\/diariodominicano.com\/index.php?rest_route=%2Fwp%2Fv2%2Ftags&post=539932"}],"curies":[{"name":"wp","href":"https:\/\/api.w.org\/{rel}","templated":true}]}}