{"id":539755,"date":"2024-06-22T00:44:43","date_gmt":"2024-06-22T04:44:43","guid":{"rendered":"https:\/\/diariodominicano.com\/?p=539755"},"modified":"2024-06-22T00:44:45","modified_gmt":"2024-06-22T04:44:45","slug":"agente-de-la-digesett-sorprende-indocumentados-se-trasladaban-ocultos-en-camion-que-fue-detenido-durante-operativos-nocturnos","status":"publish","type":"post","link":"https:\/\/diariodominicano.com\/?p=539755","title":{"rendered":"Agente de la DIGESETT sorprende indocumentados se trasladaban ocultos en cami\u00f3n que fue detenido durante operativos nocturnos"},"content":{"rendered":"\n<p>Agente de la Direcci\u00f3n General de Seguridad de Tr\u00e1nsito y Transporte Terrestre (DIGESETT) sorprendi\u00f3 varios indocumentados que se trasladaban oculto en la parte trasera del cami\u00f3n Mitsubishi, color blanco, que fue detenido durante el operativo nocturno realizado en las carreteras y autopistas del pa\u00eds.<\/p>\n\n\n\n<figure class=\"wp-block-image size-large\"><img loading=\"lazy\" decoding=\"async\" width=\"1024\" height=\"556\" src=\"https:\/\/diariodominicano.com\/wp-content\/uploads\/2024\/06\/2-1024x556.jpg\" alt=\"\" class=\"wp-image-539757\" srcset=\"https:\/\/diariodominicano.com\/wp-content\/uploads\/2024\/06\/2-1024x556.jpg 1024w, https:\/\/diariodominicano.com\/wp-content\/uploads\/2024\/06\/2-300x163.jpg 300w, https:\/\/diariodominicano.com\/wp-content\/uploads\/2024\/06\/2-768x417.jpg 768w, https:\/\/diariodominicano.com\/wp-content\/uploads\/2024\/06\/2-816x443.jpg 816w, https:\/\/diariodominicano.com\/wp-content\/uploads\/2024\/06\/2.jpg 1261w\" sizes=\"auto, (max-width: 1024px) 100vw, 1024px\" \/><\/figure>\n\n\n\n<figure class=\"wp-block-image size-large\"><img loading=\"lazy\" decoding=\"async\" width=\"1024\" height=\"601\" src=\"https:\/\/diariodominicano.com\/wp-content\/uploads\/2024\/06\/3-1024x601.jpg\" alt=\"\" class=\"wp-image-539758\" srcset=\"https:\/\/diariodominicano.com\/wp-content\/uploads\/2024\/06\/3-1024x601.jpg 1024w, https:\/\/diariodominicano.com\/wp-content\/uploads\/2024\/06\/3-300x176.jpg 300w, https:\/\/diariodominicano.com\/wp-content\/uploads\/2024\/06\/3-768x451.jpg 768w, https:\/\/diariodominicano.com\/wp-content\/uploads\/2024\/06\/3-816x479.jpg 816w, https:\/\/diariodominicano.com\/wp-content\/uploads\/2024\/06\/3.jpg 1179w\" sizes=\"auto, (max-width: 1024px) 100vw, 1024px\" \/><\/figure>\n\n\n\n<p>El cami\u00f3n Mitsubishi, color blanco, placa no visible, que fue detenido por faltarle una luz trasera, en las inmediaciones del peaje de Las Am\u00e9ricas, transportaba en la cama del cami\u00f3n camuflajeado de pajas, varios indocumentados de nacionalidad haitiana.<\/p>\n\n\n\n<p>El agente de la DIGESETT, al percatarse de las personas que estaban acostados cubiertos con la paja, orden\u00f3 se desmotaran todos, descubriendo as\u00ed eran 12 haitianos, varios de ellos indocumentados.<\/p>\n\n\n\n<figure class=\"wp-block-image size-large\"><img loading=\"lazy\" decoding=\"async\" width=\"1024\" height=\"660\" src=\"https:\/\/diariodominicano.com\/wp-content\/uploads\/2024\/06\/5-1024x660.jpg\" alt=\"\" class=\"wp-image-539759\" srcset=\"https:\/\/diariodominicano.com\/wp-content\/uploads\/2024\/06\/5-1024x660.jpg 1024w, https:\/\/diariodominicano.com\/wp-content\/uploads\/2024\/06\/5-300x193.jpg 300w, https:\/\/diariodominicano.com\/wp-content\/uploads\/2024\/06\/5-768x495.jpg 768w, https:\/\/diariodominicano.com\/wp-content\/uploads\/2024\/06\/5-816x526.jpg 816w, https:\/\/diariodominicano.com\/wp-content\/uploads\/2024\/06\/5.jpg 1081w\" sizes=\"auto, (max-width: 1024px) 100vw, 1024px\" \/><\/figure>\n\n\n\n<figure class=\"wp-block-image size-large\"><img loading=\"lazy\" decoding=\"async\" width=\"1024\" height=\"559\" src=\"https:\/\/diariodominicano.com\/wp-content\/uploads\/2024\/06\/4-1024x559.jpg\" alt=\"\" class=\"wp-image-539760\" srcset=\"https:\/\/diariodominicano.com\/wp-content\/uploads\/2024\/06\/4-1024x559.jpg 1024w, https:\/\/diariodominicano.com\/wp-content\/uploads\/2024\/06\/4-300x164.jpg 300w, https:\/\/diariodominicano.com\/wp-content\/uploads\/2024\/06\/4-768x419.jpg 768w, https:\/\/diariodominicano.com\/wp-content\/uploads\/2024\/06\/4-816x446.jpg 816w, https:\/\/diariodominicano.com\/wp-content\/uploads\/2024\/06\/4.jpg 1227w\" sizes=\"auto, (max-width: 1024px) 100vw, 1024px\" \/><\/figure>\n\n\n\n<p>Inmediatamente y en conjunto con la Polic\u00eda Preventiva, los 12 extranjeros haitianos fueron trasladados al destacamento para proceder a enviarlo al departamento correspondiente y el cami\u00f3n fue retenido.<\/p>\n\n\n\n<p>MR.<\/p>\n\n\n\n<p><strong>DEPARTAMENTO DE COMUNICACIONES, DIGESETT<\/strong><\/p>\n","protected":false},"excerpt":{"rendered":"<p>Agente de la Direcci\u00f3n General de Seguridad de Tr\u00e1nsito y Transporte Terrestre (DIGESETT) sorprendi\u00f3 varios indocumentados que se trasladaban oculto en la parte trasera del cami\u00f3n Mitsubishi, color blanco, que fue detenido durante el operativo nocturno realizado en las carreteras y autopistas del pa\u00eds. El cami\u00f3n Mitsubishi, color blanco, placa no visible, que fue detenido [&hellip;]<\/p>\n","protected":false},"author":2,"featured_media":539756,"comment_status":"closed","ping_status":"closed","sticky":false,"template":"","format":"standard","meta":{"footnotes":""},"categories":[24,29],"tags":[],"class_list":["post-539755","post","type-post","status-publish","format-standard","has-post-thumbnail","hentry","category-justicia-y-derecho","category-policiasucesos"],"_links":{"self":[{"href":"https:\/\/diariodominicano.com\/index.php?rest_route=\/wp\/v2\/posts\/539755","targetHints":{"allow":["GET"]}}],"collection":[{"href":"https:\/\/diariodominicano.com\/index.php?rest_route=\/wp\/v2\/posts"}],"about":[{"href":"https:\/\/diariodominicano.com\/index.php?rest_route=\/wp\/v2\/types\/post"}],"author":[{"embeddable":true,"href":"https:\/\/diariodominicano.com\/index.php?rest_route=\/wp\/v2\/users\/2"}],"replies":[{"embeddable":true,"href":"https:\/\/diariodominicano.com\/index.php?rest_route=%2Fwp%2Fv2%2Fcomments&post=539755"}],"version-history":[{"count":1,"href":"https:\/\/diariodominicano.com\/index.php?rest_route=\/wp\/v2\/posts\/539755\/revisions"}],"predecessor-version":[{"id":539761,"href":"https:\/\/diariodominicano.com\/index.php?rest_route=\/wp\/v2\/posts\/539755\/revisions\/539761"}],"wp:featuredmedia":[{"embeddable":true,"href":"https:\/\/diariodominicano.com\/index.php?rest_route=\/wp\/v2\/media\/539756"}],"wp:attachment":[{"href":"https:\/\/diariodominicano.com\/index.php?rest_route=%2Fwp%2Fv2%2Fmedia&parent=539755"}],"wp:term":[{"taxonomy":"category","embeddable":true,"href":"https:\/\/diariodominicano.com\/index.php?rest_route=%2Fwp%2Fv2%2Fcategories&post=539755"},{"taxonomy":"post_tag","embeddable":true,"href":"https:\/\/diariodominicano.com\/index.php?rest_route=%2Fwp%2Fv2%2Ftags&post=539755"}],"curies":[{"name":"wp","href":"https:\/\/api.w.org\/{rel}","templated":true}]}}