{"id":53973,"date":"2020-05-12T01:05:36","date_gmt":"2020-05-12T01:05:36","guid":{"rendered":"http:\/\/diariodominicano.ddns.net\/?p=53973"},"modified":"2020-05-12T01:05:36","modified_gmt":"2020-05-12T01:05:36","slug":"arzobispo-de-santo-domingo-fray-garcia-de-padilla-ordena-inicio-trabajos-de-catedral","status":"publish","type":"post","link":"https:\/\/diariodominicano.com\/?p=53973","title":{"rendered":"Arzobispo de Santo Domingo,  Fray Garc\u00eda de Padilla ordena inicio trabajos de Catedral"},"content":{"rendered":"<p><body><\/p>\n<p><img decoding=\"async\" src=\"img3\/catedralsd.jpg\" \/>  <\/p>\n<p><strong>Diariodominicano.com<\/strong><\/p>\n<p><strong>Arzobispo de Santo Domingo,  Fray Garc\u00eda de Padilla ordena inicio trabajos de Catedral<\/strong><\/p>\n<p><strong> El  Obispo Fray Garc\u00eda de Padilla no vio materializar su proyecto,  porque muri\u00f3 en Espa\u00f1a, en el a\u00f1o 1515, sin llegar a tomar posesi\u00f3n de la Arquidi\u00f3cesis de Santo Domingo. <\/strong><\/p>\n<p><strong>Por H\u00e9ctor Tineo Nolasco <\/strong><\/p>\n<p><strong>Diariodominicano.com<\/strong><\/p>\n<\/p>\n<\/p>\n<p><strong>SANTO DOMINGO, el  12 de Mayo de 1512<\/strong>,  el Arzobispo de Santo Domingo,  Fray Garc\u00eda de Padilla, orden\u00f3 el inicio de los trabajos para construir la Catedral de Santo Domingo, la Primada de Am\u00e9rica,  y el Hospital de San Andr\u00e9s,  en la ciudad de Santo Domingo de Guzm\u00e1n. <\/p>\n<\/p>\n<p>   El  Obispo Fray Garc\u00eda de Padilla no vio materializar su proyecto,  porque muri\u00f3 en Espa\u00f1a, en el a\u00f1o 1515, sin llegar a tomar posesi\u00f3n de la Arquidi\u00f3cesis de Santo Domingo. <\/p>\n<\/p>\n<p>     Fray Garc\u00eda de Padilla hab\u00eda sido nombrado Arzobispo de Santo Domingo, el 8 de Agosto de 1508,  en  la Bula Romanus  Pontifex, en virtud de la cual se erigieron los obispados de Santo Domingo, la Concepci\u00f3n de La Vega y San Juan, de Puerto Rico, todos sufrag\u00e1neos  de la Metropolitana de Sevilla, Espa\u00f1a.<\/p>\n<\/p>\n<p>    Luego de la muerte de Fray Garc\u00eda de Padilla, en  1515, la Iglesia no volvi\u00f3 a nombrar obispo en Santo Domingo, hasta el a\u00f1o 1519, cuando  design\u00f3 al obispo italiano Alejandro Geraldini, quien lleg\u00f3 listo para asumir la construcci\u00f3n de la Catedral de Santo Domingo.<\/p>\n<\/p>\n<p>     El sacerdote Antonio Lluberes, destaca en su obra  Breve Historia  de la Iglesia Dominicana, que Alejandro Geraldini era un cl\u00e9rigo ilustrado, que hab\u00eda desempe\u00f1ado funciones diplom\u00e1ticas  al servicio de los reyes de Espa\u00f1a.<\/p>\n<\/p>\n<p>    La Catedral de Santo Domingo, es la primera  construida en Am\u00e9rica.<\/p>\n<\/p>\n<h6> 2020-05-12 01:05:36 <\/h6>\n<p><!--\n<link rel=\"stylesheet\" href=\"css\/bootstrap.min.css\">\n\n\n<ul class=\"pagination\">\n\t    \n\t\n\n<li >\n\t<a href='?page_no=615'>Previous<\/a>\n\t<\/li>\n\n\n       \n    \n\n<li><a href='?page_no=1'>1<\/a><\/li>\n\n\n\n<li><a href='?page_no=2'>2<\/a><\/li>\n\n\n\n<li><a>...<\/a><\/li>\n\n\n\n<li><a href='?page_no=614'>614<\/a><\/li>\n\n\n\n<li><a href='?page_no=615'>615<\/a><\/li>\n\n\n\n<li class='active'><a>616<\/a><\/li>\n\n\n\n<li><a href='?page_no=617'>617<\/a><\/li>\n\n\n\n<li><a href='?page_no=618'>618<\/a><\/li>\n\n\n\n<li><a>...<\/a><\/li>\n\n\n\n<li><a href='?page_no=22911'>22911<\/a><\/li>\n\n\n\n<li><a href='?page_no=22912'>22912<\/a><\/li>\n\n    \n\t\n\n<li >\n\t<a href='?page_no=617'>Next<\/a>\n\t<\/li>\n\n\n    \n\n<li><a href='?page_no=22912'>Last &rsaquo;&rsaquo;<\/a><\/li>\n\n<\/ul>\n\n\n--><br \/>\n<\/body><\/p>\n","protected":false},"excerpt":{"rendered":"<p>Diariodominicano.com Arzobispo de Santo Domingo, Fray Garc\u00eda de Padilla ordena inicio trabajos de Catedral El Obispo Fray Garc\u00eda de Padilla no vio materializar su proyecto, porque muri\u00f3 en Espa\u00f1a, en el a\u00f1o 1515, sin llegar a tomar posesi\u00f3n de la Arquidi\u00f3cesis de Santo Domingo. Por H\u00e9ctor Tineo Nolasco Diariodominicano.com SANTO DOMINGO, el 12 de Mayo [&hellip;]<\/p>\n","protected":false},"author":3,"featured_media":0,"comment_status":"open","ping_status":"open","sticky":false,"template":"","format":"standard","meta":{"footnotes":""},"categories":[21],"tags":[],"class_list":["post-53973","post","type-post","status-publish","format-standard","hentry","category-cultura"],"_links":{"self":[{"href":"https:\/\/diariodominicano.com\/index.php?rest_route=\/wp\/v2\/posts\/53973","targetHints":{"allow":["GET"]}}],"collection":[{"href":"https:\/\/diariodominicano.com\/index.php?rest_route=\/wp\/v2\/posts"}],"about":[{"href":"https:\/\/diariodominicano.com\/index.php?rest_route=\/wp\/v2\/types\/post"}],"author":[{"embeddable":true,"href":"https:\/\/diariodominicano.com\/index.php?rest_route=\/wp\/v2\/users\/3"}],"replies":[{"embeddable":true,"href":"https:\/\/diariodominicano.com\/index.php?rest_route=%2Fwp%2Fv2%2Fcomments&post=53973"}],"version-history":[{"count":0,"href":"https:\/\/diariodominicano.com\/index.php?rest_route=\/wp\/v2\/posts\/53973\/revisions"}],"wp:attachment":[{"href":"https:\/\/diariodominicano.com\/index.php?rest_route=%2Fwp%2Fv2%2Fmedia&parent=53973"}],"wp:term":[{"taxonomy":"category","embeddable":true,"href":"https:\/\/diariodominicano.com\/index.php?rest_route=%2Fwp%2Fv2%2Fcategories&post=53973"},{"taxonomy":"post_tag","embeddable":true,"href":"https:\/\/diariodominicano.com\/index.php?rest_route=%2Fwp%2Fv2%2Ftags&post=53973"}],"curies":[{"name":"wp","href":"https:\/\/api.w.org\/{rel}","templated":true}]}}