{"id":539709,"date":"2024-06-21T22:37:02","date_gmt":"2024-06-22T02:37:02","guid":{"rendered":"https:\/\/diariodominicano.com\/?p=539709"},"modified":"2024-06-21T22:37:07","modified_gmt":"2024-06-22T02:37:07","slug":"fiscalia-de-monte-plata-logra-condena-de-15-anos-contra-hombre-por-atraco","status":"publish","type":"post","link":"https:\/\/diariodominicano.com\/?p=539709","title":{"rendered":"Fiscal\u00eda de Monte Plata logra condena de 15 a\u00f1os contra hombre por atraco"},"content":{"rendered":"\n<p><strong>SANTO DOMINGO (Rep\u00fablica Dominicana).-<\/strong>&nbsp;La Fiscal\u00eda de Monte Plata logr\u00f3 una condena de 15 a\u00f1os de prisi\u00f3n en contra de un hombre que cometi\u00f3 un atraco a mano armada, en un hecho ocurrido en el a\u00f1o 2022.<\/p>\n\n\n\n<p>El Tribunal Colegiado del distro judicial de Monte Plata, integrado por los magistrados Hilda Nieves S\u00e1nchez Luna, Isa\u00edas Ronaldo Mart\u00ednez P\u00e9rez y Johanna Giselle Reyes Moquete, dict\u00f3 la sentencia en contra de Ram\u00f3n Junior Heredia Reynoso, por las acciones cometidas en contra de Nathanael de Oleo Matos.<\/p>\n\n\n\n<p>El Ministerio P\u00fablico, representado por el procurador fiscal Jos\u00e9 del Carmen Garc\u00eda Hern\u00e1ndez, demostr\u00f3 ante el tribunal, que, con sus acciones, Heredia Reynoso viol\u00f3 las disposiciones de los art\u00edculos 379, 382 y 383 del C\u00f3digo Penal Dominicano.<\/p>\n\n\n\n<p>Los hechos ocurrieron alrededor de las 08:30 de la noche, del 26 de julio del a\u00f1o 2022, cuando Nathanael de Oleo Matos transitaba desde Monte Plata hacia a la ciudad de Santo Domingo, y fue interceptado por Heredia Reynoso, quien, a punta de pistola, lo oblig\u00f3 a detenerse.&nbsp;<\/p>\n\n\n\n<p>En principio, Heredia Reynoso despoj\u00f3 a De Oleo de todas sus pertenencias, pero cuando se dispon\u00eda a marcharse del lugar, se devolvi\u00f3, provocando un forcejeo con la v\u00edctima, en el cual result\u00f3 herido de un disparo, siendo posteriormente arrestado en un hospital de Santo Domingo, en el cual recibi\u00f3 asistencia.<\/p>\n\n\n\n<p>Por disposici\u00f3n del tribunal, Heredia Reynoso cumplir\u00e1 la sentencia en el Centro de Correcci\u00f3n y Rehabilitaci\u00f3n de Monte Plata.<strong><\/strong><\/p>\n\n\n\n<p><strong>Direcci\u00f3n General de Comunicaci\u00f3n, Prensa, y RRPP<\/strong><strong><\/strong><\/p>\n\n\n\n<p>Ministerio P\u00fablico.&nbsp;R.D.<\/p>\n","protected":false},"excerpt":{"rendered":"<p>SANTO DOMINGO (Rep\u00fablica Dominicana).-&nbsp;La Fiscal\u00eda de Monte Plata logr\u00f3 una condena de 15 a\u00f1os de prisi\u00f3n en contra de un hombre que cometi\u00f3 un atraco a mano armada, en un hecho ocurrido en el a\u00f1o 2022. El Tribunal Colegiado del distro judicial de Monte Plata, integrado por los magistrados Hilda Nieves S\u00e1nchez Luna, Isa\u00edas Ronaldo [&hellip;]<\/p>\n","protected":false},"author":7,"featured_media":497947,"comment_status":"closed","ping_status":"closed","sticky":false,"template":"","format":"standard","meta":{"footnotes":""},"categories":[24],"tags":[],"class_list":["post-539709","post","type-post","status-publish","format-standard","has-post-thumbnail","hentry","category-justicia-y-derecho"],"_links":{"self":[{"href":"https:\/\/diariodominicano.com\/index.php?rest_route=\/wp\/v2\/posts\/539709","targetHints":{"allow":["GET"]}}],"collection":[{"href":"https:\/\/diariodominicano.com\/index.php?rest_route=\/wp\/v2\/posts"}],"about":[{"href":"https:\/\/diariodominicano.com\/index.php?rest_route=\/wp\/v2\/types\/post"}],"author":[{"embeddable":true,"href":"https:\/\/diariodominicano.com\/index.php?rest_route=\/wp\/v2\/users\/7"}],"replies":[{"embeddable":true,"href":"https:\/\/diariodominicano.com\/index.php?rest_route=%2Fwp%2Fv2%2Fcomments&post=539709"}],"version-history":[{"count":1,"href":"https:\/\/diariodominicano.com\/index.php?rest_route=\/wp\/v2\/posts\/539709\/revisions"}],"predecessor-version":[{"id":539711,"href":"https:\/\/diariodominicano.com\/index.php?rest_route=\/wp\/v2\/posts\/539709\/revisions\/539711"}],"wp:featuredmedia":[{"embeddable":true,"href":"https:\/\/diariodominicano.com\/index.php?rest_route=\/wp\/v2\/media\/497947"}],"wp:attachment":[{"href":"https:\/\/diariodominicano.com\/index.php?rest_route=%2Fwp%2Fv2%2Fmedia&parent=539709"}],"wp:term":[{"taxonomy":"category","embeddable":true,"href":"https:\/\/diariodominicano.com\/index.php?rest_route=%2Fwp%2Fv2%2Fcategories&post=539709"},{"taxonomy":"post_tag","embeddable":true,"href":"https:\/\/diariodominicano.com\/index.php?rest_route=%2Fwp%2Fv2%2Ftags&post=539709"}],"curies":[{"name":"wp","href":"https:\/\/api.w.org\/{rel}","templated":true}]}}