{"id":539621,"date":"2024-06-21T17:37:37","date_gmt":"2024-06-21T21:37:37","guid":{"rendered":"https:\/\/diariodominicano.com\/?p=539621"},"modified":"2024-06-21T17:45:54","modified_gmt":"2024-06-21T21:45:54","slug":"proedemaren-rescata-tres-aves-de-la-especie-cotorras-ventralis-y-arresta-a-la-mujer-que-las-vendia","status":"publish","type":"post","link":"https:\/\/diariodominicano.com\/?p=539621","title":{"rendered":"Procuradur\u00eda de Medio Ambiente rescata tres aves cotorras ventralis y arresta a mujer que las vend\u00eda"},"content":{"rendered":"\n<p>diariodominicano.com<\/p>\n\n\n\n<p><strong>Santo Domingo, R. D., 21 de junio, 2024.-<\/strong> \u00a0La Procuradur\u00eda Especializada para la Defensa del Medio Ambiente y los Recursos Naturales (Proedemaren) de la Vega, en coordinaci\u00f3n con el Servicio Nacional de Protecci\u00f3n Ambiental (SENPA) y de miembros de la direcci\u00f3n provincial de Medio Ambiente, rescataron tres aves de la especie cotorra dominicana, identificadas como cotorras ventralis o cotorra de La Espa\u00f1ola.\u00a0<\/p>\n\n\n\n<p>Al momento del rescate, dos adultas y un pich\u00f3n, las aves estaban siendo comercializadas en el municipio de Cotu\u00ed, en violaci\u00f3n a las leyes sobre biodiversidad de la Rep\u00fablica Dominicana.<\/p>\n\n\n\n<p>Adem\u00e1s, en el mismo operativo de rescate se produjo el arresto de una mujer nombrada como Yesica Y. Rodr\u00edguez, quien cargaba a las aves al momento de la acci\u00f3n de las autoridades del Ministerio P\u00fablico, que previamente se hab\u00edan apoyado en un comprador ficticio durante la venta, con el objetivo de sorprender a la vendedora, y tras lo cual la imputada fue detenida en el acto para ser presentada ante la justicia donde deber\u00e1 responder por los hechos.<\/p>\n\n\n\n<p>De acuerdo con el procurador Jos\u00e9 L. Farias Bonao, las aves se encuentran en custodia para ser trasladadas por el personal del Ministerio de Medio Ambiente al zool\u00f3gico del Distrito Nacional, donde ser\u00e1n atendidas.&nbsp;<strong><\/strong><\/p>\n\n\n\n<p><strong>Direcci\u00f3n General de Comunicaci\u00f3n, Prensa, y RRPP<\/strong><strong><\/strong><\/p>\n\n\n\n<p>Ministerio P\u00fablico.&nbsp;R.D.<\/p>\n\n\n\n<p>Viernes, 21 de junio de 2024<\/p>\n","protected":false},"excerpt":{"rendered":"<p>diariodominicano.com Santo Domingo, R. D., 21 de junio, 2024.- \u00a0La Procuradur\u00eda Especializada para la Defensa del Medio Ambiente y los Recursos Naturales (Proedemaren) de la Vega, en coordinaci\u00f3n con el Servicio Nacional de Protecci\u00f3n Ambiental (SENPA) y de miembros de la direcci\u00f3n provincial de Medio Ambiente, rescataron tres aves de la especie cotorra dominicana, identificadas [&hellip;]<\/p>\n","protected":false},"author":5,"featured_media":539628,"comment_status":"closed","ping_status":"closed","sticky":true,"template":"","format":"standard","meta":{"footnotes":""},"categories":[24,27],"tags":[],"class_list":["post-539621","post","type-post","status-publish","format-standard","has-post-thumbnail","hentry","category-justicia-y-derecho","category-portada"],"_links":{"self":[{"href":"https:\/\/diariodominicano.com\/index.php?rest_route=\/wp\/v2\/posts\/539621","targetHints":{"allow":["GET"]}}],"collection":[{"href":"https:\/\/diariodominicano.com\/index.php?rest_route=\/wp\/v2\/posts"}],"about":[{"href":"https:\/\/diariodominicano.com\/index.php?rest_route=\/wp\/v2\/types\/post"}],"author":[{"embeddable":true,"href":"https:\/\/diariodominicano.com\/index.php?rest_route=\/wp\/v2\/users\/5"}],"replies":[{"embeddable":true,"href":"https:\/\/diariodominicano.com\/index.php?rest_route=%2Fwp%2Fv2%2Fcomments&post=539621"}],"version-history":[{"count":2,"href":"https:\/\/diariodominicano.com\/index.php?rest_route=\/wp\/v2\/posts\/539621\/revisions"}],"predecessor-version":[{"id":539636,"href":"https:\/\/diariodominicano.com\/index.php?rest_route=\/wp\/v2\/posts\/539621\/revisions\/539636"}],"wp:featuredmedia":[{"embeddable":true,"href":"https:\/\/diariodominicano.com\/index.php?rest_route=\/wp\/v2\/media\/539628"}],"wp:attachment":[{"href":"https:\/\/diariodominicano.com\/index.php?rest_route=%2Fwp%2Fv2%2Fmedia&parent=539621"}],"wp:term":[{"taxonomy":"category","embeddable":true,"href":"https:\/\/diariodominicano.com\/index.php?rest_route=%2Fwp%2Fv2%2Fcategories&post=539621"},{"taxonomy":"post_tag","embeddable":true,"href":"https:\/\/diariodominicano.com\/index.php?rest_route=%2Fwp%2Fv2%2Ftags&post=539621"}],"curies":[{"name":"wp","href":"https:\/\/api.w.org\/{rel}","templated":true}]}}