{"id":53962,"date":"2020-05-12T09:34:47","date_gmt":"2020-05-12T09:34:47","guid":{"rendered":"http:\/\/diariodominicano.ddns.net\/?p=53962"},"modified":"2020-05-12T09:34:47","modified_gmt":"2020-05-12T09:34:47","slug":"republica-digital-educacion-confirma-hay-mas-de-100-mil-laptops-netbooks-y-tabletas-listas-para-entregar-a-estudiantes-y-maestro","status":"publish","type":"post","link":"https:\/\/diariodominicano.com\/?p=53962","title":{"rendered":"Rep\u00fablica Digital Educaci\u00f3n confirma hay m\u00e1s de 100 mil laptops, netbooks y tabletas listas para entregar a estudiantes y maestro"},"content":{"rendered":"<p><body><\/p>\n<p><img decoding=\"async\" src=\"img3\/MINERD12.JPG\" \/>  <\/p>\n<p><span class=\"text1noticias\">diariodominicano.com<\/span><\/p>\n<\/p>\n<p><span class=\"text1noticias\">Santo Domingo, R. D., 12 de mayo, 2020. -El programa Rep\u00fablica Digital Educaci\u00f3n confirm\u00f3 que en los almacenes del Ministerio de Educaci\u00f3n (MINERD) se encuentran m\u00e1s de 100 mil laptops, netbooks y tabletas para ser entregadas a los estudiantes y maestros cuando pase el estado de emergencia nacional por la pandemia de COVID-19 y se implementen protocolos de seguridad que garantice la salud de la comunidad educativa.<\/span><\/p>\n<p><span class=\"text1noticias\"> <\/span><\/p>\n<p><span class=\"text1noticias\">  <\/span><\/p>\n<p><span class=\"text1noticias\">El coordinador general de Rep\u00fablica Digital Educaci\u00f3n, C\u00e9sar Mart\u00ednez, precis\u00f3 que cuentan con m\u00e1s de 67,200 netbooks para estudiantes de Secundaria, cerca de 43,500 laptops para docentes y alrededor de 10 mil tabletas para alumnos de Primaria en Jornada Escolar Extendida, adem\u00e1s de la totalidad de gabinetes para servidores, carritos de tabletas, los UPS (inversores individuales) y sistema de cables para las redes de internet. <\/span><\/p>\n<p><span class=\"text1noticias\"> <\/span><\/p>\n<p><span class=\"text1noticias\">\u00abEn estos momentos estamos configurando todos los equipos que llegan y tenemos un personal trabajando todos los d\u00edas para eso. Aunque solo estamos la mitad del personal en el edificio, hay otra parte que nos da soporte desde sus hogares por videollamada, lo que permite que se agilicen los procesos y se culmine con \u00e9xito\u00bb, puntualiz\u00f3. <\/span><\/p>\n<p><span class=\"text1noticias\"> <\/span><\/p>\n<p><span class=\"text1noticias\">En ese sentido, se\u00f1al\u00f3 que el proceso consiste en recibir los equipos, confirmar la serie de cada uno y su registro, luego instalarse los programas aprobados por el Viceministerio de Servicios T\u00e9cnicos y Pedag\u00f3gicos y despu\u00e9s, se pasa a configurarlo para que el registro sea a nombre de cada estudiante, lo que aumenta la seguridad y posibilidad de seguimiento individual. <\/span><\/p>\n<p><span class=\"text1noticias\"> <\/span><\/p>\n<p><span class=\"text1noticias\">\u00abCada equipo tiene una serie que dice de qui\u00e9n es, por lo que no se  puede vender ni regalar. Esperamos que los maestros y estudiantes comprendan bien esto, cada netbook, tableta o laptop es personal y lo que le pase queda en su historial, por eso es muy importante que la cuiden\u00bb, explic\u00f3 Mart\u00ednez. <\/span><\/p>\n<p><span class=\"text1noticias\"> <\/span><\/p>\n<p><span class=\"text1noticias\"> <\/span><\/p>\n<p><span class=\"text1noticias\">Record\u00f3 que, con la ayuda de las autoridades de la Polic\u00eda Escolar y la Polic\u00eda Nacional, han recuperado algunos equipos que no estaban en manos de sus due\u00f1os, lo que evidencia la eficacia en el sistema de monitoreo y seguimiento a cada unidad digital. <\/span><\/p>\n<p><span class=\"text1noticias\"> <\/span><\/p>\n<p><span class=\"text1noticias\">\u00abEsto lo hacemos para romper la brecha digital y necesitamos que los cuiden porque esto es parte del pa\u00eds, cada equipo representa un esfuerzo muy grande de cada familia dominicana y necesitamos seguir valorando eso\u00bb, precis\u00f3.<\/span><\/p>\n<p><span class=\"text1noticias\"> <\/span><\/p>\n<p><span class=\"text1noticias\"> Fuente:  Licda. Magdalena Nu\u00f1ez<\/span><\/p>\n<p><span class=\"text1noticias\">Enc. Relaciones Publicas<\/span><\/p>\n<p><span class=\"text1noticias\"> Direcci\u00f3n de Comunicaci\u00f3n y Relaciones P\u00fablic<\/span>as <\/p>\n<p>12 de mayo 2020<\/p>\n<\/p>\n<h6> 2020-05-12 09:34:47 <\/h6>\n<p><!--\n<link rel=\"stylesheet\" href=\"css\/bootstrap.min.css\">\n\n\n<ul class=\"pagination\">\n\t    \n\t\n\n<li >\n\t<a href='?page_no=614'>Previous<\/a>\n\t<\/li>\n\n\n       \n    \n\n<li><a href='?page_no=1'>1<\/a><\/li>\n\n\n\n<li><a href='?page_no=2'>2<\/a><\/li>\n\n\n\n<li><a>...<\/a><\/li>\n\n\n\n<li><a href='?page_no=613'>613<\/a><\/li>\n\n\n\n<li><a href='?page_no=614'>614<\/a><\/li>\n\n\n\n<li class='active'><a>615<\/a><\/li>\n\n\n\n<li><a href='?page_no=616'>616<\/a><\/li>\n\n\n\n<li><a href='?page_no=617'>617<\/a><\/li>\n\n\n\n<li><a>...<\/a><\/li>\n\n\n\n<li><a href='?page_no=22911'>22911<\/a><\/li>\n\n\n\n<li><a href='?page_no=22912'>22912<\/a><\/li>\n\n    \n\t\n\n<li >\n\t<a href='?page_no=616'>Next<\/a>\n\t<\/li>\n\n\n    \n\n<li><a href='?page_no=22912'>Last &rsaquo;&rsaquo;<\/a><\/li>\n\n<\/ul>\n\n\n--><br \/>\n<\/body><\/p>\n","protected":false},"excerpt":{"rendered":"<p>diariodominicano.com Santo Domingo, R. D., 12 de mayo, 2020. -El programa Rep\u00fablica Digital Educaci\u00f3n confirm\u00f3 que en los almacenes del Ministerio de Educaci\u00f3n (MINERD) se encuentran m\u00e1s de 100 mil laptops, netbooks y tabletas para ser entregadas a los estudiantes y maestros cuando pase el estado de emergencia nacional por la pandemia de COVID-19 y [&hellip;]<\/p>\n","protected":false},"author":3,"featured_media":0,"comment_status":"open","ping_status":"open","sticky":false,"template":"","format":"standard","meta":{"footnotes":""},"categories":[21],"tags":[],"class_list":["post-53962","post","type-post","status-publish","format-standard","hentry","category-cultura"],"_links":{"self":[{"href":"https:\/\/diariodominicano.com\/index.php?rest_route=\/wp\/v2\/posts\/53962","targetHints":{"allow":["GET"]}}],"collection":[{"href":"https:\/\/diariodominicano.com\/index.php?rest_route=\/wp\/v2\/posts"}],"about":[{"href":"https:\/\/diariodominicano.com\/index.php?rest_route=\/wp\/v2\/types\/post"}],"author":[{"embeddable":true,"href":"https:\/\/diariodominicano.com\/index.php?rest_route=\/wp\/v2\/users\/3"}],"replies":[{"embeddable":true,"href":"https:\/\/diariodominicano.com\/index.php?rest_route=%2Fwp%2Fv2%2Fcomments&post=53962"}],"version-history":[{"count":0,"href":"https:\/\/diariodominicano.com\/index.php?rest_route=\/wp\/v2\/posts\/53962\/revisions"}],"wp:attachment":[{"href":"https:\/\/diariodominicano.com\/index.php?rest_route=%2Fwp%2Fv2%2Fmedia&parent=53962"}],"wp:term":[{"taxonomy":"category","embeddable":true,"href":"https:\/\/diariodominicano.com\/index.php?rest_route=%2Fwp%2Fv2%2Fcategories&post=53962"},{"taxonomy":"post_tag","embeddable":true,"href":"https:\/\/diariodominicano.com\/index.php?rest_route=%2Fwp%2Fv2%2Ftags&post=53962"}],"curies":[{"name":"wp","href":"https:\/\/api.w.org\/{rel}","templated":true}]}}