{"id":539579,"date":"2024-06-21T16:19:58","date_gmt":"2024-06-21T20:19:58","guid":{"rendered":"https:\/\/diariodominicano.com\/?p=539579"},"modified":"2024-06-21T16:20:04","modified_gmt":"2024-06-21T20:20:04","slug":"tribunal-de-san-cristobal-condena-a-15-anos-de-prision-a-policia-que-asesino-a-un-hombre-de-11-disparos","status":"publish","type":"post","link":"https:\/\/diariodominicano.com\/?p=539579","title":{"rendered":"Tribunal de San Crist\u00f3bal condena a 15 a\u00f1os de prisi\u00f3n a polic\u00eda que asesin\u00f3 a un hombre de 11 disparos"},"content":{"rendered":"\n<p>diariodominicano.com<\/p>\n\n\n\n<p><strong>San Crist\u00f3bal, R. D., 21 de junio, 2024.-<\/strong>\u00a0El Tribunal Colegiado de este distrito judicial, conden\u00f3 a 15 a\u00f1os de prisi\u00f3n a un excabo de la Polic\u00eda Nacional, quien asesin\u00f3 de 11 disparos a un hombre, en un hecho ocurrido en el a\u00f1o 2022, en el municipio de Nigua, San Crist\u00f3bal,\u00a0<\/p>\n\n\n\n<p>La condena le fue impuesta al excabo policial, Rubelin Cuevas, por los jueces Bi\u00falkis Milan\u00e9s, Ana In\u00e9s y Rosa Mateo, por el asesinato de Miguelo Florentino.<\/p>\n\n\n\n<p>El Ministerio P\u00fablico, representado por los fiscales \u00c1ngel F\u00e9lix Recio y Daryl Montes de Oca, demostraron ante el tribunal la responsabilidad penal de Cuevas, quien con sus acciones falt\u00f3 a los art\u00edculos 295 y 304 del C\u00f3digo Penal Dominicana, que castiga el asesinato, y a los art\u00edculos 66 y 67 de la Ley 631-16, para el control de armas y materiales relacionados.<\/p>\n\n\n\n<p>Los hechos ocurrieron el 17 de abril del 2022, cuando la Florentino, en compa\u00f1\u00eda de su pareja, Yajaira Hern\u00e1ndez N\u00fa\u00f1ez, y otra persona identificada como Jos\u00e9 Manuel, se dispon\u00eda a abandonar un centro de diversi\u00f3n en Nigua, lo que aprovech\u00f3 el agresor, quien previamente lo hab\u00eda amenazado de muerte, para acercarse a \u00e9l en la motocicleta en la que se desplazaba.<\/p>\n\n\n\n<p>Al acercarse, el entonces cabo, le expresa a Florentino \u00abyo ando con lo m\u00edo\u00bb, a lo que la v\u00edctima reaccion\u00f3 pregunt\u00e1ndole \u201c\u00bfPorque me dices eso?\u201d y acto seguido, Cuevas sac\u00f3 el arma de fuego marca Browning calibre 9 mil\u00edmetros, serie 245NR02784, que portaba de manera ilegal y le dispar\u00f3 al hoy occiso, a quien impact\u00f3 en 11 ocasiones, provoc\u00e1ndole heridas en el torso, abdomen, hombros y piernas.<\/p>\n\n\n\n<p>Con Florentino en el pavimento, Cuevas lo despoj\u00f3 de una pistola marca Carandai, calibre 9 mil\u00edmetros serie 377941 que la v\u00edctima portaba y armado de las dos pistolas, amenaz\u00f3 a los presentes para evitar que pudieran socorrer al herido, entre ellas a la pareja de la v\u00edctima, Yajaira Hern\u00e1ndez N\u00fa\u00f1ez.<\/p>\n\n\n\n<p>Tras cometer la acci\u00f3n, Cuevas se march\u00f3 al destacamento de la Polic\u00eda Nacional S en Nigua, lo que permiti\u00f3 que Florentino fuera trasladado al hospital Juan Pablo Pina de San Crist\u00f3bal, donde finalmente falleci\u00f3.<\/p>\n\n\n\n<p>Al llegar al destacamento, Cuevas entreg\u00f3 ambas armas y dijo que lo hab\u00edan atracado y que baleo al que lo hizo.<\/p>\n\n\n\n<p>Por disposici\u00f3n del tribunal, Cuevas cumplir\u00e1 la condena en la c\u00e1rcel del Centro de Operaciones Especiales de la Polic\u00eda Nacional.<strong><\/strong><\/p>\n\n\n\n<p><strong>Direcci\u00f3n General de Comunicaci\u00f3n, Prensa, y RRPP<\/strong><strong><\/strong><\/p>\n\n\n\n<p>Ministerio P\u00fablico.&nbsp;R.D.<\/p>\n\n\n\n<p>Viernes, 21 de junio de 2024<\/p>\n","protected":false},"excerpt":{"rendered":"<p>diariodominicano.com San Crist\u00f3bal, R. D., 21 de junio, 2024.-\u00a0El Tribunal Colegiado de este distrito judicial, conden\u00f3 a 15 a\u00f1os de prisi\u00f3n a un excabo de la Polic\u00eda Nacional, quien asesin\u00f3 de 11 disparos a un hombre, en un hecho ocurrido en el a\u00f1o 2022, en el municipio de Nigua, San Crist\u00f3bal,\u00a0 La condena le fue [&hellip;]<\/p>\n","protected":false},"author":5,"featured_media":351958,"comment_status":"closed","ping_status":"closed","sticky":true,"template":"","format":"standard","meta":{"footnotes":""},"categories":[24,27],"tags":[],"class_list":["post-539579","post","type-post","status-publish","format-standard","has-post-thumbnail","hentry","category-justicia-y-derecho","category-portada"],"_links":{"self":[{"href":"https:\/\/diariodominicano.com\/index.php?rest_route=\/wp\/v2\/posts\/539579","targetHints":{"allow":["GET"]}}],"collection":[{"href":"https:\/\/diariodominicano.com\/index.php?rest_route=\/wp\/v2\/posts"}],"about":[{"href":"https:\/\/diariodominicano.com\/index.php?rest_route=\/wp\/v2\/types\/post"}],"author":[{"embeddable":true,"href":"https:\/\/diariodominicano.com\/index.php?rest_route=\/wp\/v2\/users\/5"}],"replies":[{"embeddable":true,"href":"https:\/\/diariodominicano.com\/index.php?rest_route=%2Fwp%2Fv2%2Fcomments&post=539579"}],"version-history":[{"count":1,"href":"https:\/\/diariodominicano.com\/index.php?rest_route=\/wp\/v2\/posts\/539579\/revisions"}],"predecessor-version":[{"id":539580,"href":"https:\/\/diariodominicano.com\/index.php?rest_route=\/wp\/v2\/posts\/539579\/revisions\/539580"}],"wp:featuredmedia":[{"embeddable":true,"href":"https:\/\/diariodominicano.com\/index.php?rest_route=\/wp\/v2\/media\/351958"}],"wp:attachment":[{"href":"https:\/\/diariodominicano.com\/index.php?rest_route=%2Fwp%2Fv2%2Fmedia&parent=539579"}],"wp:term":[{"taxonomy":"category","embeddable":true,"href":"https:\/\/diariodominicano.com\/index.php?rest_route=%2Fwp%2Fv2%2Fcategories&post=539579"},{"taxonomy":"post_tag","embeddable":true,"href":"https:\/\/diariodominicano.com\/index.php?rest_route=%2Fwp%2Fv2%2Ftags&post=539579"}],"curies":[{"name":"wp","href":"https:\/\/api.w.org\/{rel}","templated":true}]}}