{"id":539576,"date":"2024-06-21T16:12:34","date_gmt":"2024-06-21T20:12:34","guid":{"rendered":"https:\/\/diariodominicano.com\/?p=539576"},"modified":"2024-06-21T16:12:41","modified_gmt":"2024-06-21T20:12:41","slug":"premio-nacional-de-artes-escenicas-para-dominicano-eduardo-villanueva","status":"publish","type":"post","link":"https:\/\/diariodominicano.com\/?p=539576","title":{"rendered":"Premio Nacional de Artes Esc\u00e9nicas para dominicano Eduardo Villanueva"},"content":{"rendered":"\n<p>diariodominicano.com<\/p>\n\n\n\n<p>Santo Domingo, 21 jun (Prensa Latina) El Ministerio de Cultura de Rep\u00fablica Dominicana otorg\u00f3 hoy el Premio Nacional de las Artes Esc\u00e9nicas en su edici\u00f3n 2024 a Eduardo Villanueva, en reconocimiento a su trayectoria y aportes en el \u00e1rea de la danza.<\/p>\n\n\n\n<p>Villanueva, director fundador del Ballet Nacional en 1981 y del Taller de Danza Moderna, en 1985, ha dejado una huella imborrable en la escena cultural de la Rep\u00fablica Dominicana.<\/p>\n\n\n\n<p>As\u00ed lo consider\u00f3 el jurado, presidido por la titular de Cultura, Milagros Germ\u00e1n, quien resalt\u00f3 sus aportes en el desarrollo y promoci\u00f3n de la danza.<\/p>\n\n\n\n<p>\u00abEduardo Villanueva ha demostrado, con su arte y dedicaci\u00f3n, ser una de las figuras m\u00e1s emblem\u00e1ticas de la danza en nuestro pa\u00eds, y este reconocimiento es m\u00e1s que merecido\u00bb, manifest\u00f3 Germ\u00e1n tras el anuncio de la decisi\u00f3n del jurado.<\/p>\n\n\n\n<p>Este \u00faltimo lo integraron Giovanny Cruz, viceministro de Creatividad y Formaci\u00f3n Art\u00edstica; Marianela Sallent, directora general de Bellas Artes, y Carlos Veit\u00eda, director del Teatro Nacional Eduardo Brito.<\/p>\n\n\n\n<p>El Ministerio de Cultura public\u00f3 en su portal que Villanueva posee una formaci\u00f3n diversa y extensa, que comenz\u00f3 en la Academia de Clara Elena Ram\u00edrez y perfeccion\u00f3 en instituciones de renombre, como el Departamento de Danza de la Universidad Estatal de Viena, el American Ballet Theater School, el Alvin Ailey American Dance Center, entre otras instituciones.<\/p>\n\n\n\n<p>Como core\u00f3grafo, ha producido m\u00e1s de 100 ballet, destac\u00e1ndose en obras como \u201cLas hermanas Mirabal\u201d, \u201cSalom\u00e9 Ure\u00f1a\u201d y \u201cLa casa de Bernarda Alba\u201d.<\/p>\n\n\n\n<p>Adem\u00e1s de su carrera en la danza, resalta por su trayectoria como actor y cantante en \u00f3peras y musicales como \u201cRigoletto\u201d, \u201cCarmen\u201d y \u201cWest Side Story\u201d, bajo la direcci\u00f3n de reconocidos directores, entre estos Carlos Piantini y Bienvenido Miranda.<\/p>\n\n\n\n<p>El laureado artista tambi\u00e9n ha contribuido al \u00e1mbito literario con m\u00e1s de 500 art\u00edculos para la prensa nacional e internacional, y ha traducido varios libros de historia, arte y teolog\u00eda al castellano.<\/p>\n\n\n\n<p>Entre sus numerosos reconocimientos, sobresalen los premios Casandra (ahora Soberano) y los otorgados por la Secretar\u00eda de Estado de Cultura en 2003 y 2021.<\/p>\n\n\n\n<p>Ha desempe\u00f1ado diversas funciones, como gerente de Responsabilidad Social Corporativa del Consorcio Azucarero de Empresas Industriales (CAEI), siendo actualmente consultor cultural de la Fundaci\u00f3n Sinfon\u00eda.<\/p>\n\n\n\n<p>arc\/mpv<\/p>\n","protected":false},"excerpt":{"rendered":"<p>diariodominicano.com Santo Domingo, 21 jun (Prensa Latina) El Ministerio de Cultura de Rep\u00fablica Dominicana otorg\u00f3 hoy el Premio Nacional de las Artes Esc\u00e9nicas en su edici\u00f3n 2024 a Eduardo Villanueva, en reconocimiento a su trayectoria y aportes en el \u00e1rea de la danza. Villanueva, director fundador del Ballet Nacional en 1981 y del Taller de [&hellip;]<\/p>\n","protected":false},"author":5,"featured_media":539577,"comment_status":"closed","ping_status":"closed","sticky":true,"template":"","format":"standard","meta":{"footnotes":""},"categories":[21,25,27],"tags":[],"class_list":["post-539576","post","type-post","status-publish","format-standard","has-post-thumbnail","hentry","category-cultura","category-gente","category-portada"],"_links":{"self":[{"href":"https:\/\/diariodominicano.com\/index.php?rest_route=\/wp\/v2\/posts\/539576","targetHints":{"allow":["GET"]}}],"collection":[{"href":"https:\/\/diariodominicano.com\/index.php?rest_route=\/wp\/v2\/posts"}],"about":[{"href":"https:\/\/diariodominicano.com\/index.php?rest_route=\/wp\/v2\/types\/post"}],"author":[{"embeddable":true,"href":"https:\/\/diariodominicano.com\/index.php?rest_route=\/wp\/v2\/users\/5"}],"replies":[{"embeddable":true,"href":"https:\/\/diariodominicano.com\/index.php?rest_route=%2Fwp%2Fv2%2Fcomments&post=539576"}],"version-history":[{"count":1,"href":"https:\/\/diariodominicano.com\/index.php?rest_route=\/wp\/v2\/posts\/539576\/revisions"}],"predecessor-version":[{"id":539578,"href":"https:\/\/diariodominicano.com\/index.php?rest_route=\/wp\/v2\/posts\/539576\/revisions\/539578"}],"wp:featuredmedia":[{"embeddable":true,"href":"https:\/\/diariodominicano.com\/index.php?rest_route=\/wp\/v2\/media\/539577"}],"wp:attachment":[{"href":"https:\/\/diariodominicano.com\/index.php?rest_route=%2Fwp%2Fv2%2Fmedia&parent=539576"}],"wp:term":[{"taxonomy":"category","embeddable":true,"href":"https:\/\/diariodominicano.com\/index.php?rest_route=%2Fwp%2Fv2%2Fcategories&post=539576"},{"taxonomy":"post_tag","embeddable":true,"href":"https:\/\/diariodominicano.com\/index.php?rest_route=%2Fwp%2Fv2%2Ftags&post=539576"}],"curies":[{"name":"wp","href":"https:\/\/api.w.org\/{rel}","templated":true}]}}