{"id":53951,"date":"2020-05-12T13:31:22","date_gmt":"2020-05-12T13:31:22","guid":{"rendered":"http:\/\/diariodominicano.ddns.net\/?p=53951"},"modified":"2020-05-12T13:31:22","modified_gmt":"2020-05-12T13:31:22","slug":"jorge-severino-adios-al-destacado-pintor-puertoplateno","status":"publish","type":"post","link":"https:\/\/diariodominicano.com\/?p=53951","title":{"rendered":"Jorge Severino, adi\u00f3s al destacado pintor puertoplate\u00f1o"},"content":{"rendered":"<p><body><\/p>\n<p>Jorge Severino, adi\u00f3s al destacado pintor puertoplate\u00f1o<\/p>\n<\/p>\n<p><strong>Santo Domingo, RD, 11 de mayo de 2020.- <\/strong>Falleci\u00f3 el lunes lunes el destacado pintor dominicano Jorge Severino, una personalidad muy querida en la vida art\u00edstica nacional e internacional.<\/p>\n<\/p>\n<p>Jorge Severino, destacado pintor?acuarelista puertoplate\u00f1o, gan\u00f3 varios premios en concursos de pinturas nacionales e internacionales.<\/p>\n<\/p>\n<p>Se dio a conocer en el pa\u00eds como pintor al ganar el Segundo Premio del IV Concurso Anual de E. Le\u00f3n Jimenes, en el a\u00f1o 1968. A partir de ah\u00ed se ha perfilado como un cotizado pintor?acuarelista, siendo alabado y reconocido por la cr\u00edtica de arte del pa\u00eds y del extranjero como un extraordinario pintor, seg\u00fan la biograf\u00eda hecha por Juan Ventura.<\/p>\n<\/p>\n<p>Severino ha sido un ferviente defensor de las mujeres plasmadas en sus obras de arte.<\/p>\n<\/p>\n<p>De acuerdo a la biograf\u00eda, particip\u00f3 en nueve exposiciones individuales, como en la Galer\u00eda  Otero, en Altos de Chav\u00f3n y en la Galer\u00eda Nader.<\/p>\n<h6> 2020-05-12 13:31:22 <\/h6>\n<p><!--\n<link rel=\"stylesheet\" href=\"css\/bootstrap.min.css\">\n\n\n<ul class=\"pagination\">\n\t    \n\t\n\n<li >\n\t<a href='?page_no=613'>Previous<\/a>\n\t<\/li>\n\n\n       \n    \n\n<li><a href='?page_no=1'>1<\/a><\/li>\n\n\n\n<li><a href='?page_no=2'>2<\/a><\/li>\n\n\n\n<li><a>...<\/a><\/li>\n\n\n\n<li><a href='?page_no=612'>612<\/a><\/li>\n\n\n\n<li><a href='?page_no=613'>613<\/a><\/li>\n\n\n\n<li class='active'><a>614<\/a><\/li>\n\n\n\n<li><a href='?page_no=615'>615<\/a><\/li>\n\n\n\n<li><a href='?page_no=616'>616<\/a><\/li>\n\n\n\n<li><a>...<\/a><\/li>\n\n\n\n<li><a href='?page_no=22911'>22911<\/a><\/li>\n\n\n\n<li><a href='?page_no=22912'>22912<\/a><\/li>\n\n    \n\t\n\n<li >\n\t<a href='?page_no=615'>Next<\/a>\n\t<\/li>\n\n\n    \n\n<li><a href='?page_no=22912'>Last &rsaquo;&rsaquo;<\/a><\/li>\n\n<\/ul>\n\n\n--><br \/>\n<\/body><\/p>\n","protected":false},"excerpt":{"rendered":"<p>Jorge Severino, adi\u00f3s al destacado pintor puertoplate\u00f1o Santo Domingo, RD, 11 de mayo de 2020.- Falleci\u00f3 el lunes lunes el destacado pintor dominicano Jorge Severino, una personalidad muy querida en la vida art\u00edstica nacional e internacional. Jorge Severino, destacado pintor?acuarelista puertoplate\u00f1o, gan\u00f3 varios premios en concursos de pinturas nacionales e internacionales. Se dio a conocer [&hellip;]<\/p>\n","protected":false},"author":3,"featured_media":0,"comment_status":"open","ping_status":"open","sticky":false,"template":"","format":"standard","meta":{"footnotes":""},"categories":[21],"tags":[],"class_list":["post-53951","post","type-post","status-publish","format-standard","hentry","category-cultura"],"_links":{"self":[{"href":"https:\/\/diariodominicano.com\/index.php?rest_route=\/wp\/v2\/posts\/53951","targetHints":{"allow":["GET"]}}],"collection":[{"href":"https:\/\/diariodominicano.com\/index.php?rest_route=\/wp\/v2\/posts"}],"about":[{"href":"https:\/\/diariodominicano.com\/index.php?rest_route=\/wp\/v2\/types\/post"}],"author":[{"embeddable":true,"href":"https:\/\/diariodominicano.com\/index.php?rest_route=\/wp\/v2\/users\/3"}],"replies":[{"embeddable":true,"href":"https:\/\/diariodominicano.com\/index.php?rest_route=%2Fwp%2Fv2%2Fcomments&post=53951"}],"version-history":[{"count":0,"href":"https:\/\/diariodominicano.com\/index.php?rest_route=\/wp\/v2\/posts\/53951\/revisions"}],"wp:attachment":[{"href":"https:\/\/diariodominicano.com\/index.php?rest_route=%2Fwp%2Fv2%2Fmedia&parent=53951"}],"wp:term":[{"taxonomy":"category","embeddable":true,"href":"https:\/\/diariodominicano.com\/index.php?rest_route=%2Fwp%2Fv2%2Fcategories&post=53951"},{"taxonomy":"post_tag","embeddable":true,"href":"https:\/\/diariodominicano.com\/index.php?rest_route=%2Fwp%2Fv2%2Ftags&post=53951"}],"curies":[{"name":"wp","href":"https:\/\/api.w.org\/{rel}","templated":true}]}}