{"id":539400,"date":"2024-06-20T21:37:32","date_gmt":"2024-06-21T01:37:32","guid":{"rendered":"https:\/\/diariodominicano.com\/?p=539400"},"modified":"2024-06-20T21:59:23","modified_gmt":"2024-06-21T01:59:23","slug":"tribunal-impone-prision-preventiva-a-hombre-que-ultimo-pareja-e-hirio-amiga-de-esta-en-comunidad-la-guayiga-de-pedro-brand","status":"publish","type":"post","link":"https:\/\/diariodominicano.com\/?p=539400","title":{"rendered":"Oficina Judicial de Servicios de Atenci\u00f3n Permanente de SDO  impone tres meses de prisi\u00f3n preventiva a hombre que mat\u00f3 pareja e hiri\u00f3 amiga  en  La Gu\u00e1yiga, de Pedro Brand"},"content":{"rendered":"\n<p>SANTO DOMINGO, Rep\u00fablica Dominicana.- La Oficina Judicial de Servicios de Atenci\u00f3n Permanente de Santo Domingo Oeste le impuso tres meses de prisi\u00f3n preventiva a un hombre imputado de ultimar a su pareja y herir a una amiga de esta, en un hecho ocurrido en la comunidad La Gu\u00e1yiga, del municipio Pedro Brand.<\/p>\n\n\n\n<p>La jueza Cecilia Toribio dispuso que el encartado Carlos Andr\u00e9s Gonz\u00e1lez cumpla la prisi\u00f3n preventiva en el Centro de Correcci\u00f3n y Rehabilitaci\u00f3n (CCR) Najayo-Hombres, en la provincia San Crist\u00f3bal.<\/p>\n\n\n\n<p>Las investigaciones realizadas por el Ministerio P\u00fablico precisan que, el pasado viernes 14 de junio, el imputado Carlos Andr\u00e9s Gonz\u00e1lez se present\u00f3 a la vivienda que compart\u00eda con la hoy occisa Sugeirys Mart\u00ednez Castillo, y en forma agresiva pregunt\u00f3 a su hija menor de 15 a\u00f1os, cuyo nombre se omite por motivos legales, que d\u00f3nde se encontraba su progenitora.<\/p>\n\n\n\n<p>Momentos m\u00e1s tarde, la hoy occisa Sugeirys Mart\u00ednez Castillo llega a la casa junto a su amiga Katherine Esthefani Batista De La Cruz, y, sin dar tiempo a que entraran a la vivienda, este agredi\u00f3 a ambas, provoc\u00e1ndole m\u00faltiples heridas de arma de fuego.<\/p>\n\n\n\n<p>La v\u00edctima Sugeirys Mart\u00ednez Castillo falleci\u00f3 en el lugar de los hechos a causa de shock hemorr\u00e1gico por herida de proyectil de arma de fuego en regi\u00f3n dorsal y salida en t\u00f3rax, de acuerdo con el acta de levantamiento de cad\u00e1ver No. 82715.<\/p>\n\n\n\n<p>Mientras que la v\u00edctima Katherine Esthefani Batista De La Cruz fue trasladada a un hospital, donde se encuentra ingresada en la unidad de cuidados intensivos a causa de herida de arma de fuego en regi\u00f3n abdominal con entrada y salida.<\/p>\n\n\n\n<p>El Ministerio P\u00fablico ha asignado al caso la calificaci\u00f3n jur\u00eddica provisional de violaci\u00f3n a los art\u00edculos 2-295, 295 y 304, p\u00e1rrafo II, del C\u00f3digo Penal Dominicano, y los art\u00edculos 66 y 67 de la Ley 631-16 para el Control y Regulaci\u00f3n de Armas, Municiones y Materiales Relacionados.<\/p>\n\n\n\n<p><strong>Direcci\u00f3n General de Comunicaci\u00f3n, Prensa, y RRPP<\/strong><strong><\/strong><\/p>\n\n\n\n<p>Ministerio P\u00fablico. R.D.<\/p>\n","protected":false},"excerpt":{"rendered":"<p>SANTO DOMINGO, Rep\u00fablica Dominicana.- La Oficina Judicial de Servicios de Atenci\u00f3n Permanente de Santo Domingo Oeste le impuso tres meses de prisi\u00f3n preventiva a un hombre imputado de ultimar a su pareja y herir a una amiga de esta, en un hecho ocurrido en la comunidad La Gu\u00e1yiga, del municipio Pedro Brand. La jueza Cecilia [&hellip;]<\/p>\n","protected":false},"author":7,"featured_media":495896,"comment_status":"closed","ping_status":"closed","sticky":true,"template":"","format":"standard","meta":{"footnotes":""},"categories":[24,27],"tags":[],"class_list":["post-539400","post","type-post","status-publish","format-standard","has-post-thumbnail","hentry","category-justicia-y-derecho","category-portada"],"_links":{"self":[{"href":"https:\/\/diariodominicano.com\/index.php?rest_route=\/wp\/v2\/posts\/539400","targetHints":{"allow":["GET"]}}],"collection":[{"href":"https:\/\/diariodominicano.com\/index.php?rest_route=\/wp\/v2\/posts"}],"about":[{"href":"https:\/\/diariodominicano.com\/index.php?rest_route=\/wp\/v2\/types\/post"}],"author":[{"embeddable":true,"href":"https:\/\/diariodominicano.com\/index.php?rest_route=\/wp\/v2\/users\/7"}],"replies":[{"embeddable":true,"href":"https:\/\/diariodominicano.com\/index.php?rest_route=%2Fwp%2Fv2%2Fcomments&post=539400"}],"version-history":[{"count":3,"href":"https:\/\/diariodominicano.com\/index.php?rest_route=\/wp\/v2\/posts\/539400\/revisions"}],"predecessor-version":[{"id":539417,"href":"https:\/\/diariodominicano.com\/index.php?rest_route=\/wp\/v2\/posts\/539400\/revisions\/539417"}],"wp:featuredmedia":[{"embeddable":true,"href":"https:\/\/diariodominicano.com\/index.php?rest_route=\/wp\/v2\/media\/495896"}],"wp:attachment":[{"href":"https:\/\/diariodominicano.com\/index.php?rest_route=%2Fwp%2Fv2%2Fmedia&parent=539400"}],"wp:term":[{"taxonomy":"category","embeddable":true,"href":"https:\/\/diariodominicano.com\/index.php?rest_route=%2Fwp%2Fv2%2Fcategories&post=539400"},{"taxonomy":"post_tag","embeddable":true,"href":"https:\/\/diariodominicano.com\/index.php?rest_route=%2Fwp%2Fv2%2Ftags&post=539400"}],"curies":[{"name":"wp","href":"https:\/\/api.w.org\/{rel}","templated":true}]}}