{"id":53940,"date":"2020-05-13T07:55:50","date_gmt":"2020-05-13T07:55:50","guid":{"rendered":"http:\/\/diariodominicano.ddns.net\/?p=53940"},"modified":"2020-05-13T07:55:50","modified_gmt":"2020-05-13T07:55:50","slug":"baez-en-el-plan-para-derrocar-al-presidente-manuel-jimenes","status":"publish","type":"post","link":"https:\/\/diariodominicano.com\/?p=53940","title":{"rendered":"B\u00e1ez en el plan para derrocar al presidente Manuel Jimenes"},"content":{"rendered":"<p><body><\/p>\n<p><img decoding=\"async\" src=\"img3\/Baez4000.jpg\" \/><br \/><img decoding=\"async\" src=\"img3\/manuel jimez13.jpg\" \/>  <\/p>\n<p><strong>Diariodominicano.com<\/strong><\/p>\n<p><strong>B\u00e1ez en el plan para derrocar al presidente Manuel Jimenes<\/strong><\/p>\n<p><strong>SANTO DOMINGO, el  13 de Mayo de 1849,<\/strong> el Congreso Nacional acus\u00f3 al Presidente Manuel Jimenes de ejercer coacci\u00f3n contra el Poder Legislativo. El documento fue le\u00eddo por el presidente del Congreso,  Buenaventura B\u00e1ez.<\/p>\n<\/p>\n<p>    El mismo d\u00eda 13 de mayo, el General Pedro  Santana proclam\u00f3 que desconoc\u00eda la legitimidad del Presidente Manuel Jimenes.<\/p>\n<\/p>\n<p>    Las pugnas entre el Jefe del Estado y el Congreso se agudizaron luego de que los legisladores sugirieron el traslado del Congreso Nacional a la ciudad de San Crist\u00f3bal, lo que fue rechazado por el Presidente Manuel Jimenes.<\/p>\n<\/p>\n<p>   El general  Santana hab\u00eda iniciado un plan para derrocar al Presidente Manuel Jimenes, el d\u00eda 9 de Mayo de 1849.<\/p>\n<\/p>\n<p>   Santana aprovech\u00f3  que el Congreso Nacional  lo llamara, a pesar de la oposici\u00f3n del Presidente Manuel Jimenes, para que se pusiera al frente del Ej\u00e9rcito dominicano que luchaba contra los haitianos en la regi\u00f3n Sur.<\/p>\n<\/p>\n<p> En el momento se tem\u00eda que los haitianos continuaran sus ataques contra la Rep\u00fablica Dominicana y tomaran la Capital. Pedro Santana fue el comandante militar de  la batalla de Las Carreras, en  1849, en la cual fueron derrotados los haitianos.<\/p>\n<\/p>\n<p>    Entre los comandantes que se distinguieron en la batalla de Las Carreras  estuvieron  Mat\u00edas Ram\u00f3n Mella y Antonio Duverg\u00e9.<\/p>\n<\/p>\n<p>     Como parte del plan  para derrocar al Presidente Manuel Jimenes, el Congreso Nacional  llam\u00f3 al general Pedro Santana, por  considerar que el Presidente Manuel Jimenes no actu\u00f3 con energ\u00eda contra los haitianos.<\/p>\n<\/p>\n<p>    Documentos de 1849 dan cuenta de que los legisladores perdieron la fe en el Presidente Manuel Jimenes, y olvidando los antiguos agravios, llamaron de nuevo al general Pedro Santana para que se pusiera al frente del Ej\u00e9rcito dominicano y fuera en  ayuda de  los generales Antonio Duverg\u00e9 y Felipe Alfau, quienes se encontraban en la loma de El N\u00famero en Sabana Buey, en espera del ataque de los haitianos.<\/p>\n<\/p>\n<p> Consciente  del peligro que constitu\u00eda para su gobierno  el general Santana, el Presidente Manuel Jimenes trat\u00f3 de impedir que el general Pedro Santana volviera a tener el mando del Ej\u00e9rcito Nacional, pero el Congreso Nacional se lo impuso, y como Santana hab\u00eda ganado la batalla de Las Carreras en Abril de 1849, recobr\u00f3 su liderazgo pol\u00edtico y militar.<\/p>\n<\/p>\n<p>    De esa manera, Pedro Santana qued\u00f3 en la posici\u00f3n de minar las bases del Gobierno del Presidente Manuel Jimenes, como lo pudo demostrar con la acusaci\u00f3n que le hizo el Congreso al Jefe del Estado el 13 de Mayo de 1849.<\/p>\n<\/p>\n<p>   Al terminar la guerra contra Hait\u00ed,  Pedro Santana logr\u00f3 que el Ej\u00e9rcito Nacional  hiciera p\u00fablico un manifiesto en virtud del cual autorizaba al jefe militar a no depositar las armas  hasta tanto no dejase establecido un Gobierno liberal  que respetara la Constituci\u00f3n y las Leyes y alejase para siempre la discordia.<\/p>\n<\/p>\n<p>    El Presidente Manuel Jimenes fue acusado de poner en peligro la integridad de la Rep\u00fablica, desorganizando el Ej\u00e9rcito Nacional  y desmoralizando el esp\u00edritu nacional.<\/p>\n<\/p>\n<p>    A partir del d\u00eda 13 de Mayo de 1849, el general  Santana tom\u00f3 la decisi\u00f3n de continuar su insubordinaci\u00f3n  hasta derrocar al Presidente Manuel Jimenes.<\/p>\n<\/p>\n<\/p>\n<\/p>\n<h6> 2020-05-13 07:55:50 <\/h6>\n<p><!--\n<link rel=\"stylesheet\" href=\"css\/bootstrap.min.css\">\n\n\n<ul class=\"pagination\">\n\t    \n\t\n\n<li >\n\t<a href='?page_no=612'>Previous<\/a>\n\t<\/li>\n\n\n       \n    \n\n<li><a href='?page_no=1'>1<\/a><\/li>\n\n\n\n<li><a href='?page_no=2'>2<\/a><\/li>\n\n\n\n<li><a>...<\/a><\/li>\n\n\n\n<li><a href='?page_no=611'>611<\/a><\/li>\n\n\n\n<li><a href='?page_no=612'>612<\/a><\/li>\n\n\n\n<li class='active'><a>613<\/a><\/li>\n\n\n\n<li><a href='?page_no=614'>614<\/a><\/li>\n\n\n\n<li><a href='?page_no=615'>615<\/a><\/li>\n\n\n\n<li><a>...<\/a><\/li>\n\n\n\n<li><a href='?page_no=22911'>22911<\/a><\/li>\n\n\n\n<li><a href='?page_no=22912'>22912<\/a><\/li>\n\n    \n\t\n\n<li >\n\t<a href='?page_no=614'>Next<\/a>\n\t<\/li>\n\n\n    \n\n<li><a href='?page_no=22912'>Last &rsaquo;&rsaquo;<\/a><\/li>\n\n<\/ul>\n\n\n--><br \/>\n<\/body><\/p>\n","protected":false},"excerpt":{"rendered":"<p>Diariodominicano.com B\u00e1ez en el plan para derrocar al presidente Manuel Jimenes SANTO DOMINGO, el 13 de Mayo de 1849, el Congreso Nacional acus\u00f3 al Presidente Manuel Jimenes de ejercer coacci\u00f3n contra el Poder Legislativo. El documento fue le\u00eddo por el presidente del Congreso, Buenaventura B\u00e1ez. El mismo d\u00eda 13 de mayo, el General Pedro Santana [&hellip;]<\/p>\n","protected":false},"author":3,"featured_media":0,"comment_status":"open","ping_status":"open","sticky":false,"template":"","format":"standard","meta":{"footnotes":""},"categories":[21],"tags":[],"class_list":["post-53940","post","type-post","status-publish","format-standard","hentry","category-cultura"],"_links":{"self":[{"href":"https:\/\/diariodominicano.com\/index.php?rest_route=\/wp\/v2\/posts\/53940","targetHints":{"allow":["GET"]}}],"collection":[{"href":"https:\/\/diariodominicano.com\/index.php?rest_route=\/wp\/v2\/posts"}],"about":[{"href":"https:\/\/diariodominicano.com\/index.php?rest_route=\/wp\/v2\/types\/post"}],"author":[{"embeddable":true,"href":"https:\/\/diariodominicano.com\/index.php?rest_route=\/wp\/v2\/users\/3"}],"replies":[{"embeddable":true,"href":"https:\/\/diariodominicano.com\/index.php?rest_route=%2Fwp%2Fv2%2Fcomments&post=53940"}],"version-history":[{"count":0,"href":"https:\/\/diariodominicano.com\/index.php?rest_route=\/wp\/v2\/posts\/53940\/revisions"}],"wp:attachment":[{"href":"https:\/\/diariodominicano.com\/index.php?rest_route=%2Fwp%2Fv2%2Fmedia&parent=53940"}],"wp:term":[{"taxonomy":"category","embeddable":true,"href":"https:\/\/diariodominicano.com\/index.php?rest_route=%2Fwp%2Fv2%2Fcategories&post=53940"},{"taxonomy":"post_tag","embeddable":true,"href":"https:\/\/diariodominicano.com\/index.php?rest_route=%2Fwp%2Fv2%2Ftags&post=53940"}],"curies":[{"name":"wp","href":"https:\/\/api.w.org\/{rel}","templated":true}]}}