{"id":539357,"date":"2024-06-20T14:44:29","date_gmt":"2024-06-20T18:44:29","guid":{"rendered":"https:\/\/diariodominicano.com\/?p=539357"},"modified":"2024-06-20T14:44:37","modified_gmt":"2024-06-20T18:44:37","slug":"celebran-encuentro-de-confraternidad-para-las-madres-acroartistas","status":"publish","type":"post","link":"https:\/\/diariodominicano.com\/?p=539357","title":{"rendered":"Celebran encuentro de confraternidad para las Madres Acroartistas\u00a0"},"content":{"rendered":"\n<p>diariodominicano.com<\/p>\n\n\n\n<p>Santo Domingo. R. D.,\u200220 de junio, 2024.-\u2002 Bajo el concepto \u201cLas madres se celebran todo el a\u00f1o\u201d, la Asociaci\u00f3n de Cronistas de Arte (Acroarte) realiz\u00f3 un agazajo muy especial para las miembros del gremio que se han convertido en creadoras de vida y portadoras de amor y luz.<\/p>\n\n\n\n<p>La actividad se llev\u00f3 a cabo en las elegantes instalaciones de MID Center Events, desde el piso 12 del Edificio La Cumbre, donde las madres acroartistas disfrutaron de una velada que calificaron como \u201cinolvidable\u201d a ritmo de mariachis, y la participaci\u00f3n art\u00edstica de la orquesta del canta lindo del merengue El Jefrey.<\/p>\n\n\n\n<p>Al pronunciar las palabras de bienvenida, la presidente de Acroarte, Wanda S\u00e1nchez, destac\u00f3 la importancia de continuar fomentando la confraternidad entre sus miembros, destacando que son ellos el activo m\u00e1s importante del gremio.<\/p>\n\n\n\n<p>\u201cDesde esta gesti\u00f3n que encabezo, estamos convencidos del alcance que tienen este tipo de encuentros, que nos permiten adem\u00e1s de compartir de manera cercana y especial, cultivar la fidelidad y el sentido de pertenencia gremial. Por eso, festejar a las madres es para nosotros una ocasi\u00f3n que trasciende a un mes en particular, pues es un don para toda la vida y todos los meses del a\u00f1o\u201d, detall\u00f3.<\/p>\n\n\n\n<p>S\u00e1nchez estuvo acompa\u00f1ada por Marivell Contreras, secretaria general; Eugenio P\u00e9rez, secretario de finanzas; y Jos\u00e9 D\u00b4Laura, secretario de asuntos regionales, del Comit\u00e9 Ejecutivo Nacional que dirige la instituci\u00f3n en el per\u00edodo 2013-2015.<\/p>\n\n\n\n<p>Al disfrutar de las atenciones y del exquisito buffet de MID Center Events, del empresario N\u00e9stor Caro, las madres acroartistas recibieron regalos personalizados para recordar una noche tan especial. &nbsp;<\/p>\n\n\n\n<p>El encuentro cont\u00f3 con el respaldo de importantes empresas patrocinadoras como Cervecer\u00eda Nacional Dominicana, Senasa, Hipermercados Ol\u00e9, TCL Tecnnology, Fungerdi, el centro de est\u00e9tica Skincare de la Dra Mirna de la Cruz, y Fais\u00e1n Express.<\/p>\n\n\n\n<p>La fiesta tambi\u00e9n cont\u00f3 con la presencia de invitados especiales, como los miembros del Consejo de Asesores, ex presidentes de filiales y otros directivos de instancias de gesti\u00f3n de la instituci\u00f3n. Se destaca la presencia de una importante delegaci\u00f3n de las madres acroartistas de la Filial Santiago, encabezada por la periodista Yamira Taveras, presidente de la filial.<\/p>\n\n\n\n<p><strong>Jueves 20 de Junio 2024.-<\/strong><\/p>\n\n\n\n<p><strong>Asociaci\u00f3n de Cronistas de Arte&nbsp;<\/strong><strong>de la Rep\u00fablica Dominicana, Inc.<\/strong><\/p>\n","protected":false},"excerpt":{"rendered":"<p>diariodominicano.com Santo Domingo. R. D.,\u200220 de junio, 2024.-\u2002 Bajo el concepto \u201cLas madres se celebran todo el a\u00f1o\u201d, la Asociaci\u00f3n de Cronistas de Arte (Acroarte) realiz\u00f3 un agazajo muy especial para las miembros del gremio que se han convertido en creadoras de vida y portadoras de amor y luz. La actividad se llev\u00f3 a cabo [&hellip;]<\/p>\n","protected":false},"author":5,"featured_media":539358,"comment_status":"closed","ping_status":"closed","sticky":true,"template":"","format":"standard","meta":{"footnotes":""},"categories":[20,25,27],"tags":[],"class_list":["post-539357","post","type-post","status-publish","format-standard","has-post-thumbnail","hentry","category-dominicana-hoy","category-gente","category-portada"],"_links":{"self":[{"href":"https:\/\/diariodominicano.com\/index.php?rest_route=\/wp\/v2\/posts\/539357","targetHints":{"allow":["GET"]}}],"collection":[{"href":"https:\/\/diariodominicano.com\/index.php?rest_route=\/wp\/v2\/posts"}],"about":[{"href":"https:\/\/diariodominicano.com\/index.php?rest_route=\/wp\/v2\/types\/post"}],"author":[{"embeddable":true,"href":"https:\/\/diariodominicano.com\/index.php?rest_route=\/wp\/v2\/users\/5"}],"replies":[{"embeddable":true,"href":"https:\/\/diariodominicano.com\/index.php?rest_route=%2Fwp%2Fv2%2Fcomments&post=539357"}],"version-history":[{"count":1,"href":"https:\/\/diariodominicano.com\/index.php?rest_route=\/wp\/v2\/posts\/539357\/revisions"}],"predecessor-version":[{"id":539359,"href":"https:\/\/diariodominicano.com\/index.php?rest_route=\/wp\/v2\/posts\/539357\/revisions\/539359"}],"wp:featuredmedia":[{"embeddable":true,"href":"https:\/\/diariodominicano.com\/index.php?rest_route=\/wp\/v2\/media\/539358"}],"wp:attachment":[{"href":"https:\/\/diariodominicano.com\/index.php?rest_route=%2Fwp%2Fv2%2Fmedia&parent=539357"}],"wp:term":[{"taxonomy":"category","embeddable":true,"href":"https:\/\/diariodominicano.com\/index.php?rest_route=%2Fwp%2Fv2%2Fcategories&post=539357"},{"taxonomy":"post_tag","embeddable":true,"href":"https:\/\/diariodominicano.com\/index.php?rest_route=%2Fwp%2Fv2%2Ftags&post=539357"}],"curies":[{"name":"wp","href":"https:\/\/api.w.org\/{rel}","templated":true}]}}