{"id":539349,"date":"2024-06-20T13:30:38","date_gmt":"2024-06-20T17:30:38","guid":{"rendered":"https:\/\/diariodominicano.com\/?p=539349"},"modified":"2024-06-20T13:33:56","modified_gmt":"2024-06-20T17:33:56","slug":"en-juneteenth-alabama-inaugura-monumento-a-quienes-sufrieron-la-esclavitud","status":"publish","type":"post","link":"https:\/\/diariodominicano.com\/?p=539349","title":{"rendered":"En Juneteenth, Alabama inaugura monumento a quienes sufrieron la esclavitud"},"content":{"rendered":"\n<p>Cientos de personas visitaron el Monumento Nacional a la Libertad el mi\u00e9rcoles 19 de junio de 2024 en Montgomery, Alabama. El monumento tiene inscritos 122.000 apellidos que las personas anteriormente esclavizadas eligieron por s\u00ed mismas, como se documenta en el censo de 1870.<\/p>\n\n\n\n<p>junio 20, 2024<\/p>\n\n\n\n<ul class=\"wp-block-list\">\n<li><a href=\"https:\/\/www.vozdeamerica.com\/author\/associated-press\/v_kyr\">Associated Press<\/a><\/li>\n<\/ul>\n\n\n\n<hr class=\"wp-block-separator has-alpha-channel-opacity\"\/>\n\n\n\n<p><a href=\"https:\/\/www.vozdeamerica.com\/a\/en-juneteenth-monumento-en-alabama-dedicado-a-quienes-soportaron-la-esclavitud\/7663180.html#comments\">&nbsp;Vea comentarios<\/a><\/p>\n\n\n\n<p>La organizaci\u00f3n sin fines de lucro Equal Justice Initiative invoc\u00f3 el feriado de Juneteenth para inaugurar un monumento en Montgomery, Alabama, en honor a las personas que soportaron y sobrevivieron la esclavitud.<\/p>\n\n\n\n<p>MONTGOMERY, ALABAMA, EEUU \u2014&nbsp;<\/p>\n\n\n\n<p>Miles de apellidos adornan el imponente monumento, que representa a los m\u00e1s de 4 millones de esclavos que fueron liberados despu\u00e9s de la&nbsp;<strong><em><a href=\"https:\/\/www.archives.gov\/research\/military\/civil-war\" target=\"_blank\" rel=\"noreferrer noopener\">Guerra Civil<\/a><\/em><\/strong>, en 1865.<\/p>\n\n\n\n<p>La organizaci\u00f3n sin fines de lucro para la reforma de la justicia penal&nbsp;<strong><em><a href=\"https:\/\/eji.org\/about\/?utm_source=google_cpc&amp;utm_medium=ad_grant&amp;utm_campaign=cbc_ggrant_branded&amp;gad_source=1&amp;gclid=CjwKCAjwps-zBhAiEiwALwsVYTOGOlihUwHoE8k16CduJ8yCro422TAGq_vwXOur5LpOSR72J96TfxoCTSkQAvD_BwE\" target=\"_blank\" rel=\"noreferrer noopener\">Equal Justice Initiative<\/a><\/em><\/strong>&nbsp;aprovech\u00f3 el feriado nacional de Juneteenth, este mi\u00e9rcoles, que conmemora el fin de la esclavitud en los Estados Unidos, para dedicar su Monumento Nacional a la Libertad.<\/p>\n\n\n\n<p>El monumento, que honra a las personas que&nbsp;<em><strong><a href=\"https:\/\/www.vozdeamerica.com\/a\/eeuu-museo-historia-cultura-afroestadounidense-washington-smithsonian\/3522882.html\" target=\"_blank\" rel=\"noreferrer noopener\">soportaron y sobrevivieron la esclavitud<\/a><\/strong><\/em>, es la pieza central del nuevo Parque de Esculturas Freedom Monument en Montgomery, Alabama, donde el arte y los artefactos hist\u00f3ricos cuentan la historia de los esclavos en los Estados Unidos.<\/p>\n\n\n\n<p><video poster=\"https:\/\/gdb.voanews.com\/10050000-0aff-0242-af83-08da52e5e9c0_tv_w650_r1.jpg\" src=\"blob:https:\/\/www.vozdeamerica.com\/c65a1cc9-23d7-4b94-a76c-f6b890798a37\"><\/video><\/p>\n\n\n\n<p>&nbsp;INSERTAR&nbsp;SHARE<\/p>\n\n\n\n<h5 class=\"wp-block-heading\"><a href=\"https:\/\/www.vozdeamerica.com\/a\/en-juneteenth-monumento-en-alabama-dedicado-a-quienes-soportaron-la-esclavitud\/6625242.html\" target=\"_blank\" rel=\"noreferrer noopener\">Juneteenth: D\u00eda de la emancipaci\u00f3n<\/a><\/h5>\n\n\n\n<p>\u00a0<\/p>\n\n\n\n<hr class=\"wp-block-separator has-alpha-channel-opacity\"\/>\n\n\n\n<ul class=\"wp-block-list\">\n<li><a href=\"https:\/\/facebook.com\/sharer.php?u=https%3a%2f%2fwww.vozdeamerica.com%2fa%2f6625242.html\" target=\"_blank\" rel=\"noreferrer noopener\">Comparta en Facebook<\/a><\/li>\n\n\n\n<li><a href=\"https:\/\/twitter.com\/share?url=https%3a%2f%2fwww.vozdeamerica.com%2fa%2f6625242.html&amp;text=Juneteenth%3a+D%c3%ada+de+la+emancipaci%c3%b3n\" target=\"_blank\" rel=\"noreferrer noopener\">Comparta en Twitter<\/a><\/li>\n<\/ul>\n\n\n\n<hr class=\"wp-block-separator has-alpha-channel-opacity\"\/>\n\n\n\n<p><a href=\"https:\/\/www.vozdeamerica.com\/embed\/player\/Article\/6625242.html?type=video&amp;FullScreenMode=True\" target=\"_blank\" rel=\"noreferrer noopener\"><\/a><\/p>\n\n\n\n<p>&nbsp;Descargar&nbsp;<\/p>\n\n\n\n<p>Durante la ceremonia de inauguraci\u00f3n, el fundador de<em>&nbsp;Equal Justice Initiative<\/em>, Bryan Stevenson, cont\u00f3 c\u00f3mo las personas esclavizadas soportaron horrores indescriptibles, pero tambi\u00e9n dejaron un legado de perseverancia y fuerza.<\/p>\n\n\n\n<p>\u201cLos esclavos en este pa\u00eds hicieron algo extraordinario que debemos reconocer, que debemos reconocer y que debemos celebrar. Los esclavos resistieron. Los esclavos eran resistentes. Los esclavos encontraron formas de abrirse camino\u201d, dijo Stevenson.<\/p>\n\n\n\n<p>El Juneteenth es un d\u00eda para confrontar la brutalidad de la esclavitud y su impacto, pero dijo que tambi\u00e9n es un d\u00eda para celebrar la dignidad y la fuerza de las personas que lograron amar y sobrevivir a pesar de lo que enfrentaron.<\/p>\n\n\n\n<p>\u201cNunca dejaron de creer. Nunca dejaron de anhelar la libertad. Esta ma\u00f1ana de Juneteenth, al salir de aqu\u00ed espero que tengamos esperanzas\u201d, dijo Stevenson.<\/p>\n\n\n\n<p><a href=\"https:\/\/www.vozdeamerica.com\/a\/guia-para-el-juneteenth-como-pueden-celebrar-el-nuevo-feriado-todos-los-esadounidenses\/7141703.html\"><\/a><\/p>\n\n\n\n<p><a href=\"https:\/\/www.vozdeamerica.com\/a\/guia-para-el-juneteenth-como-pueden-celebrar-el-nuevo-feriado-todos-los-esadounidenses\/7141703.html\">TAMBI\u00c9N LEA<\/a><\/p>\n\n\n\n<h4 class=\"wp-block-heading\"><a href=\"https:\/\/www.vozdeamerica.com\/a\/guia-para-el-juneteenth-como-pueden-celebrar-el-nuevo-feriado-todos-los-esadounidenses\/7141703.html\">Gu\u00eda para el Juneteenth: \u00bfC\u00f3mo pueden celebrar el nuevo feriado todos los estadounidenses?<\/a><\/h4>\n\n\n\n<p>Juneteenth conmemora el 19 de junio de 1865, el d\u00eda en que los esclavos en Galveston, Texas, descubrieron que eran libres despu\u00e9s de la Guerra Civil. La noticia lleg\u00f3 dos meses despu\u00e9s de terminada la guerra y aproximadamente dos a\u00f1os y medio despu\u00e9s de la Proclamaci\u00f3n de Emancipaci\u00f3n.<\/p>\n\n\n\n<p>Con una extensi\u00f3n de cuatro pisos hacia el cielo, el&nbsp;<em>National Monument to Freedom<\/em>&nbsp;tiene inscritos 122.000 apellidos que las personas anteriormente esclavizadas eligieron por s\u00ed mismas, como se documenta en el censo de 1870, despu\u00e9s de emanciparse al final de la Guerra Civil. Esos apellidos representan a los m\u00e1s de 4 millones de personas esclavizadas que fueron liberadas despu\u00e9s de la emancipaci\u00f3n.<\/p>\n\n\n\n<p>La&nbsp;<em>Equal Justice Initiative<\/em>&nbsp;cre\u00f3 el parque para contar la historia de las personas esclavizadas con honestidad. El parque de esculturas es el tercer sitio creado por la organizaci\u00f3n. Los dos primeros sitios: el Monumento Nacional para la Paz y la Justicia, un monumento a las personas asesinadas en asesinatos por terrorismo racial; y The Legacy Museum: de la esclavitud al encarcelamiento masivo, inaugurado en 2018.<\/p>\n\n\n\n<p><a href=\"https:\/\/www.vozdeamerica.com\/a\/que-es-juneteenth-y-como-se-celebra-en-eeuu-\/7657241.html\"><\/a><\/p>\n\n\n\n<p><a href=\"https:\/\/www.vozdeamerica.com\/a\/que-es-juneteenth-y-como-se-celebra-en-eeuu-\/7657241.html\">TAMBI\u00c9N LEA<\/a><\/p>\n\n\n\n<h4 class=\"wp-block-heading\"><a href=\"https:\/\/www.vozdeamerica.com\/a\/que-es-juneteenth-y-como-se-celebra-en-eeuu-\/7657241.html\">\u00bfQu\u00e9 es \u00abJuneteenth\u00bb y c\u00f3mo se celebra en EEUU?<\/a><\/h4>\n\n\n\n<p>La Dra. Michele R. Williams y su madre, Barbara Y. Williams, revisaron las filas de nombres el mi\u00e9rcoles por la ma\u00f1ana en busca de su apellido familiar, Murdough.<\/p>\n\n\n\n<p>\u00abHay una historia conectada con cada nombre y las familias que representan\u00bb, dijo Michele Williams. Se cree que su antepasado, un hombre llamado Mois\u00e9s, vivi\u00f3 en una de las dos caba\u00f1as de esclavos que fueron tomadas de una plantaci\u00f3n de Alabama para convertirlas en una exhibici\u00f3n en el parque de esculturas.<\/p>\n\n\n\n<p>\u00abFue simplemente desgarrador, pero tambi\u00e9n muy conmovedor\u00bb, dijo Michele Williams sobre ver la caba\u00f1a.<\/p>\n","protected":false},"excerpt":{"rendered":"<p>Cientos de personas visitaron el Monumento Nacional a la Libertad el mi\u00e9rcoles 19 de junio de 2024 en Montgomery, Alabama. El monumento tiene inscritos 122.000 apellidos que las personas anteriormente esclavizadas eligieron por s\u00ed mismas, como se documenta en el censo de 1870. junio 20, 2024 &nbsp;Vea comentarios La organizaci\u00f3n sin fines de lucro Equal [&hellip;]<\/p>\n","protected":false},"author":2,"featured_media":539350,"comment_status":"closed","ping_status":"closed","sticky":false,"template":"","format":"standard","meta":{"footnotes":""},"categories":[21,36,26,23],"tags":[],"class_list":["post-539349","post","type-post","status-publish","format-standard","has-post-thumbnail","hentry","category-cultura","category-hombresmujeresycosas","category-efemerides","category-internacional"],"_links":{"self":[{"href":"https:\/\/diariodominicano.com\/index.php?rest_route=\/wp\/v2\/posts\/539349","targetHints":{"allow":["GET"]}}],"collection":[{"href":"https:\/\/diariodominicano.com\/index.php?rest_route=\/wp\/v2\/posts"}],"about":[{"href":"https:\/\/diariodominicano.com\/index.php?rest_route=\/wp\/v2\/types\/post"}],"author":[{"embeddable":true,"href":"https:\/\/diariodominicano.com\/index.php?rest_route=\/wp\/v2\/users\/2"}],"replies":[{"embeddable":true,"href":"https:\/\/diariodominicano.com\/index.php?rest_route=%2Fwp%2Fv2%2Fcomments&post=539349"}],"version-history":[{"count":2,"href":"https:\/\/diariodominicano.com\/index.php?rest_route=\/wp\/v2\/posts\/539349\/revisions"}],"predecessor-version":[{"id":539353,"href":"https:\/\/diariodominicano.com\/index.php?rest_route=\/wp\/v2\/posts\/539349\/revisions\/539353"}],"wp:featuredmedia":[{"embeddable":true,"href":"https:\/\/diariodominicano.com\/index.php?rest_route=\/wp\/v2\/media\/539350"}],"wp:attachment":[{"href":"https:\/\/diariodominicano.com\/index.php?rest_route=%2Fwp%2Fv2%2Fmedia&parent=539349"}],"wp:term":[{"taxonomy":"category","embeddable":true,"href":"https:\/\/diariodominicano.com\/index.php?rest_route=%2Fwp%2Fv2%2Fcategories&post=539349"},{"taxonomy":"post_tag","embeddable":true,"href":"https:\/\/diariodominicano.com\/index.php?rest_route=%2Fwp%2Fv2%2Ftags&post=539349"}],"curies":[{"name":"wp","href":"https:\/\/api.w.org\/{rel}","templated":true}]}}