{"id":539182,"date":"2024-06-19T20:21:17","date_gmt":"2024-06-20T00:21:17","guid":{"rendered":"https:\/\/diariodominicano.com\/?p=539182"},"modified":"2024-06-19T20:46:10","modified_gmt":"2024-06-20T00:46:10","slug":"ctn-ofrece-detalles-de-la-xxiii-version-de-vacaciones-ctn-expo-feria-2024-porque-tu-familia-y-tu-se-lo-merecen","status":"publish","type":"post","link":"https:\/\/diariodominicano.com\/?p=539182","title":{"rendered":"CTN ofrece detalles de la XXIII versi\u00f3n de Vacaciones CTN: Expo Feria 2024 \u00a1Porque tu familia y t\u00fa se lo merecen!"},"content":{"rendered":"\n<p>Minoru Matsunaga, David Llibre, Gina Eli, Roberto Henr\u00edquez, Miguel Calzada y Giselle Mateo Dannenberg\u00a0<\/p>\n\n\n\n<p><strong><em>La cita es del viernes 12 al domingo 14 de julio. El evento ser\u00e1 celebrado en las instalaciones del hotel Embassy Suites by Hilton ubicado en la Ave. Tiradentes de esta ciudad de Santo Domingo, en horarios de 10:00 de la ma\u00f1ana a 10:00 de la noche.<\/em><\/strong><\/p>\n\n\n\n<figure class=\"wp-block-image size-large\"><img loading=\"lazy\" decoding=\"async\" width=\"813\" height=\"1024\" src=\"https:\/\/diariodominicano.com\/wp-content\/uploads\/2024\/06\/2770-Fidias-Brache-Robinson-Portorreal-y-Judith-Rubiera-813x1024.jpg\" alt=\"\" class=\"wp-image-539184\" srcset=\"https:\/\/diariodominicano.com\/wp-content\/uploads\/2024\/06\/2770-Fidias-Brache-Robinson-Portorreal-y-Judith-Rubiera-813x1024.jpg 813w, https:\/\/diariodominicano.com\/wp-content\/uploads\/2024\/06\/2770-Fidias-Brache-Robinson-Portorreal-y-Judith-Rubiera-238x300.jpg 238w, https:\/\/diariodominicano.com\/wp-content\/uploads\/2024\/06\/2770-Fidias-Brache-Robinson-Portorreal-y-Judith-Rubiera-768x968.jpg 768w, https:\/\/diariodominicano.com\/wp-content\/uploads\/2024\/06\/2770-Fidias-Brache-Robinson-Portorreal-y-Judith-Rubiera-816x1028.jpg 816w, https:\/\/diariodominicano.com\/wp-content\/uploads\/2024\/06\/2770-Fidias-Brache-Robinson-Portorreal-y-Judith-Rubiera.jpg 827w\" sizes=\"auto, (max-width: 813px) 100vw, 813px\" \/><\/figure>\n\n\n\n<p><strong> Fidias Brache, Robinson Portorreal y Judith Rubiera<\/strong><\/p>\n\n\n\n<figure class=\"wp-block-image size-large\"><img loading=\"lazy\" decoding=\"async\" width=\"1024\" height=\"683\" src=\"https:\/\/diariodominicano.com\/wp-content\/uploads\/2024\/06\/2771-Ricardo-Felip-y-Ramon-Tejeda--1024x683.jpg\" alt=\"\" class=\"wp-image-539185\" srcset=\"https:\/\/diariodominicano.com\/wp-content\/uploads\/2024\/06\/2771-Ricardo-Felip-y-Ramon-Tejeda--1024x683.jpg 1024w, https:\/\/diariodominicano.com\/wp-content\/uploads\/2024\/06\/2771-Ricardo-Felip-y-Ramon-Tejeda--300x200.jpg 300w, https:\/\/diariodominicano.com\/wp-content\/uploads\/2024\/06\/2771-Ricardo-Felip-y-Ramon-Tejeda--768x512.jpg 768w, https:\/\/diariodominicano.com\/wp-content\/uploads\/2024\/06\/2771-Ricardo-Felip-y-Ramon-Tejeda--1536x1024.jpg 1536w, https:\/\/diariodominicano.com\/wp-content\/uploads\/2024\/06\/2771-Ricardo-Felip-y-Ramon-Tejeda--2048x1365.jpg 2048w, https:\/\/diariodominicano.com\/wp-content\/uploads\/2024\/06\/2771-Ricardo-Felip-y-Ramon-Tejeda--816x544.jpg 816w\" sizes=\"auto, (max-width: 1024px) 100vw, 1024px\" \/><\/figure>\n\n\n\n<p><strong>Ricardo Felip y Ram\u00f3n Tejeda\u00a0<\/strong><\/p>\n\n\n\n<p>SANTO DOMINGO.\u2019 Los ejecutivos del medio especializado en el sector tur\u00edstico CTN ofrecieron en un c\u00f3ctel los detalles de la XXIII versi\u00f3n de \u201cVacaciones CTN: Expo Feria 2024\u201d, evento tradicional donde las familias dominicanas planifican sus vacaciones tanto en Rep\u00fablica Dominicana como en el exterior.<\/p>\n\n\n\n<p>Durante la rueda de prensa realizada en el sal\u00f3n Tempranillo de Cava Alta, Miguel A. Calzada Le\u00f3n, presidente de CTN y Puro Turismo, resalt\u00f3 que esta XXIII versi\u00f3n de \u201cVacaciones CTN: Expo-Feria 2024\u201d permitir\u00e1 al p\u00fablico disfrutar durante tres d\u00edas de las mejores opciones para vacacionar con las ofertas m\u00e1s atractivas del mercado.<\/p>\n\n\n\n<figure class=\"wp-block-image size-large\"><img loading=\"lazy\" decoding=\"async\" width=\"683\" height=\"1024\" src=\"https:\/\/diariodominicano.com\/wp-content\/uploads\/2024\/06\/2779-Aguie-Lendor-y-Jorge-Feliz--683x1024.jpg\" alt=\"\" class=\"wp-image-539188\" srcset=\"https:\/\/diariodominicano.com\/wp-content\/uploads\/2024\/06\/2779-Aguie-Lendor-y-Jorge-Feliz--683x1024.jpg 683w, https:\/\/diariodominicano.com\/wp-content\/uploads\/2024\/06\/2779-Aguie-Lendor-y-Jorge-Feliz--200x300.jpg 200w, https:\/\/diariodominicano.com\/wp-content\/uploads\/2024\/06\/2779-Aguie-Lendor-y-Jorge-Feliz--768x1152.jpg 768w, https:\/\/diariodominicano.com\/wp-content\/uploads\/2024\/06\/2779-Aguie-Lendor-y-Jorge-Feliz--1024x1536.jpg 1024w, https:\/\/diariodominicano.com\/wp-content\/uploads\/2024\/06\/2779-Aguie-Lendor-y-Jorge-Feliz--1365x2048.jpg 1365w, https:\/\/diariodominicano.com\/wp-content\/uploads\/2024\/06\/2779-Aguie-Lendor-y-Jorge-Feliz--816x1224.jpg 816w, https:\/\/diariodominicano.com\/wp-content\/uploads\/2024\/06\/2779-Aguie-Lendor-y-Jorge-Feliz-.jpg 1392w\" sizes=\"auto, (max-width: 683px) 100vw, 683px\" \/><\/figure>\n\n\n\n<p>Aguie Lendor y Jorge Feliz\u00a0<\/p>\n\n\n\n<figure class=\"wp-block-image size-large\"><img loading=\"lazy\" decoding=\"async\" width=\"1024\" height=\"761\" src=\"https:\/\/diariodominicano.com\/wp-content\/uploads\/2024\/06\/2791-Kenneth-Marti-Artur-Cabre-y-Xavier-Pacios-1024x761.jpg\" alt=\"\" class=\"wp-image-539190\" srcset=\"https:\/\/diariodominicano.com\/wp-content\/uploads\/2024\/06\/2791-Kenneth-Marti-Artur-Cabre-y-Xavier-Pacios-1024x761.jpg 1024w, https:\/\/diariodominicano.com\/wp-content\/uploads\/2024\/06\/2791-Kenneth-Marti-Artur-Cabre-y-Xavier-Pacios-300x223.jpg 300w, https:\/\/diariodominicano.com\/wp-content\/uploads\/2024\/06\/2791-Kenneth-Marti-Artur-Cabre-y-Xavier-Pacios-768x571.jpg 768w, https:\/\/diariodominicano.com\/wp-content\/uploads\/2024\/06\/2791-Kenneth-Marti-Artur-Cabre-y-Xavier-Pacios-1536x1142.jpg 1536w, https:\/\/diariodominicano.com\/wp-content\/uploads\/2024\/06\/2791-Kenneth-Marti-Artur-Cabre-y-Xavier-Pacios-816x606.jpg 816w, https:\/\/diariodominicano.com\/wp-content\/uploads\/2024\/06\/2791-Kenneth-Marti-Artur-Cabre-y-Xavier-Pacios.jpg 1873w\" sizes=\"auto, (max-width: 1024px) 100vw, 1024px\" \/><\/figure>\n\n\n\n<p>\u00a0<strong>Kenneth Mart\u00ed, Artur Cabre y Xavier Pacios<\/strong><\/p>\n\n\n\n<figure class=\"wp-block-image size-large\"><img loading=\"lazy\" decoding=\"async\" width=\"1010\" height=\"1024\" src=\"https:\/\/diariodominicano.com\/wp-content\/uploads\/2024\/06\/2802-Jose-Marmol-Mariel-Bera-y-Juan-M.-Martin-de-Oliva--1010x1024.jpg\" alt=\"\" class=\"wp-image-539192\" srcset=\"https:\/\/diariodominicano.com\/wp-content\/uploads\/2024\/06\/2802-Jose-Marmol-Mariel-Bera-y-Juan-M.-Martin-de-Oliva--1010x1024.jpg 1010w, https:\/\/diariodominicano.com\/wp-content\/uploads\/2024\/06\/2802-Jose-Marmol-Mariel-Bera-y-Juan-M.-Martin-de-Oliva--296x300.jpg 296w, https:\/\/diariodominicano.com\/wp-content\/uploads\/2024\/06\/2802-Jose-Marmol-Mariel-Bera-y-Juan-M.-Martin-de-Oliva--768x779.jpg 768w, https:\/\/diariodominicano.com\/wp-content\/uploads\/2024\/06\/2802-Jose-Marmol-Mariel-Bera-y-Juan-M.-Martin-de-Oliva--88x88.jpg 88w, https:\/\/diariodominicano.com\/wp-content\/uploads\/2024\/06\/2802-Jose-Marmol-Mariel-Bera-y-Juan-M.-Martin-de-Oliva--816x827.jpg 816w, https:\/\/diariodominicano.com\/wp-content\/uploads\/2024\/06\/2802-Jose-Marmol-Mariel-Bera-y-Juan-M.-Martin-de-Oliva-.jpg 1373w\" sizes=\"auto, (max-width: 1010px) 100vw, 1010px\" \/><\/figure>\n\n\n\n<p><strong>Jos\u00e9 Marmol, Mariel Bera\u00a0\u00a0y Juan M. Mart\u00edn de Oliva\u00a0<\/strong><\/p>\n\n\n\n<p>Calzada Le\u00f3n afirm\u00f3 que esta nueva versi\u00f3n de la feria, al igual que las anteriores, pretende que los participantes (hoteles, agencias de viajes, l\u00edneas a\u00e9reas, rent cars, empresas inmobiliarias tur\u00edsticas, compa\u00f1\u00edas de oferta complementaria tur\u00edsticas y participantes vinculados al mundo del turismo) puedan vender al p\u00fablico que asista sus ofertas adem\u00e1s de este verano, tambi\u00e9n para el fin de a\u00f1o y cualquier \u00e9poca a precios realmente atractivos y con planes de financiamiento de los principales bancos comerciales participantes, que a\u00f1o tras a\u00f1o nos acompa\u00f1an como son el Banco Popular y Banreservas.<\/p>\n\n\n\n<figure class=\"wp-block-image size-large\"><img loading=\"lazy\" decoding=\"async\" width=\"1024\" height=\"889\" src=\"https:\/\/diariodominicano.com\/wp-content\/uploads\/2024\/06\/2853-Jorge-Dargan-Alan-Hatkoff-y-Junior-Franco--1024x889.jpg\" alt=\"\" class=\"wp-image-539193\" srcset=\"https:\/\/diariodominicano.com\/wp-content\/uploads\/2024\/06\/2853-Jorge-Dargan-Alan-Hatkoff-y-Junior-Franco--1024x889.jpg 1024w, https:\/\/diariodominicano.com\/wp-content\/uploads\/2024\/06\/2853-Jorge-Dargan-Alan-Hatkoff-y-Junior-Franco--300x261.jpg 300w, https:\/\/diariodominicano.com\/wp-content\/uploads\/2024\/06\/2853-Jorge-Dargan-Alan-Hatkoff-y-Junior-Franco--768x667.jpg 768w, https:\/\/diariodominicano.com\/wp-content\/uploads\/2024\/06\/2853-Jorge-Dargan-Alan-Hatkoff-y-Junior-Franco--1536x1334.jpg 1536w, https:\/\/diariodominicano.com\/wp-content\/uploads\/2024\/06\/2853-Jorge-Dargan-Alan-Hatkoff-y-Junior-Franco--816x709.jpg 816w, https:\/\/diariodominicano.com\/wp-content\/uploads\/2024\/06\/2853-Jorge-Dargan-Alan-Hatkoff-y-Junior-Franco-.jpg 1603w\" sizes=\"auto, (max-width: 1024px) 100vw, 1024px\" \/><\/figure>\n\n\n\n<p>\u00a0<strong>Jorge Dargan, Alan Hatkoff y Junior Franco\u00a0<\/strong><\/p>\n\n\n\n<p>Este a\u00f1o \u201cVacaciones CTN: Expo Feria 2024\u201d estar\u00e1 dedicada en memoria a Frank Hans Danenberg Castellanos, por la visi\u00f3n y compromiso por su pa\u00eds, Rep\u00fablica Dominicana, en el \u00e1rea comercial, hotelera, de la aviaci\u00f3n comercial y en su entrega como Embajador a la diplomacia con la pasi\u00f3n y entrega a tiempo completo que le caracterizaba en favor del pa\u00eds.\u00a0<\/p>\n\n\n\n<figure class=\"wp-block-image size-large\"><img loading=\"lazy\" decoding=\"async\" width=\"1024\" height=\"683\" src=\"https:\/\/diariodominicano.com\/wp-content\/uploads\/2024\/06\/2860-Jean-Paul-Cartagena-Maria-Isabel-Lebron-y-Ivan-Pena--1024x683.jpg\" alt=\"\" class=\"wp-image-539195\" srcset=\"https:\/\/diariodominicano.com\/wp-content\/uploads\/2024\/06\/2860-Jean-Paul-Cartagena-Maria-Isabel-Lebron-y-Ivan-Pena--1024x683.jpg 1024w, https:\/\/diariodominicano.com\/wp-content\/uploads\/2024\/06\/2860-Jean-Paul-Cartagena-Maria-Isabel-Lebron-y-Ivan-Pena--300x200.jpg 300w, https:\/\/diariodominicano.com\/wp-content\/uploads\/2024\/06\/2860-Jean-Paul-Cartagena-Maria-Isabel-Lebron-y-Ivan-Pena--768x512.jpg 768w, https:\/\/diariodominicano.com\/wp-content\/uploads\/2024\/06\/2860-Jean-Paul-Cartagena-Maria-Isabel-Lebron-y-Ivan-Pena--1536x1024.jpg 1536w, https:\/\/diariodominicano.com\/wp-content\/uploads\/2024\/06\/2860-Jean-Paul-Cartagena-Maria-Isabel-Lebron-y-Ivan-Pena--2048x1365.jpg 2048w, https:\/\/diariodominicano.com\/wp-content\/uploads\/2024\/06\/2860-Jean-Paul-Cartagena-Maria-Isabel-Lebron-y-Ivan-Pena--816x544.jpg 816w\" sizes=\"auto, (max-width: 1024px) 100vw, 1024px\" \/><\/figure>\n\n\n\n<p><strong>Jean Paul Cartagena, Mar\u00eda Isabel Lebron y Iv\u00e1n Pe\u00f1a\u00a0<\/strong><\/p>\n\n\n\n<figure class=\"wp-block-image size-large\"><img loading=\"lazy\" decoding=\"async\" width=\"1024\" height=\"677\" src=\"https:\/\/diariodominicano.com\/wp-content\/uploads\/2024\/06\/2866-Yaira-Casso-Carla-Calzada-y-Maricarmen-de-Calzada--1024x677.jpg\" alt=\"\" class=\"wp-image-539196\" srcset=\"https:\/\/diariodominicano.com\/wp-content\/uploads\/2024\/06\/2866-Yaira-Casso-Carla-Calzada-y-Maricarmen-de-Calzada--1024x677.jpg 1024w, https:\/\/diariodominicano.com\/wp-content\/uploads\/2024\/06\/2866-Yaira-Casso-Carla-Calzada-y-Maricarmen-de-Calzada--300x198.jpg 300w, https:\/\/diariodominicano.com\/wp-content\/uploads\/2024\/06\/2866-Yaira-Casso-Carla-Calzada-y-Maricarmen-de-Calzada--768x508.jpg 768w, https:\/\/diariodominicano.com\/wp-content\/uploads\/2024\/06\/2866-Yaira-Casso-Carla-Calzada-y-Maricarmen-de-Calzada--1536x1016.jpg 1536w, https:\/\/diariodominicano.com\/wp-content\/uploads\/2024\/06\/2866-Yaira-Casso-Carla-Calzada-y-Maricarmen-de-Calzada--2048x1355.jpg 2048w, https:\/\/diariodominicano.com\/wp-content\/uploads\/2024\/06\/2866-Yaira-Casso-Carla-Calzada-y-Maricarmen-de-Calzada--816x540.jpg 816w\" sizes=\"auto, (max-width: 1024px) 100vw, 1024px\" \/><\/figure>\n\n\n\n<p><strong>Yaira Cass\u00f3, Carla Calzada y Maricarmen de Calzada\u00a0<\/strong><\/p>\n\n\n\n<p>Al igual que en sus versiones anteriores, CTN otorgar\u00e1 reconocimientos especiales a instituciones y personalidades que han contribuido y contribuyen con el desarrollo y \u00e9xito del turismo nacional.<\/p>\n\n\n\n<figure class=\"wp-block-image size-large\"><img loading=\"lazy\" decoding=\"async\" width=\"1024\" height=\"1000\" src=\"https:\/\/diariodominicano.com\/wp-content\/uploads\/2024\/06\/2894-Reynaldo-Caminero-y-Jaime-Licairac--1024x1000.jpg\" alt=\"\" class=\"wp-image-539197\" srcset=\"https:\/\/diariodominicano.com\/wp-content\/uploads\/2024\/06\/2894-Reynaldo-Caminero-y-Jaime-Licairac--1024x1000.jpg 1024w, https:\/\/diariodominicano.com\/wp-content\/uploads\/2024\/06\/2894-Reynaldo-Caminero-y-Jaime-Licairac--300x293.jpg 300w, https:\/\/diariodominicano.com\/wp-content\/uploads\/2024\/06\/2894-Reynaldo-Caminero-y-Jaime-Licairac--768x750.jpg 768w, https:\/\/diariodominicano.com\/wp-content\/uploads\/2024\/06\/2894-Reynaldo-Caminero-y-Jaime-Licairac--816x797.jpg 816w, https:\/\/diariodominicano.com\/wp-content\/uploads\/2024\/06\/2894-Reynaldo-Caminero-y-Jaime-Licairac-.jpg 1425w\" sizes=\"auto, (max-width: 1024px) 100vw, 1024px\" \/><\/figure>\n\n\n\n<p> <strong>Reynaldo Caminero y Jaime Licairac\u00a0<\/strong><\/p>\n\n\n\n<p>La feria contar\u00e1, nuevamente, con la activa participaci\u00f3n de la Escuela de Turismo de la Universidad Iberoamericana (Unibe), donde los estudiantes tendr\u00e1n la oportunidad de vivir la experiencia del dise\u00f1o y montaje de eventos de esta naturaleza, como parte de su formaci\u00f3n pr\u00e1ctica de su carrera y pasant\u00eda, apoyando de forma transversal durante el evento en los aspectos protocolares y de presencia en este importante encuentro.<\/p>\n\n\n\n<figure class=\"wp-block-image size-large\"><img loading=\"lazy\" decoding=\"async\" width=\"1024\" height=\"830\" src=\"https:\/\/diariodominicano.com\/wp-content\/uploads\/2024\/06\/2900-Jaime-Contreras-Roberto-Henriquez-Fabeth-Martinez-y-Yudit-Garcia--1024x830.jpg\" alt=\"\" class=\"wp-image-539198\" srcset=\"https:\/\/diariodominicano.com\/wp-content\/uploads\/2024\/06\/2900-Jaime-Contreras-Roberto-Henriquez-Fabeth-Martinez-y-Yudit-Garcia--1024x830.jpg 1024w, https:\/\/diariodominicano.com\/wp-content\/uploads\/2024\/06\/2900-Jaime-Contreras-Roberto-Henriquez-Fabeth-Martinez-y-Yudit-Garcia--300x243.jpg 300w, https:\/\/diariodominicano.com\/wp-content\/uploads\/2024\/06\/2900-Jaime-Contreras-Roberto-Henriquez-Fabeth-Martinez-y-Yudit-Garcia--768x622.jpg 768w, https:\/\/diariodominicano.com\/wp-content\/uploads\/2024\/06\/2900-Jaime-Contreras-Roberto-Henriquez-Fabeth-Martinez-y-Yudit-Garcia--1536x1245.jpg 1536w, https:\/\/diariodominicano.com\/wp-content\/uploads\/2024\/06\/2900-Jaime-Contreras-Roberto-Henriquez-Fabeth-Martinez-y-Yudit-Garcia--816x661.jpg 816w, https:\/\/diariodominicano.com\/wp-content\/uploads\/2024\/06\/2900-Jaime-Contreras-Roberto-Henriquez-Fabeth-Martinez-y-Yudit-Garcia-.jpg 2026w\" sizes=\"auto, (max-width: 1024px) 100vw, 1024px\" \/><\/figure>\n\n\n\n<p><strong>Jaime Contreras, Roberto Henr\u00edquez, Fabeth Mart\u00ednez y Yudit Garc\u00eda\u00a0<\/strong><\/p>\n\n\n\n<p>Se ofrecer\u00e1n novedades como un \u00e1rea para los ni\u00f1os, donde los padres que asistan con sus peque\u00f1os podr\u00e1n disfrutar de un espacio con muchas atracciones y actividades.\u00a0<\/p>\n\n\n\n<figure class=\"wp-block-image size-large\"><img loading=\"lazy\" decoding=\"async\" width=\"1008\" height=\"1024\" src=\"https:\/\/diariodominicano.com\/wp-content\/uploads\/2024\/06\/3065-Josefina-Pichardo-y-Angel-Garcia-1008x1024.jpg\" alt=\"\" class=\"wp-image-539199\" srcset=\"https:\/\/diariodominicano.com\/wp-content\/uploads\/2024\/06\/3065-Josefina-Pichardo-y-Angel-Garcia-1008x1024.jpg 1008w, https:\/\/diariodominicano.com\/wp-content\/uploads\/2024\/06\/3065-Josefina-Pichardo-y-Angel-Garcia-295x300.jpg 295w, https:\/\/diariodominicano.com\/wp-content\/uploads\/2024\/06\/3065-Josefina-Pichardo-y-Angel-Garcia-768x780.jpg 768w, https:\/\/diariodominicano.com\/wp-content\/uploads\/2024\/06\/3065-Josefina-Pichardo-y-Angel-Garcia-1512x1536.jpg 1512w, https:\/\/diariodominicano.com\/wp-content\/uploads\/2024\/06\/3065-Josefina-Pichardo-y-Angel-Garcia-88x88.jpg 88w, https:\/\/diariodominicano.com\/wp-content\/uploads\/2024\/06\/3065-Josefina-Pichardo-y-Angel-Garcia-816x829.jpg 816w, https:\/\/diariodominicano.com\/wp-content\/uploads\/2024\/06\/3065-Josefina-Pichardo-y-Angel-Garcia.jpg 1736w\" sizes=\"auto, (max-width: 1008px) 100vw, 1008px\" \/><\/figure>\n\n\n\n<p>Josefina Pichardo y \u00c1ngel Garc\u00eda<\/p>\n\n\n\n<p>El hotel Embassy Suites by Hilton, sede de la Feria, ofrecer\u00e1 un precio especial para el daypass en su \u00e1rea de piscina, as\u00ed como paquetes especiales para que los que deseen hospedarse durante el fin de semana en sus habitaciones, adem\u00e1s de una oferta especial de comidas y la oportunidad de visitar puntos de inter\u00e9s de Santo Domingo. Estas facilidades estar\u00e1n disponibles para visitantes y expositores del interior del pa\u00eds.<\/p>\n\n\n\n<p>El viernes 12 de julio a las 10:00 de la ma\u00f1ana ser\u00e1 ofrecida una charla, abierta al p\u00fablico, como introducci\u00f3n del panel sobre \u201cEl Zargazo: un gran reto para la Rep\u00fablica Dominicana<strong>\u201d<\/strong>, la que se realizar\u00e1 con la colaboraci\u00f3n de Asonahores, CODESSD, Unibe, El Nuevo Diario, CTN y Puro Turismo.<\/p>\n\n\n\n<p>Esta XXIII Versi\u00f3n de \u201cVacaciones CTN: Expo Feria 2024\u201d ser\u00e1 totalmente gratis, para que todas las familias dominicanas puedan asistir y disfrutar de las mejores ofertas que recibir\u00e1n durante esos tres d\u00edas.<\/p>\n\n\n\n<p>Para mayor informaci\u00f3n sobre la feria acceda a las redes sociales Instagram y Twitter (@CTN_TV) y Facebook (Vacaciones CTN-Expo feria).<\/p>\n\n\n\n<p><strong>Henry Coradin<\/strong><\/p>\n\n\n\n<p><a target=\"_blank\" href=\"mailto:henrycoradinrelacionespublicas@gmail.com\" rel=\"noreferrer noopener\">henrycoradinrelacionespublicas<\/a><\/p>\n","protected":false},"excerpt":{"rendered":"<p>Minoru Matsunaga, David Llibre, Gina Eli, Roberto Henr\u00edquez, Miguel Calzada y Giselle Mateo Dannenberg\u00a0 La cita es del viernes 12 al domingo 14 de julio. El evento ser\u00e1 celebrado en las instalaciones del hotel Embassy Suites by Hilton ubicado en la Ave. Tiradentes de esta ciudad de Santo Domingo, en horarios de 10:00 de la [&hellip;]<\/p>\n","protected":false},"author":2,"featured_media":539183,"comment_status":"closed","ping_status":"closed","sticky":false,"template":"","format":"standard","meta":{"footnotes":""},"categories":[36,25],"tags":[],"class_list":["post-539182","post","type-post","status-publish","format-standard","has-post-thumbnail","hentry","category-hombresmujeresycosas","category-gente"],"_links":{"self":[{"href":"https:\/\/diariodominicano.com\/index.php?rest_route=\/wp\/v2\/posts\/539182","targetHints":{"allow":["GET"]}}],"collection":[{"href":"https:\/\/diariodominicano.com\/index.php?rest_route=\/wp\/v2\/posts"}],"about":[{"href":"https:\/\/diariodominicano.com\/index.php?rest_route=\/wp\/v2\/types\/post"}],"author":[{"embeddable":true,"href":"https:\/\/diariodominicano.com\/index.php?rest_route=\/wp\/v2\/users\/2"}],"replies":[{"embeddable":true,"href":"https:\/\/diariodominicano.com\/index.php?rest_route=%2Fwp%2Fv2%2Fcomments&post=539182"}],"version-history":[{"count":4,"href":"https:\/\/diariodominicano.com\/index.php?rest_route=\/wp\/v2\/posts\/539182\/revisions"}],"predecessor-version":[{"id":539202,"href":"https:\/\/diariodominicano.com\/index.php?rest_route=\/wp\/v2\/posts\/539182\/revisions\/539202"}],"wp:featuredmedia":[{"embeddable":true,"href":"https:\/\/diariodominicano.com\/index.php?rest_route=\/wp\/v2\/media\/539183"}],"wp:attachment":[{"href":"https:\/\/diariodominicano.com\/index.php?rest_route=%2Fwp%2Fv2%2Fmedia&parent=539182"}],"wp:term":[{"taxonomy":"category","embeddable":true,"href":"https:\/\/diariodominicano.com\/index.php?rest_route=%2Fwp%2Fv2%2Fcategories&post=539182"},{"taxonomy":"post_tag","embeddable":true,"href":"https:\/\/diariodominicano.com\/index.php?rest_route=%2Fwp%2Fv2%2Ftags&post=539182"}],"curies":[{"name":"wp","href":"https:\/\/api.w.org\/{rel}","templated":true}]}}