{"id":53918,"date":"2020-05-13T19:04:07","date_gmt":"2020-05-13T19:04:07","guid":{"rendered":"http:\/\/diariodominicano.ddns.net\/?p=53918"},"modified":"2020-05-13T19:04:07","modified_gmt":"2020-05-13T19:04:07","slug":"secretaria-de-cultura-pld-lamenta-fallecimiento-de-pintor-jorge-severino","status":"publish","type":"post","link":"https:\/\/diariodominicano.com\/?p=53918","title":{"rendered":"Secretar\u00eda de Cultura PLD lamenta fallecimiento de pintor Jorge Severino"},"content":{"rendered":"<p><body><\/p>\n<p><img decoding=\"async\" src=\"img3\/Fachada Casa Nacional.jpg\" \/>  <\/p>\n<p><strong>Diariodominicano.com<\/strong><\/p>\n<p><strong>Secretar\u00eda de Cultura PLD lamenta fallecimiento de pintor Jorge Severino<\/strong><\/p>\n<\/p>\n<p><strong>Santo Domingo, RD.- <\/strong>La titular de Cultura del Partido de la Liberaci\u00f3n Dominicana, Mery Kasse lament\u00f3 la partida a destiempo del reconocido pintor dominicano Jorge Severino cuyo deceso se produjo el lunes.<\/p>\n<\/p>\n<p>Kasse,  a nombre del equipo de subsecretarios que conforman ese \u00f3rgano de trabajo, considero de irreparable dicha perdida al tiempo de ponderar las condiciones humanas y art\u00edsticas de Severino  <\/p>\n<\/p>\n<p>El destacado acuarelista naci\u00f3 un 6 de diciembre de 1935 en Puerto Plata y desarroll\u00f3 su obra por varios pa\u00edses como: Estados Unidos, as\u00ed como por pa\u00edses de Latinoam\u00e9rica, algunos de Europa, y por Brasil, Argentina entre otros.<\/p>\n<\/p>\n<p>Severino fue uno de los pintores m\u00e1s galardonados  del pa\u00eds, encontr\u00e1ndose sus obras en importantes museos alrededor del mundo.<\/p>\n<\/p>\n<p>Familiares, artistas y diversas personalidades de todos los \u00e1mbitos sociales han expresado su pesar por su fallecimiento.<\/p>\n<\/p>\n<\/p>\n<\/p>\n<p>SECRETARIA DE COMUNICACIONES<\/p>\n<\/p>\n<p>MIERCOLES 13 DE MAYO, 2020.<\/p>\n<\/p>\n<h6> 2020-05-13 19:04:07 <\/h6>\n<p><!--\n<link rel=\"stylesheet\" href=\"css\/bootstrap.min.css\">\n\n\n<ul class=\"pagination\">\n\t    \n\t\n\n<li >\n\t<a href='?page_no=610'>Previous<\/a>\n\t<\/li>\n\n\n       \n    \n\n<li><a href='?page_no=1'>1<\/a><\/li>\n\n\n\n<li><a href='?page_no=2'>2<\/a><\/li>\n\n\n\n<li><a>...<\/a><\/li>\n\n\n\n<li><a href='?page_no=609'>609<\/a><\/li>\n\n\n\n<li><a href='?page_no=610'>610<\/a><\/li>\n\n\n\n<li class='active'><a>611<\/a><\/li>\n\n\n\n<li><a href='?page_no=612'>612<\/a><\/li>\n\n\n\n<li><a href='?page_no=613'>613<\/a><\/li>\n\n\n\n<li><a>...<\/a><\/li>\n\n\n\n<li><a href='?page_no=22911'>22911<\/a><\/li>\n\n\n\n<li><a href='?page_no=22912'>22912<\/a><\/li>\n\n    \n\t\n\n<li >\n\t<a href='?page_no=612'>Next<\/a>\n\t<\/li>\n\n\n    \n\n<li><a href='?page_no=22912'>Last &rsaquo;&rsaquo;<\/a><\/li>\n\n<\/ul>\n\n\n--><br \/>\n<\/body><\/p>\n","protected":false},"excerpt":{"rendered":"<p>Diariodominicano.com Secretar\u00eda de Cultura PLD lamenta fallecimiento de pintor Jorge Severino Santo Domingo, RD.- La titular de Cultura del Partido de la Liberaci\u00f3n Dominicana, Mery Kasse lament\u00f3 la partida a destiempo del reconocido pintor dominicano Jorge Severino cuyo deceso se produjo el lunes. Kasse, a nombre del equipo de subsecretarios que conforman ese \u00f3rgano de [&hellip;]<\/p>\n","protected":false},"author":3,"featured_media":0,"comment_status":"open","ping_status":"open","sticky":false,"template":"","format":"standard","meta":{"footnotes":""},"categories":[21],"tags":[],"class_list":["post-53918","post","type-post","status-publish","format-standard","hentry","category-cultura"],"_links":{"self":[{"href":"https:\/\/diariodominicano.com\/index.php?rest_route=\/wp\/v2\/posts\/53918","targetHints":{"allow":["GET"]}}],"collection":[{"href":"https:\/\/diariodominicano.com\/index.php?rest_route=\/wp\/v2\/posts"}],"about":[{"href":"https:\/\/diariodominicano.com\/index.php?rest_route=\/wp\/v2\/types\/post"}],"author":[{"embeddable":true,"href":"https:\/\/diariodominicano.com\/index.php?rest_route=\/wp\/v2\/users\/3"}],"replies":[{"embeddable":true,"href":"https:\/\/diariodominicano.com\/index.php?rest_route=%2Fwp%2Fv2%2Fcomments&post=53918"}],"version-history":[{"count":0,"href":"https:\/\/diariodominicano.com\/index.php?rest_route=\/wp\/v2\/posts\/53918\/revisions"}],"wp:attachment":[{"href":"https:\/\/diariodominicano.com\/index.php?rest_route=%2Fwp%2Fv2%2Fmedia&parent=53918"}],"wp:term":[{"taxonomy":"category","embeddable":true,"href":"https:\/\/diariodominicano.com\/index.php?rest_route=%2Fwp%2Fv2%2Fcategories&post=53918"},{"taxonomy":"post_tag","embeddable":true,"href":"https:\/\/diariodominicano.com\/index.php?rest_route=%2Fwp%2Fv2%2Ftags&post=53918"}],"curies":[{"name":"wp","href":"https:\/\/api.w.org\/{rel}","templated":true}]}}