{"id":539168,"date":"2024-06-20T14:20:37","date_gmt":"2024-06-20T18:20:37","guid":{"rendered":"https:\/\/diariodominicano.com\/?p=539168"},"modified":"2024-06-20T14:20:43","modified_gmt":"2024-06-20T18:20:43","slug":"tribunal-de-transito-condena-a-conductor-que-atropello-y-mato-al-adolescente-imanol-mercado-cruz","status":"publish","type":"post","link":"https:\/\/diariodominicano.com\/?p=539168","title":{"rendered":"Tribunal de Tr\u00e1nsito condena a conductor que atropell\u00f3 y mat\u00f3 al adolescente Imanol Mercado Cruz"},"content":{"rendered":"\n<p><em><u>La Fiscal\u00eda de Santiago logr\u00f3 destruir todas las pruebas presentadas por la defensa t\u00e9cnica del acusado<\/u><\/em><\/p>\n\n\n\n<p>SANTIAGO (Rep\u00fablica Dominicana).- La Fiscal\u00eda de Santiago logr\u00f3 que fuera condenado el conductor que atropell\u00f3 y mat\u00f3 a bordo de su carro Porche, modelo Panamera, al adolescente Imanol Mercado Cruz, de 16 a\u00f1os de edad, mientras cruzaba por un tramo de la autopista Duarte, en Santiago, en un tr\u00e1gico evento ocurrido el 18 de agosto del a\u00f1o 2022.&nbsp;<\/p>\n\n\n\n<p>La condena eman\u00f3 del Segundo Juzgado de Paz Especial de Tr\u00e1nsito de este distrito judicial de Santiago, presidido por la magistrada Bad\u00eda Alexandra Whebe Guzm\u00e1n, quien declar\u00f3 culpable al acusado Eduardo Enrique Guzm\u00e1n Valdez, y lo conden\u00f3 a la pena de 2 a\u00f1os de reclusi\u00f3n, as\u00ed como al pago de 30 salarios m\u00ednimos del sector p\u00fablico.&nbsp;<\/p>\n\n\n\n<p>El Ministerio P\u00fablico logr\u00f3 la sentencia tras destruir todas las pruebas documentales, testimoniales y periciales presentadas por la defensa t\u00e9cnica del conductor.<\/p>\n\n\n\n<p>El tribunal, adem\u00e1s, impuso condenas en materia civil, ordenando a Guzm\u00e1n Valdez y al tercer civil demandado, Plutarco P\u00e9rez, a saldar una indemnizaci\u00f3n moral de 3 millones de pesos cada uno, a favor de las v\u00edctimas, la periodista y compositora Miriam Cruz Garc\u00eda y Manuel Mercado, padres del estudiante y novel deportista Imanol.&nbsp;<\/p>\n\n\n\n<p>La Fiscal\u00eda de Santiago, representada por el fiscal Ram\u00f3n Ambiorix Valdez Hilario imput\u00f3 contra Guzm\u00e1n Valdez cargos por violaci\u00f3n a los art\u00edculos 216, 217, 220, 222 numerales 1 y 3; 303 numeral 5, y 310 de la Ley 63-17 de Movilidad, Transporte Terrestre, Tr\u00e1nsito y Seguridad Vial.&nbsp;<\/p>\n\n\n\n<p>\u00abSobre todo, el art\u00edculo 222, numeral 3, fue fundamental para sustentar nuestra teor\u00eda, ya que la Ley espec\u00edfica y establece la responsabilidad del conductor en cuidar al peat\u00f3n, un elemento que el condenado pas\u00f3 por alto, demostrando su alta responsabilidad e imprudencia frente al volante\u00bb, reflexion\u00f3 el litigante de la Fiscal\u00eda de Santiago.&nbsp;<\/p>\n\n\n\n<p>El conjunto de pruebas presentadas por el \u00f3rgano acusador incluye el testimonio del testigo Jos\u00e9 Ram\u00f3n Cruz, quien estableci\u00f3 en detalles el nivel de velocidad al que conduc\u00eda el condenado, \u00absin dar tiempo a nada, y, sobre todo, que dej\u00f3 al adolescente abandonado en la pista\u00bb, luego de estremecer su cuerpo con su autom\u00f3vil, un Porche modelo Panamera, color negro, que no contaba con la p\u00f3liza del seguro al d\u00eda.&nbsp;<\/p>\n\n\n\n<p>La Fiscal\u00eda deposit\u00f3 pruebas de que Guzm\u00e1n Valdez posee varios registros por infracciones de tr\u00e1nsito, incluyendo cruzar la luz roja del sem\u00e1foro, conducir sin placa y exceder el l\u00edmite de velocidad, \u00abtodo ello fue evidencia de una reiterada conducta imprudente y temeraria del conductor al frente del volante\u00bb, establece la Fiscal\u00eda de Santiago.&nbsp;&nbsp;<\/p>\n\n\n\n<p>El accidente ocurri\u00f3 alrededor de las 9:30 de la ma\u00f1ana del jueves 18 de agosto del 2022, cuando la v\u00edctima se dirig\u00eda a sus pr\u00e1cticas de b\u00e9isbol.<\/p>\n\n\n\n<p><strong>Direcci\u00f3n General de Comunicaci\u00f3n, Prensa, y RRPP<\/strong><strong><\/strong><\/p>\n\n\n\n<p>Ministerio P\u00fablico. R.D.<\/p>\n","protected":false},"excerpt":{"rendered":"<p>La Fiscal\u00eda de Santiago logr\u00f3 destruir todas las pruebas presentadas por la defensa t\u00e9cnica del acusado SANTIAGO (Rep\u00fablica Dominicana).- La Fiscal\u00eda de Santiago logr\u00f3 que fuera condenado el conductor que atropell\u00f3 y mat\u00f3 a bordo de su carro Porche, modelo Panamera, al adolescente Imanol Mercado Cruz, de 16 a\u00f1os de edad, mientras cruzaba por un [&hellip;]<\/p>\n","protected":false},"author":7,"featured_media":290218,"comment_status":"closed","ping_status":"closed","sticky":true,"template":"","format":"standard","meta":{"footnotes":""},"categories":[24,27],"tags":[],"class_list":["post-539168","post","type-post","status-publish","format-standard","has-post-thumbnail","hentry","category-justicia-y-derecho","category-portada"],"_links":{"self":[{"href":"https:\/\/diariodominicano.com\/index.php?rest_route=\/wp\/v2\/posts\/539168","targetHints":{"allow":["GET"]}}],"collection":[{"href":"https:\/\/diariodominicano.com\/index.php?rest_route=\/wp\/v2\/posts"}],"about":[{"href":"https:\/\/diariodominicano.com\/index.php?rest_route=\/wp\/v2\/types\/post"}],"author":[{"embeddable":true,"href":"https:\/\/diariodominicano.com\/index.php?rest_route=\/wp\/v2\/users\/7"}],"replies":[{"embeddable":true,"href":"https:\/\/diariodominicano.com\/index.php?rest_route=%2Fwp%2Fv2%2Fcomments&post=539168"}],"version-history":[{"count":1,"href":"https:\/\/diariodominicano.com\/index.php?rest_route=\/wp\/v2\/posts\/539168\/revisions"}],"predecessor-version":[{"id":539354,"href":"https:\/\/diariodominicano.com\/index.php?rest_route=\/wp\/v2\/posts\/539168\/revisions\/539354"}],"wp:featuredmedia":[{"embeddable":true,"href":"https:\/\/diariodominicano.com\/index.php?rest_route=\/wp\/v2\/media\/290218"}],"wp:attachment":[{"href":"https:\/\/diariodominicano.com\/index.php?rest_route=%2Fwp%2Fv2%2Fmedia&parent=539168"}],"wp:term":[{"taxonomy":"category","embeddable":true,"href":"https:\/\/diariodominicano.com\/index.php?rest_route=%2Fwp%2Fv2%2Fcategories&post=539168"},{"taxonomy":"post_tag","embeddable":true,"href":"https:\/\/diariodominicano.com\/index.php?rest_route=%2Fwp%2Fv2%2Ftags&post=539168"}],"curies":[{"name":"wp","href":"https:\/\/api.w.org\/{rel}","templated":true}]}}