{"id":539086,"date":"2024-06-19T17:12:56","date_gmt":"2024-06-19T21:12:56","guid":{"rendered":"https:\/\/diariodominicano.com\/?p=539086"},"modified":"2024-06-19T17:13:02","modified_gmt":"2024-06-19T21:13:02","slug":"ministerio-publico-y-voluntariado-banreservas-reinauguran-centro-de-atencion-a-sobrevivientes-de-violencia-en-zona-colonial","status":"publish","type":"post","link":"https:\/\/diariodominicano.com\/?p=539086","title":{"rendered":"Ministerio P\u00fablico y Voluntariado Banreservas reinauguran Centro de Atenci\u00f3n a Sobrevivientes de Violencia en Zona Colonial"},"content":{"rendered":"\n<p>diariodominicano.com<\/p>\n\n\n\n<p>Santo Domingo, R. D., 19 de junio, 2024.-\u2002En una nueva acci\u00f3n de respuesta a la violencia de g\u00e9nero, intrafamiliar y delitos sexuales, la procuradora general de la Rep\u00fablica, Miriam Germ\u00e1n Brito, y la presidenta del Voluntariado Banreservas, Noelia Garc\u00eda de Pereyra, reinauguraron el Centro de Atenci\u00f3n a Sobrevivientes de Violencia en la Zona Colonial, del Distrito Nacional, para facilitar un mejor acceso a la justicia a las mujeres v\u00edctimas de esos delitos.<\/p>\n\n\n\n<p>Conjuntamente, mediante un acto simult\u00e1neo, fueron reinauguradas las unidades de Atenci\u00f3n Integral a la Violencia de G\u00e9nero de las provincias Monse\u00f1or Nouel, Peravia, La Romana, Barahona y Puerto Plata, con la finalidad de eficientizar la prevenci\u00f3n y persecuci\u00f3n de esos hechos y atender de manera adecuada a las v\u00edctimas, dar seguimiento a sus denuncias y proceder con los procesos judiciales de sus casos.<\/p>\n\n\n\n<p>La magistrada Germ\u00e1n Brito dijo que la colaboraci\u00f3n entre el Voluntariado Banreservas y el Ministerio P\u00fablico, a trav\u00e9s de la Direcci\u00f3n contra la Violencia de G\u00e9nero, ha sido fundamental para mejorar la calidad de la persecuci\u00f3n de la violencia de g\u00e9nero. \u201cJuntos hemos creado protocolos e instrumentos que representan pasos firmes hacia adelante en esta lucha que enfrentamos d\u00eda a d\u00eda\u201d, expres\u00f3.<\/p>\n\n\n\n<p>\u201cHoy celebramos, no solo una reinauguraci\u00f3n, sino, tambi\u00e9n, un compromiso renovado con los derechos humanos y la inclusi\u00f3n de las personas con discapacidad. Las instalaciones que hoy presentamos est\u00e1n dise\u00f1adas para ofrecer atenci\u00f3n integral y justicia efectiva para las v\u00edctimas\u201d, detall\u00f3.<\/p>\n\n\n\n<p>Destac\u00f3 que gracias al Voluntariado fueron renovados el Centro de Atenci\u00f3n a Sobrevivientes de Violencia y las Unidades de Violencia de G\u00e9nero en Monse\u00f1or Nouel, Peravia, Barahona, La Romana y Puerto Plata. \u201cEstas instalaciones son ahora espacios dignos que garantizan una atenci\u00f3n m\u00e1s humana y eficaz en la lucha contra la violencia\u201d, resalt\u00f3.<\/p>\n\n\n\n<p>\u201cEl Voluntariado Banreservas ha jugado un papel crucial en este proceso, acompa\u00f1\u00e1ndonos en cada paso del camino. Los recientes remozamientos son un testimonio del progreso alcanzado en el fortalecimiento de nuestras capacidades para investigar y perseguir los delitos de violencia de g\u00e9nero e intrafamiliar\u201d, agreg\u00f3.<\/p>\n\n\n\n<p>La procuradora general sostuvo que enfrentan desaf\u00edos significativos y que est\u00e1n decididos a actuar con firmeza. \u201cLa protecci\u00f3n de la vida, la dignidad humana y la integridad personal, derechos fundamentales consagrados en nuestra Constituci\u00f3n, gu\u00eda nuestras acciones diarias para prevenir, atender e investigar estos delitos tan graves\u201d, refiri\u00f3.<\/p>\n\n\n\n<p>De su lado, la abogada Garc\u00eda de Pereyra destac\u00f3 que los trabajos se realizaron como parte de un convenio entre ambas instituciones. \u201cEste acuerdo no fue simplemente un documento, fue una promesa de acci\u00f3n, en la que nos comprometimos, junto a la Procuradur\u00eda General de la Rep\u00fablica, a ser pilares en la construcci\u00f3n de una sociedad justa, equitativa y sostenible para todos los dominicanos\u201d, expres\u00f3.<\/p>\n\n\n\n<p>\u201cReconocemos que la igualdad de g\u00e9nero no solo es un derecho humano fundamental, sino, tambi\u00e9n, uno de los cimientos esenciales para edificar un mundo pac\u00edfico y pr\u00f3spero. La violencia de g\u00e9nero, una realidad dolorosa que afecta a muchas en nuestro pa\u00eds, nos exige no ser indiferentes ante el sufrimiento de quienes son v\u00edctimas de este flagelo\u201d, agreg\u00f3.<\/p>\n\n\n\n<p>Explic\u00f3 que este espacio, renovado y fortalecido, est\u00e1 dedicado a brindar apoyo a quienes m\u00e1s lo necesitan, convirti\u00e9ndose en un refugio seguro, de sanaci\u00f3n y empoderamiento, donde cada v\u00edctima pueda encontrar asistencia, respeto y acompa\u00f1amiento en su camino hacia la recuperaci\u00f3n.<\/p>\n\n\n\n<p>\u201cMe satisface profundamente, tanto en mi condici\u00f3n de mujer como de presidenta del Voluntariado Banreservas, reinaugurar, no solo este centro el d\u00eda de hoy, sino, tambi\u00e9n, cinco Unidades de Atenci\u00f3n Integral a V\u00edctimas de Violencia de G\u00e9nero, Intrafamiliar y Delitos Sexuales\u201d, expres\u00f3, al tiempo de indicar que con ello impactar\u00e1n m\u00e1s de un mill\u00f3n de habitantes distribuidos en los distintos puntos donde se encuentran ubicadas.<\/p>\n\n\n\n<p>En el acto tambi\u00e9n participaron, la titular de la Direcci\u00f3n General de Persecuci\u00f3n del Ministerio P\u00fablico, procuradora adjunta Yeni Berenice Reynoso; la titular de la Direcci\u00f3n contra la Violencia de G\u00e9nero del Ministerio P\u00fablico, Ana Andrea Villa Camacho; la directora del Voluntariado Banreservas, Sabrina And\u00fajar; la fiscal titular del Distrito Nacional, Rosalba Ramos, y la directora del Centro de Atenci\u00f3n a Sobrevivientes de Violencia, Solange Alvarado.<\/p>\n\n\n\n<p>En un comunicado de prensa, las autoridades destacan el trabajo desarrollado en los \u00faltimos cuatro a\u00f1os para combatir ese flagelo, incluyendo la construcci\u00f3n, remozamiento y equipamiento de varias unidades a nivel nacional, as\u00ed como la incorporaci\u00f3n de personal especializado y la implementaci\u00f3n de un plan de capacitaci\u00f3n para los integrantes del sistema.<\/p>\n\n\n\n<p>Con el plan de mejoras implementado para enfrentar la violencia de g\u00e9nero, en virtud del acuerdo suscrito entre el Ministerio P\u00fablico y el Voluntariado Banreservas, se procedi\u00f3 con la construcci\u00f3n y equipamiento de la Unidad de Atenci\u00f3n Integral a la Violencia de G\u00e9nero de San Crist\u00f3bal, con una inversi\u00f3n de RD$27,653,244.20, el remozamiento y equipamiento de la que funciona en el Distrito Nacional con RD$653,681.89 y la de Santiago con RD$5,805,315.79.<\/p>\n\n\n\n<p>La construcci\u00f3n y equipamiento de esas unidades junto a las de Santiago y San Crist\u00f3bal fueron realizados con una inversi\u00f3n total de RD$71,349,830.78.<\/p>\n\n\n\n<p>Las unidades tambi\u00e9n han sido dotadas de 25 sillas de ruedas.<\/p>\n\n\n\n<p>El Centro de Atenci\u00f3n a Sobrevivientes de Violencia est\u00e1 ubicado en la calle Eugenio Mar\u00eda de Hostos No. 350, esquina Gregorio Luper\u00f3n, de la Zona Colonial, del Distrito Nacional.<\/p>\n\n\n\n<p><strong>Direcci\u00f3n General de Comunicaci\u00f3n, Prensa, y RRPP<\/strong><\/p>\n\n\n\n<p>Ministerio P\u00fablico. R.D.<\/p>\n\n\n\n<p>Mi\u00e9rcoles, 19 de junio de 2024.<\/p>\n","protected":false},"excerpt":{"rendered":"<p>diariodominicano.com Santo Domingo, R. D., 19 de junio, 2024.-\u2002En una nueva acci\u00f3n de respuesta a la violencia de g\u00e9nero, intrafamiliar y delitos sexuales, la procuradora general de la Rep\u00fablica, Miriam Germ\u00e1n Brito, y la presidenta del Voluntariado Banreservas, Noelia Garc\u00eda de Pereyra, reinauguraron el Centro de Atenci\u00f3n a Sobrevivientes de Violencia en la Zona Colonial, [&hellip;]<\/p>\n","protected":false},"author":5,"featured_media":501159,"comment_status":"closed","ping_status":"closed","sticky":true,"template":"","format":"standard","meta":{"footnotes":""},"categories":[24,27],"tags":[],"class_list":["post-539086","post","type-post","status-publish","format-standard","has-post-thumbnail","hentry","category-justicia-y-derecho","category-portada"],"_links":{"self":[{"href":"https:\/\/diariodominicano.com\/index.php?rest_route=\/wp\/v2\/posts\/539086","targetHints":{"allow":["GET"]}}],"collection":[{"href":"https:\/\/diariodominicano.com\/index.php?rest_route=\/wp\/v2\/posts"}],"about":[{"href":"https:\/\/diariodominicano.com\/index.php?rest_route=\/wp\/v2\/types\/post"}],"author":[{"embeddable":true,"href":"https:\/\/diariodominicano.com\/index.php?rest_route=\/wp\/v2\/users\/5"}],"replies":[{"embeddable":true,"href":"https:\/\/diariodominicano.com\/index.php?rest_route=%2Fwp%2Fv2%2Fcomments&post=539086"}],"version-history":[{"count":1,"href":"https:\/\/diariodominicano.com\/index.php?rest_route=\/wp\/v2\/posts\/539086\/revisions"}],"predecessor-version":[{"id":539087,"href":"https:\/\/diariodominicano.com\/index.php?rest_route=\/wp\/v2\/posts\/539086\/revisions\/539087"}],"wp:featuredmedia":[{"embeddable":true,"href":"https:\/\/diariodominicano.com\/index.php?rest_route=\/wp\/v2\/media\/501159"}],"wp:attachment":[{"href":"https:\/\/diariodominicano.com\/index.php?rest_route=%2Fwp%2Fv2%2Fmedia&parent=539086"}],"wp:term":[{"taxonomy":"category","embeddable":true,"href":"https:\/\/diariodominicano.com\/index.php?rest_route=%2Fwp%2Fv2%2Fcategories&post=539086"},{"taxonomy":"post_tag","embeddable":true,"href":"https:\/\/diariodominicano.com\/index.php?rest_route=%2Fwp%2Fv2%2Ftags&post=539086"}],"curies":[{"name":"wp","href":"https:\/\/api.w.org\/{rel}","templated":true}]}}