{"id":53906,"date":"2020-11-13T07:43:16","date_gmt":"2020-11-13T07:43:16","guid":{"rendered":"http:\/\/diariodominicano.ddns.net\/?p=53906"},"modified":"2020-11-13T07:43:16","modified_gmt":"2020-11-13T07:43:16","slug":"mescyt-y-miderec-firman-acuerdo-que-promueve-capacitacion-para-atletas-de-alto-rendimiento","status":"publish","type":"post","link":"https:\/\/diariodominicano.com\/?p=53906","title":{"rendered":"MESCYT y MIDEREC firman acuerdo que promueve capacitaci\u00f3n para atletas de alto rendimiento"},"content":{"rendered":"<p><body><\/p>\n<p><img decoding=\"async\" src=\"img3\/Garciafermin13-11-20.jpg\" \/>  <\/p>\n<p><span class=\"text1noticias\"> <\/span><\/p>\n<p><span class=\"text1noticias\">diariodominicano.com<\/span><\/p>\n<p><span class=\"text1noticias\"> <\/span><\/p>\n<p><span class=\"text1noticias\"> Santo Domingo, R. D., 13 de noviembre, 2020.- El Ministerio de Educaci\u00f3n Superior, Ciencia y Tecnolog\u00eda (MESCYT) y el Ministerio de Deportes y Recreaci\u00f3n (MIDEREC) firman convenio interinstitucional para la formaci\u00f3n profesional de atletas de alto rendimiento y sus hijos, a trav\u00e9s de diversos programas educativos.<\/span><\/p>\n<p><span class=\"text1noticias\"> <\/span><\/p>\n<p><span class=\"text1noticias\">El convenio contempla que los deportistas reciban la oportunidad de estudiar en el programa de ingl\u00e9s por inmersi\u00f3n, que ser\u00e1 impartido en las instalaciones del MIDEREC, adem\u00e1s de obtener becas nacionales e internacionales en diversas \u00e1reas. El acuerdo tambi\u00e9n establece incluir a colaboradores y funcionarios de esa dependencia, incentivando as\u00ed la formaci\u00f3n continua.<\/span><\/p>\n<p><span class=\"text1noticias\"> <\/span><\/p>\n<p><span class=\"text1noticias\">El titular del MESCYT, Franklin Garc\u00eda Ferm\u00edn, explic\u00f3 que la alianza beneficiar\u00e1 a ambas instituciones, mediante el desarrollo del deporte y la dignificaci\u00f3n de quienes lo ejercen, brindando acceso a estudios de grado, posgrado y cursos profesionalizantes en el \u00e1rea del deporte, tanto en el pa\u00eds, como en el extranjero.<\/span><\/p>\n<p><span class=\"text1noticias\"> <\/span><\/p>\n<p><span class=\"text1noticias\">\u00abFelicito al Ministerio de Deporte por la importante labor   que viene realizando a favor del recreo, apostando a un cuerpo y una mente sana\u00bb, expres\u00f3 Garc\u00eda Ferm\u00edn.<\/span><\/p>\n<p><span class=\"text1noticias\"> <\/span><\/p>\n<p><span class=\"text1noticias\">Mientras que el ministro de Deportes y Recreaci\u00f3n, Francisco Jos\u00e9 Camacho, agradeci\u00f3 la disposici\u00f3n del MESCYT para firmar el acuerdo, calific\u00e1ndolo de hist\u00f3rico, adem\u00e1s de un incentivo para que los atletas posean una educaci\u00f3n deportiva y universitaria.<\/span><\/p>\n<p><span class=\"text1noticias\"> <\/span><\/p>\n<p><span class=\"text1noticias\"> \u00abHabr\u00e1 un antes y un despu\u00e9s para nuestros deportistas, haremos todo tipo de acuerdos para que nuestros atletas puedan educarse, porque la educaci\u00f3n es lo mejor que le podemos dejar\u00bb, argument\u00f3 el funcionario.<\/span><\/p>\n<p><span class=\"text1noticias\"> <\/span><\/p>\n<p><span class=\"text1noticias\">Mediante el tratado, el MIDEREC se comprometi\u00f3 a ceder en todas las provincias del pa\u00eds, instalaciones y herramientas para que el MESCYT pueda desarrollar los programas formativos.<\/span><\/p>\n<p><span class=\"text1noticias\"> <\/span><\/p>\n<p><span class=\"text1noticias\">La firma del documento fue efectuada en el marco de la primera reuni\u00f3n del Comit\u00e9 de Seguimiento de Gesti\u00f3n del MIDEREC, en la sede de esa instituci\u00f3n. Estuvieron presentes los viceministros del MESCYT, Juan Francisco Viloria, Carlos Mendieta y Genaro Rodr\u00edguez Mart\u00ednez; el asesor especial, Julio Altagracia, y Diego Torres, consultor jur\u00eddico; el viceministro t\u00e9cnico del MIDEREC, Elvys Duarte, entre otras personalidades.<\/span><\/p>\n<p><span class=\"text1noticias\"> <\/span><\/p>\n<p><span class=\"text1noticias\"> PIE DE FOTO:El ministro del MESCYT, Franklin Garc\u00eda Ferm\u00edn, y el de Deportes, Francisco Camacho, suscribieron el acuerdo a favor de los atletas de alto rendimiento.<\/span><\/p>\n<\/p>\n<p><span class=\"text1noticias\">Fuente: Federico Mendez Nova<\/span><\/p>\n<\/p>\n<p><span class=\"text1noticias\"> <\/span><\/p>\n<p><span class=\"text1noticias\"> <\/span><\/p>\n<p><span class=\"text1noticias\"> <\/span><\/p>\n<\/p>\n<h6> 2020-11-13 07:43:16 <\/h6>\n<p><!--\n<link rel=\"stylesheet\" href=\"css\/bootstrap.min.css\">\n\n\n<ul class=\"pagination\">\n\t    \n\t\n\n<li >\n\t<a href='?page_no=60'>Previous<\/a>\n\t<\/li>\n\n\n       \n    \n\n<li><a href='?page_no=1'>1<\/a><\/li>\n\n\n\n<li><a href='?page_no=2'>2<\/a><\/li>\n\n\n\n<li><a>...<\/a><\/li>\n\n\n\n<li><a href='?page_no=59'>59<\/a><\/li>\n\n\n\n<li><a href='?page_no=60'>60<\/a><\/li>\n\n\n\n<li class='active'><a>61<\/a><\/li>\n\n\n\n<li><a href='?page_no=62'>62<\/a><\/li>\n\n\n\n<li><a href='?page_no=63'>63<\/a><\/li>\n\n\n\n<li><a>...<\/a><\/li>\n\n\n\n<li><a href='?page_no=22911'>22911<\/a><\/li>\n\n\n\n<li><a href='?page_no=22912'>22912<\/a><\/li>\n\n    \n\t\n\n<li >\n\t<a href='?page_no=62'>Next<\/a>\n\t<\/li>\n\n\n    \n\n<li><a href='?page_no=22912'>Last &rsaquo;&rsaquo;<\/a><\/li>\n\n<\/ul>\n\n\n--><br \/>\n<\/body><\/p>\n","protected":false},"excerpt":{"rendered":"<p>diariodominicano.com Santo Domingo, R. D., 13 de noviembre, 2020.- El Ministerio de Educaci\u00f3n Superior, Ciencia y Tecnolog\u00eda (MESCYT) y el Ministerio de Deportes y Recreaci\u00f3n (MIDEREC) firman convenio interinstitucional para la formaci\u00f3n profesional de atletas de alto rendimiento y sus hijos, a trav\u00e9s de diversos programas educativos. El convenio contempla que los deportistas reciban la [&hellip;]<\/p>\n","protected":false},"author":3,"featured_media":0,"comment_status":"open","ping_status":"open","sticky":false,"template":"","format":"standard","meta":{"footnotes":""},"categories":[21],"tags":[],"class_list":["post-53906","post","type-post","status-publish","format-standard","hentry","category-cultura"],"_links":{"self":[{"href":"https:\/\/diariodominicano.com\/index.php?rest_route=\/wp\/v2\/posts\/53906","targetHints":{"allow":["GET"]}}],"collection":[{"href":"https:\/\/diariodominicano.com\/index.php?rest_route=\/wp\/v2\/posts"}],"about":[{"href":"https:\/\/diariodominicano.com\/index.php?rest_route=\/wp\/v2\/types\/post"}],"author":[{"embeddable":true,"href":"https:\/\/diariodominicano.com\/index.php?rest_route=\/wp\/v2\/users\/3"}],"replies":[{"embeddable":true,"href":"https:\/\/diariodominicano.com\/index.php?rest_route=%2Fwp%2Fv2%2Fcomments&post=53906"}],"version-history":[{"count":0,"href":"https:\/\/diariodominicano.com\/index.php?rest_route=\/wp\/v2\/posts\/53906\/revisions"}],"wp:attachment":[{"href":"https:\/\/diariodominicano.com\/index.php?rest_route=%2Fwp%2Fv2%2Fmedia&parent=53906"}],"wp:term":[{"taxonomy":"category","embeddable":true,"href":"https:\/\/diariodominicano.com\/index.php?rest_route=%2Fwp%2Fv2%2Fcategories&post=53906"},{"taxonomy":"post_tag","embeddable":true,"href":"https:\/\/diariodominicano.com\/index.php?rest_route=%2Fwp%2Fv2%2Ftags&post=53906"}],"curies":[{"name":"wp","href":"https:\/\/api.w.org\/{rel}","templated":true}]}}