{"id":539044,"date":"2024-06-19T19:21:37","date_gmt":"2024-06-19T23:21:37","guid":{"rendered":"https:\/\/diariodominicano.com\/?p=539044"},"modified":"2024-06-19T19:22:27","modified_gmt":"2024-06-19T23:22:27","slug":"inedito-perro-negro-la-meca-del-regueton-abrio-el-show-de-feid-en-el-madison-square-garden-de-nueva-york","status":"publish","type":"post","link":"https:\/\/diariodominicano.com\/?p=539044","title":{"rendered":"In\u00e9dito: Perro Negro, la meca del reguet\u00f3n, abri\u00f3 el show de Feid en el Madison Square Garden de Nueva York"},"content":{"rendered":"\n<p>El Club Perro Negro, considerado la meca del reguet\u00f3n, abri\u00f3 el show de Feid en el Madison Square Garden, de Nueva York, lo que lo convirti\u00f3 en el primero en ser invitado al opening de una estrella musical.<\/p>\n\n\n\n<p>Feid congreg\u00f3 a m\u00e1s de 19.000 personas con sus \u00e9xitos en el Ferxxocalipsis World Tour, el concierto n\u00famero 20 de su gira por Estados Unidos. Adem\u00e1s de Perro Negro, entre los invitados especiales estuvieron Young Miko, Yandel y Maisak.<\/p>\n\n\n\n<p>Recientemente, Feid y Bad Bunny hicieron una canci\u00f3n en honor a Perro Negro, la discoteca de Medell\u00edn y Miami en la que ellos acostumbran a rumbear, junto a Karol G. \u201cVamo&#8217; a celebrarlo en Perro Negro\u201d, dicen en uno de los sencillos de la m\u00e1s reciente producci\u00f3n del Conejo Malo.<\/p>\n\n\n\n<p>Hasta 1997, Perro Negro fue un bar de buenas y malas muertes en la Plaza Cisneros del Barrio Guayaquil, en Medell\u00edn. Lo que antes era un lugar de malandros y cantantes, en 2017 resurgi\u00f3 como un club de puro reguet\u00f3n convirti\u00e9ndose en el \u00fanico lugar dedicado exclusivamente al perreo.<\/p>\n\n\n\n<p>La apertura de Perro Negro en Miami fue todo un \u00e9xito, en asociaci\u00f3n con Billboard, con la fiesta oficial pre-premios de Latin Billboard Music Week.<\/p>\n\n\n\n<figure class=\"wp-block-embed\"><div class=\"wp-block-embed__wrapper\">\nhttps:\/\/www.instagram.com\/clubperronegro\/\n<\/div><\/figure>\n\n\n\n<p>esther@ebmanagement.io<\/p>\n","protected":false},"excerpt":{"rendered":"<p>El Club Perro Negro, considerado la meca del reguet\u00f3n, abri\u00f3 el show de Feid en el Madison Square Garden, de Nueva York, lo que lo convirti\u00f3 en el primero en ser invitado al opening de una estrella musical. Feid congreg\u00f3 a m\u00e1s de 19.000 personas con sus \u00e9xitos en el Ferxxocalipsis World Tour, el concierto [&hellip;]<\/p>\n","protected":false},"author":7,"featured_media":539091,"comment_status":"closed","ping_status":"closed","sticky":false,"template":"","format":"standard","meta":{"footnotes":""},"categories":[25],"tags":[],"class_list":["post-539044","post","type-post","status-publish","format-standard","has-post-thumbnail","hentry","category-gente"],"_links":{"self":[{"href":"https:\/\/diariodominicano.com\/index.php?rest_route=\/wp\/v2\/posts\/539044","targetHints":{"allow":["GET"]}}],"collection":[{"href":"https:\/\/diariodominicano.com\/index.php?rest_route=\/wp\/v2\/posts"}],"about":[{"href":"https:\/\/diariodominicano.com\/index.php?rest_route=\/wp\/v2\/types\/post"}],"author":[{"embeddable":true,"href":"https:\/\/diariodominicano.com\/index.php?rest_route=\/wp\/v2\/users\/7"}],"replies":[{"embeddable":true,"href":"https:\/\/diariodominicano.com\/index.php?rest_route=%2Fwp%2Fv2%2Fcomments&post=539044"}],"version-history":[{"count":1,"href":"https:\/\/diariodominicano.com\/index.php?rest_route=\/wp\/v2\/posts\/539044\/revisions"}],"predecessor-version":[{"id":539133,"href":"https:\/\/diariodominicano.com\/index.php?rest_route=\/wp\/v2\/posts\/539044\/revisions\/539133"}],"wp:featuredmedia":[{"embeddable":true,"href":"https:\/\/diariodominicano.com\/index.php?rest_route=\/wp\/v2\/media\/539091"}],"wp:attachment":[{"href":"https:\/\/diariodominicano.com\/index.php?rest_route=%2Fwp%2Fv2%2Fmedia&parent=539044"}],"wp:term":[{"taxonomy":"category","embeddable":true,"href":"https:\/\/diariodominicano.com\/index.php?rest_route=%2Fwp%2Fv2%2Fcategories&post=539044"},{"taxonomy":"post_tag","embeddable":true,"href":"https:\/\/diariodominicano.com\/index.php?rest_route=%2Fwp%2Fv2%2Ftags&post=539044"}],"curies":[{"name":"wp","href":"https:\/\/api.w.org\/{rel}","templated":true}]}}