{"id":539042,"date":"2024-06-19T19:22:14","date_gmt":"2024-06-19T23:22:14","guid":{"rendered":"https:\/\/diariodominicano.com\/?p=539042"},"modified":"2024-06-19T19:37:32","modified_gmt":"2024-06-19T23:37:32","slug":"los-heat-latin-music-awards-se-visten-de-gala-para-celebrar-su-decimo-aniversario-y-el-gran-regreso-de-chyno-y-nacho","status":"publish","type":"post","link":"https:\/\/diariodominicano.com\/?p=539042","title":{"rendered":"Los Heat Latin Music Awards se visten de gala para celebrar su d\u00e9cimo aniversario y el gran regreso de Chyno y Nacho\u00a0"},"content":{"rendered":"\n<ul class=\"wp-block-list\">\n<li><em>La fiesta de la m\u00fasica latina que se realiza desde suelo latinoamericano, se llevar\u00e1 a cabo este 11 de julio desde el Hard Rock Hotel &amp; Casino Punta Cana.<\/em><\/li>\n<\/ul>\n\n\n\n<ul class=\"wp-block-list\">\n<li><em>Los venezolanos Chyno y Nacho se reencontrar\u00e1n despu\u00e9s de siete a\u00f1os con uno de los escenarios que los vio brillar y fue testigo de los m\u00faltiples \u00e9xitos con los que le dieron la vuelta al mundo.\u00a0<\/em><\/li>\n<\/ul>\n\n\n\n<ul class=\"wp-block-list\">\n<li><em>Los m\u00e1s fieles seguidores podr\u00e1n seguir votando por sus artistas favoritos cada 24 horas a trav\u00e9s de la App de descarga gratuita LosHeat.Tv hasta el 1 de julio.<\/em><\/li>\n<\/ul>\n\n\n\n<p><strong>Rep\u00fablica Dominicana, 19 de junio de 2024. <\/strong>Este a\u00f1o el caribe enciende sus reflectores para recibir a las estrellas m\u00e1s importantes de la industria latina y en una noche de gala, conmemorar juntos los \u00e9xitos, las trayectorias y la historia de los \u00faltimos diez a\u00f1os de nuestra cultura musical.<\/p>\n\n\n\n<figure class=\"wp-block-gallery has-nested-images columns-default is-cropped wp-block-gallery-1 is-layout-flex wp-block-gallery-is-layout-flex\">\n<figure class=\"wp-block-image size-large\"><img loading=\"lazy\" decoding=\"async\" width=\"819\" height=\"1024\" data-id=\"539109\" src=\"https:\/\/diariodominicano.com\/wp-content\/uploads\/2024\/06\/Wendy-Guevara_-819x1024.jpg\" alt=\"\" class=\"wp-image-539109\" srcset=\"https:\/\/diariodominicano.com\/wp-content\/uploads\/2024\/06\/Wendy-Guevara_-819x1024.jpg 819w, https:\/\/diariodominicano.com\/wp-content\/uploads\/2024\/06\/Wendy-Guevara_-240x300.jpg 240w, https:\/\/diariodominicano.com\/wp-content\/uploads\/2024\/06\/Wendy-Guevara_-768x960.jpg 768w, https:\/\/diariodominicano.com\/wp-content\/uploads\/2024\/06\/Wendy-Guevara_-1229x1536.jpg 1229w, https:\/\/diariodominicano.com\/wp-content\/uploads\/2024\/06\/Wendy-Guevara_-816x1020.jpg 816w, https:\/\/diariodominicano.com\/wp-content\/uploads\/2024\/06\/Wendy-Guevara_.jpg 1248w\" sizes=\"auto, (max-width: 819px) 100vw, 819px\" \/><\/figure>\n\n\n\n<figure class=\"wp-block-image size-large\"><img loading=\"lazy\" decoding=\"async\" width=\"683\" height=\"1024\" data-id=\"539106\" src=\"https:\/\/diariodominicano.com\/wp-content\/uploads\/2024\/06\/Caroline-Aquino-683x1024.jpeg\" alt=\"\" class=\"wp-image-539106\" srcset=\"https:\/\/diariodominicano.com\/wp-content\/uploads\/2024\/06\/Caroline-Aquino-683x1024.jpeg 683w, https:\/\/diariodominicano.com\/wp-content\/uploads\/2024\/06\/Caroline-Aquino-200x300.jpeg 200w, https:\/\/diariodominicano.com\/wp-content\/uploads\/2024\/06\/Caroline-Aquino-768x1152.jpeg 768w, https:\/\/diariodominicano.com\/wp-content\/uploads\/2024\/06\/Caroline-Aquino-1024x1536.jpeg 1024w, https:\/\/diariodominicano.com\/wp-content\/uploads\/2024\/06\/Caroline-Aquino-816x1224.jpeg 816w, https:\/\/diariodominicano.com\/wp-content\/uploads\/2024\/06\/Caroline-Aquino.jpeg 1095w\" sizes=\"auto, (max-width: 683px) 100vw, 683px\" \/><figcaption class=\"wp-element-caption\">Caroline Aquino <\/figcaption><\/figure>\n<\/figure>\n\n\n\n<p>Un imponente <strong>Hard Rock Hotel &amp; Casino Punta Cana <\/strong>abre sus puertas desde el martes 8 de julio para ser el gran anfitri\u00f3n de los <strong>HEAT LATIN MUSIC AWARDS, <\/strong>que para este d\u00e9cimo aniversario presentar\u00e1 una <strong>edici\u00f3n ic\u00f3nica<\/strong>, exaltando esas grandes carreras y momentos que han escrito la historia de la <strong>familia HEAT <\/strong>en el mundo sonoro.<\/p>\n\n\n\n<p>El escenario m\u00e1s caliente de la m\u00fasica latina vivir\u00e1 una noche sin precedentes, donde por primera vez la alegr\u00eda del caribe dominicano se <strong>vestir\u00e1 de gala <\/strong>para ser testigo de uno de los reencuentros m\u00e1s esperados, <strong>el regreso de<\/strong> <strong>Chyno y Nacho, que d<\/strong>espu\u00e9s de siete a\u00f1os unen nuevamente sus voces para interpretar los \u00e9xitos que cambiaron el rumbo de su carrera y hoy se mantienen <strong>eternos <\/strong>en la escena musical.&nbsp;<\/p>\n\n\n\n<p><em>\u201cAndas en mi cabeza\u201d,<\/em> <em>\u201cNi\u00f1a Bonita\u201d<\/em>, <em>\u201cMe Voy Enamorando\u201d<\/em>, entre otros, son algunos de los hits que vibrar\u00e1n este <strong>11 de julio en Punta Cana, Rep\u00fablica Dominicana<\/strong> donde grandes figuras del entretenimiento y los artistas que han marcado tendencia, engalanar\u00e1n una edici\u00f3n para no olvidar.\u00a0<\/p>\n\n\n\n<figure class=\"wp-block-gallery has-nested-images columns-default is-cropped wp-block-gallery-2 is-layout-flex wp-block-gallery-is-layout-flex\">\n<figure class=\"wp-block-image size-large\"><img loading=\"lazy\" decoding=\"async\" width=\"683\" height=\"1024\" data-id=\"539108\" src=\"https:\/\/diariodominicano.com\/wp-content\/uploads\/2024\/06\/Moises-Salce-683x1024.jpg\" alt=\"\" class=\"wp-image-539108\" srcset=\"https:\/\/diariodominicano.com\/wp-content\/uploads\/2024\/06\/Moises-Salce-683x1024.jpg 683w, https:\/\/diariodominicano.com\/wp-content\/uploads\/2024\/06\/Moises-Salce-200x300.jpg 200w, https:\/\/diariodominicano.com\/wp-content\/uploads\/2024\/06\/Moises-Salce-768x1152.jpg 768w, https:\/\/diariodominicano.com\/wp-content\/uploads\/2024\/06\/Moises-Salce-1024x1536.jpg 1024w, https:\/\/diariodominicano.com\/wp-content\/uploads\/2024\/06\/Moises-Salce-1366x2048.jpg 1366w, https:\/\/diariodominicano.com\/wp-content\/uploads\/2024\/06\/Moises-Salce-816x1224.jpg 816w, https:\/\/diariodominicano.com\/wp-content\/uploads\/2024\/06\/Moises-Salce-scaled.jpg 1707w\" sizes=\"auto, (max-width: 683px) 100vw, 683px\" \/><figcaption class=\"wp-element-caption\">Mois\u00e9s Salc\u00e9 <\/figcaption><\/figure>\n\n\n\n<figure class=\"wp-block-image size-large\"><img loading=\"lazy\" decoding=\"async\" width=\"682\" height=\"1024\" data-id=\"539107\" src=\"https:\/\/diariodominicano.com\/wp-content\/uploads\/2024\/06\/Marko-682x1024.jpg\" alt=\"\" class=\"wp-image-539107\" srcset=\"https:\/\/diariodominicano.com\/wp-content\/uploads\/2024\/06\/Marko-682x1024.jpg 682w, https:\/\/diariodominicano.com\/wp-content\/uploads\/2024\/06\/Marko-200x300.jpg 200w, https:\/\/diariodominicano.com\/wp-content\/uploads\/2024\/06\/Marko-768x1153.jpg 768w, https:\/\/diariodominicano.com\/wp-content\/uploads\/2024\/06\/Marko-1023x1536.jpg 1023w, https:\/\/diariodominicano.com\/wp-content\/uploads\/2024\/06\/Marko-816x1225.jpg 816w, https:\/\/diariodominicano.com\/wp-content\/uploads\/2024\/06\/Marko.jpg 1280w\" sizes=\"auto, (max-width: 682px) 100vw, 682px\" \/><figcaption class=\"wp-element-caption\">Marko<\/figcaption><\/figure>\n<\/figure>\n\n\n\n<p>La gran fiesta de los diez a\u00f1os de los <strong>HEAT LATIN MUSIC AWARDS<\/strong> estar\u00e1 conducida por queridas personalidades de Am\u00e9rica Latina como lo son la celebridad mexicana <strong>Wendy Guevara,<\/strong> la reconocida presentadora y actriz\u00a0 dominicana <strong>Caroline Aquino <\/strong>y el c\u00e9lebre influencer, actor y comediante venezolano<strong> Marko. <\/strong>La antesala de esta celebraci\u00f3n contar\u00e1 con el destacado presentador y periodista de entretenimiento <strong>Mois\u00e9s Salc\u00e9<\/strong> y la actriz y comunicadora de radio y televisi\u00f3n<strong> Gabi Desangles <\/strong>quienes ser\u00e1n los encargados de presentar la alfombra de esta versi\u00f3n especial.<\/p>\n\n\n\n<figure class=\"wp-block-gallery has-nested-images columns-default is-cropped wp-block-gallery-3 is-layout-flex wp-block-gallery-is-layout-flex\">\n<figure class=\"wp-block-image size-large\"><img loading=\"lazy\" decoding=\"async\" width=\"819\" height=\"1024\" data-id=\"539110\" src=\"https:\/\/diariodominicano.com\/wp-content\/uploads\/2024\/06\/Wendy-Guevara-819x1024.jpg\" alt=\"\" class=\"wp-image-539110\" srcset=\"https:\/\/diariodominicano.com\/wp-content\/uploads\/2024\/06\/Wendy-Guevara-819x1024.jpg 819w, https:\/\/diariodominicano.com\/wp-content\/uploads\/2024\/06\/Wendy-Guevara-240x300.jpg 240w, https:\/\/diariodominicano.com\/wp-content\/uploads\/2024\/06\/Wendy-Guevara-768x960.jpg 768w, https:\/\/diariodominicano.com\/wp-content\/uploads\/2024\/06\/Wendy-Guevara-1229x1536.jpg 1229w, https:\/\/diariodominicano.com\/wp-content\/uploads\/2024\/06\/Wendy-Guevara-816x1020.jpg 816w, https:\/\/diariodominicano.com\/wp-content\/uploads\/2024\/06\/Wendy-Guevara.jpg 1498w\" sizes=\"auto, (max-width: 819px) 100vw, 819px\" \/><figcaption class=\"wp-element-caption\">Wendy Guevara <\/figcaption><\/figure>\n<\/figure>\n\n\n\n<p>Las votaciones para apoyar a sus artistas favoritos y elegir a los pr\u00f3ximos ganadores de las 29 categor\u00edas de los aclamados <strong>globos HEAT,<\/strong> estar\u00e1n abiertas hasta el 1 de julio. Los m\u00e1s fieles fans podr\u00e1n seguir votando a trav\u00e9s de la <strong>app LosHeat.Tv.&nbsp;<\/strong><\/p>\n\n\n\n<p>Esta <strong>noche de gala en el caribe <\/strong>promete una experiencia memorable con la celebraci\u00f3n de la m\u00fasica y la cultura latina en el d\u00e9cimo aniversario de los <strong>HEAT&nbsp; LATIN MUSIC AWARDS.<\/strong> Sigue de cerca todas las actualizaciones y novedades de la entrega anual a trav\u00e9s de las redes sociales de <strong>@lospremiosheat,<\/strong> <strong>@losheat.tv <\/strong>y <strong>la comunidad de WhatsApp<\/strong><strong> <\/strong><a href=\"https:\/\/chat.whatsapp.com\/KMIH9NJFtQA7EYSe1uY1VH\"><strong>Prensa HEAT Awards 2024<\/strong><\/a><\/p>\n\n\n\n<p><strong>MATERIAL GR\u00c1FICO HEAT AWARDS 2024<\/strong><\/p>\n\n\n\n<p>De:\u00a0<strong>Maria Alonzo<\/strong>\u00a0&lt;<a href=\"mailto:mariaalonzotv@gmail.com\" target=\"_blank\" rel=\"noreferrer noopener\">mariaalonzotv@gmail.com<\/a>><\/p>\n","protected":false},"excerpt":{"rendered":"<p>Rep\u00fablica Dominicana, 19 de junio de 2024. Este a\u00f1o el caribe enciende sus reflectores para recibir a las estrellas m\u00e1s importantes de la industria latina y en una noche de gala, conmemorar juntos los \u00e9xitos, las trayectorias y la historia de los \u00faltimos diez a\u00f1os de nuestra cultura musical. Un imponente Hard Rock Hotel &amp; [&hellip;]<\/p>\n","protected":false},"author":7,"featured_media":539105,"comment_status":"closed","ping_status":"closed","sticky":false,"template":"","format":"standard","meta":{"footnotes":""},"categories":[25],"tags":[],"class_list":["post-539042","post","type-post","status-publish","format-standard","has-post-thumbnail","hentry","category-gente"],"_links":{"self":[{"href":"https:\/\/diariodominicano.com\/index.php?rest_route=\/wp\/v2\/posts\/539042","targetHints":{"allow":["GET"]}}],"collection":[{"href":"https:\/\/diariodominicano.com\/index.php?rest_route=\/wp\/v2\/posts"}],"about":[{"href":"https:\/\/diariodominicano.com\/index.php?rest_route=\/wp\/v2\/types\/post"}],"author":[{"embeddable":true,"href":"https:\/\/diariodominicano.com\/index.php?rest_route=\/wp\/v2\/users\/7"}],"replies":[{"embeddable":true,"href":"https:\/\/diariodominicano.com\/index.php?rest_route=%2Fwp%2Fv2%2Fcomments&post=539042"}],"version-history":[{"count":2,"href":"https:\/\/diariodominicano.com\/index.php?rest_route=\/wp\/v2\/posts\/539042\/revisions"}],"predecessor-version":[{"id":539141,"href":"https:\/\/diariodominicano.com\/index.php?rest_route=\/wp\/v2\/posts\/539042\/revisions\/539141"}],"wp:featuredmedia":[{"embeddable":true,"href":"https:\/\/diariodominicano.com\/index.php?rest_route=\/wp\/v2\/media\/539105"}],"wp:attachment":[{"href":"https:\/\/diariodominicano.com\/index.php?rest_route=%2Fwp%2Fv2%2Fmedia&parent=539042"}],"wp:term":[{"taxonomy":"category","embeddable":true,"href":"https:\/\/diariodominicano.com\/index.php?rest_route=%2Fwp%2Fv2%2Fcategories&post=539042"},{"taxonomy":"post_tag","embeddable":true,"href":"https:\/\/diariodominicano.com\/index.php?rest_route=%2Fwp%2Fv2%2Ftags&post=539042"}],"curies":[{"name":"wp","href":"https:\/\/api.w.org\/{rel}","templated":true}]}}