{"id":539002,"date":"2024-06-19T11:24:30","date_gmt":"2024-06-19T15:24:30","guid":{"rendered":"https:\/\/diariodominicano.com\/?p=539002"},"modified":"2024-06-19T11:24:36","modified_gmt":"2024-06-19T15:24:36","slug":"pn-captura-presunto-estafador-por-compra-de-motocicleta-via-transferencia-no-efectiva-en-santiago","status":"publish","type":"post","link":"https:\/\/diariodominicano.com\/?p=539002","title":{"rendered":"PN captura presunto estafador por compra de motocicleta v\u00eda transferencia no efectiva en Santiago"},"content":{"rendered":"\n<p>diariodominicano.com<\/p>\n\n\n\n<p><strong>Santiago, 19 de Junio del 2024.-<\/strong>\u00a0La Polic\u00eda Nacional informa sobre la captura mediante orden judicial de un hombre, acusado de ser el presunto autor de estafar a un se\u00f1or con la compra de una motocicleta v\u00eda red social, con el modus operandi de realizar transferencia no efectiva.<\/p>\n\n\n\n<p>Se trata de Jos\u00e9 Gabriel Capell\u00e1n D\u00edaz, de 25 a\u00f1os de edad, detenido en cumplimiento a la orden de arresto No. 05270-2024, por agentes policiales de investigaci\u00f3n adscritos al departamento de Mary L\u00f3pez de esta ciudad.<\/p>\n\n\n\n<p>De acuerdo a la denuncia presentada por la v\u00edctima, en mayo de este a\u00f1o hab\u00eda publicado la venta de una motocicleta marca Loncin, modelo SX2, color rojo, placa K2502903, a\u00f1o 2023, en la p\u00e1gina de Marketplace, siendo contactado por un individuo a trav\u00e9s de WhatsApp interesado en adquirir dicho motor.<\/p>\n\n\n\n<p>Agrega que tras acordar la transacci\u00f3n, el individuo envi\u00f3 a dos personas desconocidas a la residencia del denunciante, ubicada en la Zona Sur de esta ciudad, entregando este dicha motocicleta, quien presuntamente realiz\u00f3 una transferencia bancaria por el monto de 130 mil pesos, no siendo efectiva.<\/p>\n\n\n\n<p>La Polic\u00eda Nacional contin\u00faa con las investigaciones para esclarecer completamente este caso y exhorta a la ciudadan\u00eda a tomar precauciones al realizar transacciones comerciales por medios electr\u00f3nicos y redes sociales para evitar ser v\u00edctimas de fraudes o estafas.<\/p>\n\n\n\n<p>Capell\u00e1n D\u00edaz fue enviado al Ministerio P\u00fablico para los fines legales correspondientes.<\/p>\n\n\n\n<p><strong>OFICINA DE INFORMACI\u00d3N Y COMUNICACIONES ESTRAT\u00c9GICAS DIRECCI\u00d3N REGIONAL CIBAO CENTRAL DE LA POLIC\u00cdA NACIONAL<\/strong><\/p>\n\n\n\n<p><\/p>\n","protected":false},"excerpt":{"rendered":"<p>diariodominicano.com Santiago, 19 de Junio del 2024.-\u00a0La Polic\u00eda Nacional informa sobre la captura mediante orden judicial de un hombre, acusado de ser el presunto autor de estafar a un se\u00f1or con la compra de una motocicleta v\u00eda red social, con el modus operandi de realizar transferencia no efectiva. Se trata de Jos\u00e9 Gabriel Capell\u00e1n D\u00edaz, [&hellip;]<\/p>\n","protected":false},"author":5,"featured_media":408509,"comment_status":"closed","ping_status":"closed","sticky":true,"template":"","format":"standard","meta":{"footnotes":""},"categories":[24,27],"tags":[],"class_list":["post-539002","post","type-post","status-publish","format-standard","has-post-thumbnail","hentry","category-justicia-y-derecho","category-portada"],"_links":{"self":[{"href":"https:\/\/diariodominicano.com\/index.php?rest_route=\/wp\/v2\/posts\/539002","targetHints":{"allow":["GET"]}}],"collection":[{"href":"https:\/\/diariodominicano.com\/index.php?rest_route=\/wp\/v2\/posts"}],"about":[{"href":"https:\/\/diariodominicano.com\/index.php?rest_route=\/wp\/v2\/types\/post"}],"author":[{"embeddable":true,"href":"https:\/\/diariodominicano.com\/index.php?rest_route=\/wp\/v2\/users\/5"}],"replies":[{"embeddable":true,"href":"https:\/\/diariodominicano.com\/index.php?rest_route=%2Fwp%2Fv2%2Fcomments&post=539002"}],"version-history":[{"count":1,"href":"https:\/\/diariodominicano.com\/index.php?rest_route=\/wp\/v2\/posts\/539002\/revisions"}],"predecessor-version":[{"id":539003,"href":"https:\/\/diariodominicano.com\/index.php?rest_route=\/wp\/v2\/posts\/539002\/revisions\/539003"}],"wp:featuredmedia":[{"embeddable":true,"href":"https:\/\/diariodominicano.com\/index.php?rest_route=\/wp\/v2\/media\/408509"}],"wp:attachment":[{"href":"https:\/\/diariodominicano.com\/index.php?rest_route=%2Fwp%2Fv2%2Fmedia&parent=539002"}],"wp:term":[{"taxonomy":"category","embeddable":true,"href":"https:\/\/diariodominicano.com\/index.php?rest_route=%2Fwp%2Fv2%2Fcategories&post=539002"},{"taxonomy":"post_tag","embeddable":true,"href":"https:\/\/diariodominicano.com\/index.php?rest_route=%2Fwp%2Fv2%2Ftags&post=539002"}],"curies":[{"name":"wp","href":"https:\/\/api.w.org\/{rel}","templated":true}]}}