{"id":53895,"date":"2020-05-14T09:25:55","date_gmt":"2020-05-14T09:25:55","guid":{"rendered":"http:\/\/diariodominicano.ddns.net\/?p=53895"},"modified":"2020-05-14T09:25:55","modified_gmt":"2020-05-14T09:25:55","slug":"en-samana-el-gobernador-espanol-pascual-real","status":"publish","type":"post","link":"https:\/\/diariodominicano.com\/?p=53895","title":{"rendered":"En  Saman\u00e1  el gobernador espa\u00f1ol Pascual Real"},"content":{"rendered":"<p><body><\/p>\n<p><strong>Diariodominicano.com<\/strong><\/p>\n<p><strong>En Saman\u00e1  el gobernador espa\u00f1ol Pascual Real <\/strong><\/p>\n<p><strong>Pascual Real fue el \u00faltimo gobernador espa\u00f1ol  en la colonia de Santo Domingo, antes de que Jos\u00e9 N\u00fa\u00f1ez de C\u00e1ceres  proclamara, el 1 de diciembre de 1821, la independencia Ef\u00edmera o la proclamaci\u00f3n del Estado Independiente del Hait\u00ed Espa\u00f1ol.<\/strong><\/p>\n<p><strong>Por HTN<\/strong><\/p>\n<p><strong>Diariodominicano.com<\/strong><\/p>\n<\/p>\n<p><strong>SAMANA, el 14 de Mayo de 1821,<\/strong> lleg\u00f3 a Saman\u00e1 el nuevo Gobernador de la Colonia Espa\u00f1ola, Pascual Real, quien hab\u00eda sustituido  al Gobernador  Sebasti\u00e1n Kindel\u00e1n.<\/p>\n<\/p>\n<p>   Pascual Real fue el \u00faltimo gobernador espa\u00f1ol  en la colonia de Santo Domingo, antes de que Jos\u00e9 N\u00fa\u00f1ez de C\u00e1ceres  proclamara, el 1 de diciembre de 1821, la independencia Ef\u00edmera o la proclamaci\u00f3n del Estado Independiente del Hait\u00ed Espa\u00f1ol.<\/p>\n<\/p>\n<p>   El movimiento independentista de Jos\u00e9 N\u00fa\u00f1ez de C\u00e1ceres, estaba en desarrollo cuando Pascual Real sustituy\u00f3 al Gobernador de la Colonia espa\u00f1ola de Santo Domingo, Sebasti\u00e1n Kindel\u00e1n, quien no le confer\u00eda cr\u00e9dito a las versiones acerca de  la conspiraci\u00f3n.<\/p>\n<\/p>\n<p>   Sin embargo, el nuevo Gobernador Pascual Real, quien lleg\u00f3 a Santo Domingo en mayo de 1821, le dio importancia a las informaciones y de inmediato vio como sospechosos a los principales funcionarios de la colonia, incluido el Auditor de Guerra, Jos\u00e9 N\u00fa\u00f1ez de C\u00e1ceres.<\/p>\n<\/p>\n<p>\tNo obstante, un informe de la \u00e9poca da cuenta de que Pascual Real por falta de tropas, decidi\u00f3 no atacar de frente a los sospechosos  y se dedic\u00f3 a consolidar la posici\u00f3n del  Gobierno  tratando de atraer a su favor las simpat\u00edas de los principales hombres de armas, pero no pudo lograr su objetivo, ya que los comandantes militares se sumaron al movimiento que lideraba Jos\u00e9 N\u00fa\u00f1ez de C\u00e1ceres.<\/p>\n<\/p>\n<p>   Con el decurso de los d\u00edas el Gobierno espa\u00f1ol perd\u00eda fuerza y el movimiento de Jos\u00e9 N\u00fa\u00f1ez de C\u00e1ceres ampliaba su fuerza.<\/p>\n<\/p>\n<h6> 2020-05-14 09:25:55 <\/h6>\n<p><!--\n<link rel=\"stylesheet\" href=\"css\/bootstrap.min.css\">\n\n\n<ul class=\"pagination\">\n\t    \n\t\n\n<li >\n\t<a href='?page_no=608'>Previous<\/a>\n\t<\/li>\n\n\n       \n    \n\n<li><a href='?page_no=1'>1<\/a><\/li>\n\n\n\n<li><a href='?page_no=2'>2<\/a><\/li>\n\n\n\n<li><a>...<\/a><\/li>\n\n\n\n<li><a href='?page_no=607'>607<\/a><\/li>\n\n\n\n<li><a href='?page_no=608'>608<\/a><\/li>\n\n\n\n<li class='active'><a>609<\/a><\/li>\n\n\n\n<li><a href='?page_no=610'>610<\/a><\/li>\n\n\n\n<li><a href='?page_no=611'>611<\/a><\/li>\n\n\n\n<li><a>...<\/a><\/li>\n\n\n\n<li><a href='?page_no=22911'>22911<\/a><\/li>\n\n\n\n<li><a href='?page_no=22912'>22912<\/a><\/li>\n\n    \n\t\n\n<li >\n\t<a href='?page_no=610'>Next<\/a>\n\t<\/li>\n\n\n    \n\n<li><a href='?page_no=22912'>Last &rsaquo;&rsaquo;<\/a><\/li>\n\n<\/ul>\n\n\n--><br \/>\n<\/body><\/p>\n","protected":false},"excerpt":{"rendered":"<p>Diariodominicano.com En Saman\u00e1 el gobernador espa\u00f1ol Pascual Real Pascual Real fue el \u00faltimo gobernador espa\u00f1ol en la colonia de Santo Domingo, antes de que Jos\u00e9 N\u00fa\u00f1ez de C\u00e1ceres proclamara, el 1 de diciembre de 1821, la independencia Ef\u00edmera o la proclamaci\u00f3n del Estado Independiente del Hait\u00ed Espa\u00f1ol. Por HTN Diariodominicano.com SAMANA, el 14 de Mayo [&hellip;]<\/p>\n","protected":false},"author":3,"featured_media":0,"comment_status":"open","ping_status":"open","sticky":false,"template":"","format":"standard","meta":{"footnotes":""},"categories":[21],"tags":[],"class_list":["post-53895","post","type-post","status-publish","format-standard","hentry","category-cultura"],"_links":{"self":[{"href":"https:\/\/diariodominicano.com\/index.php?rest_route=\/wp\/v2\/posts\/53895","targetHints":{"allow":["GET"]}}],"collection":[{"href":"https:\/\/diariodominicano.com\/index.php?rest_route=\/wp\/v2\/posts"}],"about":[{"href":"https:\/\/diariodominicano.com\/index.php?rest_route=\/wp\/v2\/types\/post"}],"author":[{"embeddable":true,"href":"https:\/\/diariodominicano.com\/index.php?rest_route=\/wp\/v2\/users\/3"}],"replies":[{"embeddable":true,"href":"https:\/\/diariodominicano.com\/index.php?rest_route=%2Fwp%2Fv2%2Fcomments&post=53895"}],"version-history":[{"count":0,"href":"https:\/\/diariodominicano.com\/index.php?rest_route=\/wp\/v2\/posts\/53895\/revisions"}],"wp:attachment":[{"href":"https:\/\/diariodominicano.com\/index.php?rest_route=%2Fwp%2Fv2%2Fmedia&parent=53895"}],"wp:term":[{"taxonomy":"category","embeddable":true,"href":"https:\/\/diariodominicano.com\/index.php?rest_route=%2Fwp%2Fv2%2Fcategories&post=53895"},{"taxonomy":"post_tag","embeddable":true,"href":"https:\/\/diariodominicano.com\/index.php?rest_route=%2Fwp%2Fv2%2Ftags&post=53895"}],"curies":[{"name":"wp","href":"https:\/\/api.w.org\/{rel}","templated":true}]}}