{"id":538890,"date":"2024-06-18T22:23:17","date_gmt":"2024-06-19T02:23:17","guid":{"rendered":"https:\/\/diariodominicano.com\/?p=538890"},"modified":"2024-06-18T22:23:22","modified_gmt":"2024-06-19T02:23:22","slug":"capitulo-dominicano-de-la-inter-american-bar-association-federacion-interamericana-de-abogados-iaba-fia-elige-nueva-junta-directiva-para-periodo-2024-2026","status":"publish","type":"post","link":"https:\/\/diariodominicano.com\/?p=538890","title":{"rendered":"Capitulo Dominicano de la Inter-American Bar Association\/Federaci\u00f3n Interamericana de Abogados (IABA\/FIA) elige nueva Junta Directiva para periodo 2024-2026"},"content":{"rendered":"\n<p><strong>SANTO DOMINGO. &#8211;<\/strong>Mediante la celebraci\u00f3n de una Asamblea Extraordinaria los miembros de la FIA eligieron a unanimidad la directiva que estar\u00e1 dirigiendo ese organismo internacional por los pr\u00f3ximos dos a\u00f1os.&nbsp;<\/p>\n\n\n\n<p>Los nuevos miembros directivos son: Dr. Carlos Manuel Padilla Cruz, Presidente; Dr. Salom\u00f3n Rodr\u00edguez Santos, Vicepresidente; Licda. Karol Alexandra Padilla Gil, Secretaria; Dr. Manuel Alejandro Borda Nina, Tesorero y el Dr. David Ricardo Brens De Le\u00f3n, Vocal.<\/p>\n\n\n\n<p>El doctor&nbsp; Carlos Manuel Padilla Cruz, presidente electo, al dirigirse a los presentes&nbsp; agradeci\u00f3 la confianza conferida a la nueva directiva para dirigir los destinos delCapitulo Dominicano de la IABA\/FIAy se comprometi\u00f3 a seguir fortaleciendo la organizaci\u00f3n y brindar a todos los miembros, relacionados y clase jur\u00eddica en general un programa de formaci\u00f3n jur\u00eddica de alta calidad, as\u00ed como promover el Estado de derecho, la administraci\u00f3n de justicia y asegurar de esta manera la preservaci\u00f3n y defensa de los derechos y libertades humanas, plasmadas en los objetivos de la IABA\/FIA.<\/p>\n\n\n\n<p>La Federaci\u00f3n Interamericana de Abogados (IABA\/FIA), es una organizaci\u00f3n internacional de abogados y estudiantes de derecho, que integra a todos los Colegios de Abogados de Am\u00e9rica, Espa\u00f1a y Francia, adem\u00e1s de Universidades, Despachos de Abogados y juristas miembros individuales. Tiene sede en Washington D.C. (USA), fundada en 1940 para el fomento y preservaci\u00f3n del Estado de Derecho, de la Democracia, de la Administraci\u00f3n de Justicia y defensa del ejercicio profesional. Est\u00e1 inscrita en la Organizaci\u00f3n de Estados Americanos (OEA) como Asociaci\u00f3n Civil, y participa activamente en programas conjuntos en materia de mejoramiento profesional y ante la Comisi\u00f3n y Corte Interamericana de los Derechos Humanos.<\/p>\n\n\n\n<p>Eldoctor Carlos Manuel Padilla Cruz,sustituye en la presidente del Cap\u00edtulo Dominicano de la IABA\/FIA al doctor Manuel Ram\u00f3n V\u00e1squez Perrota, quien present\u00f3 su renuncia a la presidencia el pasado a\u00f1o.<\/p>\n\n\n\n<p>Carmen Curiel<\/p>\n\n\n\n<p><a href=\"mailto:carmencuriel6@gmail.com\" target=\"_blank\" rel=\"noreferrer noopener\">carmencuriel6@gmail.com<\/a><\/p>\n","protected":false},"excerpt":{"rendered":"<p>SANTO DOMINGO. &#8211;Mediante la celebraci\u00f3n de una Asamblea Extraordinaria los miembros de la FIA eligieron a unanimidad la directiva que estar\u00e1 dirigiendo ese organismo internacional por los pr\u00f3ximos dos a\u00f1os.&nbsp; Los nuevos miembros directivos son: Dr. Carlos Manuel Padilla Cruz, Presidente; Dr. Salom\u00f3n Rodr\u00edguez Santos, Vicepresidente; Licda. Karol Alexandra Padilla Gil, Secretaria; Dr. Manuel Alejandro [&hellip;]<\/p>\n","protected":false},"author":2,"featured_media":538891,"comment_status":"closed","ping_status":"closed","sticky":false,"template":"","format":"standard","meta":{"footnotes":""},"categories":[36,20,24],"tags":[],"class_list":["post-538890","post","type-post","status-publish","format-standard","has-post-thumbnail","hentry","category-hombresmujeresycosas","category-dominicana-hoy","category-justicia-y-derecho"],"_links":{"self":[{"href":"https:\/\/diariodominicano.com\/index.php?rest_route=\/wp\/v2\/posts\/538890","targetHints":{"allow":["GET"]}}],"collection":[{"href":"https:\/\/diariodominicano.com\/index.php?rest_route=\/wp\/v2\/posts"}],"about":[{"href":"https:\/\/diariodominicano.com\/index.php?rest_route=\/wp\/v2\/types\/post"}],"author":[{"embeddable":true,"href":"https:\/\/diariodominicano.com\/index.php?rest_route=\/wp\/v2\/users\/2"}],"replies":[{"embeddable":true,"href":"https:\/\/diariodominicano.com\/index.php?rest_route=%2Fwp%2Fv2%2Fcomments&post=538890"}],"version-history":[{"count":1,"href":"https:\/\/diariodominicano.com\/index.php?rest_route=\/wp\/v2\/posts\/538890\/revisions"}],"predecessor-version":[{"id":538892,"href":"https:\/\/diariodominicano.com\/index.php?rest_route=\/wp\/v2\/posts\/538890\/revisions\/538892"}],"wp:featuredmedia":[{"embeddable":true,"href":"https:\/\/diariodominicano.com\/index.php?rest_route=\/wp\/v2\/media\/538891"}],"wp:attachment":[{"href":"https:\/\/diariodominicano.com\/index.php?rest_route=%2Fwp%2Fv2%2Fmedia&parent=538890"}],"wp:term":[{"taxonomy":"category","embeddable":true,"href":"https:\/\/diariodominicano.com\/index.php?rest_route=%2Fwp%2Fv2%2Fcategories&post=538890"},{"taxonomy":"post_tag","embeddable":true,"href":"https:\/\/diariodominicano.com\/index.php?rest_route=%2Fwp%2Fv2%2Ftags&post=538890"}],"curies":[{"name":"wp","href":"https:\/\/api.w.org\/{rel}","templated":true}]}}