{"id":538806,"date":"2024-06-18T16:41:50","date_gmt":"2024-06-18T20:41:50","guid":{"rendered":"https:\/\/diariodominicano.com\/?p=538806"},"modified":"2024-06-18T16:43:28","modified_gmt":"2024-06-18T20:43:28","slug":"rawayana-cierra-su-aclamada-gira-en-el-forum-de-valencia-de-la-mano-de-alive","status":"publish","type":"post","link":"https:\/\/diariodominicano.com\/?p=538806","title":{"rendered":"RAWAYANA cierra su aclamada gira en el F\u00f3rum de Valencia de la mano de ALIVE"},"content":{"rendered":"\n<p>Daniella Belouche (CNP 20.378 ) *RAWAYANA cierra su aclamada gira en el F\u00f3rum de Valencia de la mano de ALIVE <\/p>\n\n\n\n<p>Despu\u00e9s de su grandiosa gira en la que recorri\u00f3 el mundo entero, recolectando sold outs en las ciudades m\u00e1s importantes del planeta, la agrupaci\u00f3n m\u00e1s exitosa de Venezuela, RAWAYANA, vuelve a la ciudad de Valencia, su segunda casa, para conquistar nuevamente el Forum de Valencia el pr\u00f3ximo 20 de Diciembre.&nbsp;<\/p>\n\n\n\n<p>Luego de su a\u00f1o m\u00e1s exitoso hasta el momento, con el tour \u00bfQui\u00e9n Trae Las Cornetas?, la agrupaci\u00f3n integrada por Alberto \u201cBeto\u201d Montenegro, Antonio \u201cTony\u201d Casas, Andr\u00e9s \u201cFofo\u201d Story y Alejandro \u201cAbeja\u201d Abeij\u00f3n, decidi\u00f3 cerrar este ciclo en casa con sus fan\u00e1ticos m\u00e1s leales en la ciudad de Valencia.&nbsp;<\/p>\n\n\n\n<p>La productora del evento, ALIVE (Alive Productora C.A), precis\u00f3: \u201cEste ser\u00e1 EL MEJOR evento que habr\u00e1 vivido la ciudad en MUCHO tiempo\u201d.&nbsp;<\/p>\n\n\n\n<p>Tambi\u00e9n nos asegur\u00f3 que el inicio de ventas ha sido *una locura*. Donde se han vendido m\u00e1s de 2,000 entradas en pocas horas luego del anuncio y proyectan un *Sold Out* en tiempo r\u00e9cord.<\/p>\n\n\n\n<p>Las entradas est\u00e1n a la venta en taquillas del Forum y en Ticketplate. Los precios iniciaron desde $20 (la m\u00e1s econ\u00f3mica) hasta $70 (la m\u00e1s costosa).<\/p>\n\n\n\n<p>Toda la informaci\u00f3n necesaria del evento, la estar\u00e1n publicando por medio de sus redes sociales @alive.vzl<\/p>\n\n\n\n<p>Atte&nbsp;<\/p>\n\n\n\n<p>Lic daniella belouche&nbsp;<\/p>\n\n\n\n<p>Jefa de Prensa de Alive C.A<\/p>\n\n\n\n<p><strong>Glomy Mena<\/strong>\u00a0&lt;glomymena8@gmail.com> <\/p>\n","protected":false},"excerpt":{"rendered":"<p>Daniella Belouche (CNP 20.378 ) *RAWAYANA cierra su aclamada gira en el F\u00f3rum de Valencia de la mano de ALIVE Despu\u00e9s de su grandiosa gira en la que recorri\u00f3 el mundo entero, recolectando sold outs en las ciudades m\u00e1s importantes del planeta, la agrupaci\u00f3n m\u00e1s exitosa de Venezuela, RAWAYANA, vuelve a la ciudad de Valencia, [&hellip;]<\/p>\n","protected":false},"author":7,"featured_media":538813,"comment_status":"closed","ping_status":"closed","sticky":false,"template":"","format":"standard","meta":{"footnotes":""},"categories":[25],"tags":[],"class_list":["post-538806","post","type-post","status-publish","format-standard","has-post-thumbnail","hentry","category-gente"],"_links":{"self":[{"href":"https:\/\/diariodominicano.com\/index.php?rest_route=\/wp\/v2\/posts\/538806","targetHints":{"allow":["GET"]}}],"collection":[{"href":"https:\/\/diariodominicano.com\/index.php?rest_route=\/wp\/v2\/posts"}],"about":[{"href":"https:\/\/diariodominicano.com\/index.php?rest_route=\/wp\/v2\/types\/post"}],"author":[{"embeddable":true,"href":"https:\/\/diariodominicano.com\/index.php?rest_route=\/wp\/v2\/users\/7"}],"replies":[{"embeddable":true,"href":"https:\/\/diariodominicano.com\/index.php?rest_route=%2Fwp%2Fv2%2Fcomments&post=538806"}],"version-history":[{"count":2,"href":"https:\/\/diariodominicano.com\/index.php?rest_route=\/wp\/v2\/posts\/538806\/revisions"}],"predecessor-version":[{"id":538815,"href":"https:\/\/diariodominicano.com\/index.php?rest_route=\/wp\/v2\/posts\/538806\/revisions\/538815"}],"wp:featuredmedia":[{"embeddable":true,"href":"https:\/\/diariodominicano.com\/index.php?rest_route=\/wp\/v2\/media\/538813"}],"wp:attachment":[{"href":"https:\/\/diariodominicano.com\/index.php?rest_route=%2Fwp%2Fv2%2Fmedia&parent=538806"}],"wp:term":[{"taxonomy":"category","embeddable":true,"href":"https:\/\/diariodominicano.com\/index.php?rest_route=%2Fwp%2Fv2%2Fcategories&post=538806"},{"taxonomy":"post_tag","embeddable":true,"href":"https:\/\/diariodominicano.com\/index.php?rest_route=%2Fwp%2Fv2%2Ftags&post=538806"}],"curies":[{"name":"wp","href":"https:\/\/api.w.org\/{rel}","templated":true}]}}