{"id":538733,"date":"2024-06-18T11:38:34","date_gmt":"2024-06-18T15:38:34","guid":{"rendered":"https:\/\/diariodominicano.com\/?p=538733"},"modified":"2024-06-18T11:38:40","modified_gmt":"2024-06-18T15:38:40","slug":"condenan-a-30-anos-de-prision-a-tres-hombres-por-asesinato","status":"publish","type":"post","link":"https:\/\/diariodominicano.com\/?p=538733","title":{"rendered":"Condenan a  30 a\u00f1os de prisi\u00f3n a tres  hombres por asesinato\u00a0"},"content":{"rendered":"\n<p><strong>SANTO DOMINGO NORTE, Rep\u00fablica Dominicana. \u2013<\/strong>\u00a0La Fiscal\u00eda de Santo Este y Norte logr\u00f3 que un tribunal de este municipio dictara condenas de 30 a\u00f1os de prisi\u00f3n a tres hombres, que, por viejas rencillas, le quitaron la vida a otro, ante la mirada de su esposa e hija menor de edad de varios disparos, en un hecho ocurrido en el a\u00f1o 2022, en el sector Los Guaricanos, de Villa Mella.<\/p>\n\n\n\n<p>Las condenas de 30 a\u00f1os las dict\u00f3 el Segundo Tribunal Colegiado, que preside la jueza Josefina Ubiera Guerrero, e integran las magistradas Yury Cuevas de la Cruz y Ariella Cedano N\u00fa\u00f1ez, en contra de Luis Miguel Jim\u00e9nez Batista, Jeison Vianet y\/o Jeison Florentino Vianet y Claudio Elizardo Yendy Reyes, por los hechos cometidos en perjuicio del hoy occiso Jes\u00fas Antonio Flores de la Cruz.<\/p>\n\n\n\n<p>Durante el juicio, el Ministerio P\u00fablico, representado por la fiscal litigante Marlene Roa, demostr\u00f3 ante el tribunal con suficientes elementos de prueba la responsabilidad penal de los tres procesados, por haber violentado los art\u00edculos 265, 266, 295,296, 298 y 302 del C\u00f3digo Penal Dominicano, que tipifican y sancionan la asociaci\u00f3n de malhechores y el asesinato, y los art\u00edculos 66 y 67 de la Ley 631-16, para el Control y Regulaci\u00f3n de Armas, Municiones y Materiales Relacionados.<\/p>\n\n\n\n<p>El expediente, instrumentado por el fiscal investigador Wilson D\u00edaz, detalla que todo ocurri\u00f3 motivado por viejas rencillas entre el hoy occiso y el encartado Luis Miguel Jim\u00e9nez Batista.<\/p>\n\n\n\n<p>La investigaci\u00f3n, revela que los hechos ocurrieron el 1 de marzo de 2022, alrededor de las 7:30 p.m. cuando la v\u00edctima se encontraba pr\u00f3ximo a su residencia, en la calle 04 del sector Los Guaricanos, junto a su esposa y su hija menor de edad, y fueron interceptados por los ahora condenados, quienes llegaron a bordo de un veh\u00edculo, con pistola en manos y sin mediar palabras les realizaron varios disparos que le provocaron la muerte, e inmediatamente emprendieron la huida.<\/p>\n\n\n\n<p>Las condenas deber\u00e1n ser cumplidas por los procesados en la Penitenciar\u00eda Nacional de La Victoria.<strong><\/strong><\/p>\n\n\n\n<p><strong>Direcci\u00f3n General de Comunicaci\u00f3n, Prensa, y RRPP<\/strong><strong><\/strong><\/p>\n\n\n\n<p>Ministerio P\u00fablico.&nbsp;R.D.<\/p>\n\n\n\n<p>Martes, 18 de junio de 2024<\/p>\n","protected":false},"excerpt":{"rendered":"<p>SANTO DOMINGO NORTE, Rep\u00fablica Dominicana. \u2013\u00a0La Fiscal\u00eda de Santo Este y Norte logr\u00f3 que un tribunal de este municipio dictara condenas de 30 a\u00f1os de prisi\u00f3n a tres hombres, que, por viejas rencillas, le quitaron la vida a otro, ante la mirada de su esposa e hija menor de edad de varios disparos, en un [&hellip;]<\/p>\n","protected":false},"author":2,"featured_media":329468,"comment_status":"closed","ping_status":"closed","sticky":true,"template":"","format":"standard","meta":{"footnotes":""},"categories":[24,29,27],"tags":[],"class_list":["post-538733","post","type-post","status-publish","format-standard","has-post-thumbnail","hentry","category-justicia-y-derecho","category-policiasucesos","category-portada"],"_links":{"self":[{"href":"https:\/\/diariodominicano.com\/index.php?rest_route=\/wp\/v2\/posts\/538733","targetHints":{"allow":["GET"]}}],"collection":[{"href":"https:\/\/diariodominicano.com\/index.php?rest_route=\/wp\/v2\/posts"}],"about":[{"href":"https:\/\/diariodominicano.com\/index.php?rest_route=\/wp\/v2\/types\/post"}],"author":[{"embeddable":true,"href":"https:\/\/diariodominicano.com\/index.php?rest_route=\/wp\/v2\/users\/2"}],"replies":[{"embeddable":true,"href":"https:\/\/diariodominicano.com\/index.php?rest_route=%2Fwp%2Fv2%2Fcomments&post=538733"}],"version-history":[{"count":1,"href":"https:\/\/diariodominicano.com\/index.php?rest_route=\/wp\/v2\/posts\/538733\/revisions"}],"predecessor-version":[{"id":538734,"href":"https:\/\/diariodominicano.com\/index.php?rest_route=\/wp\/v2\/posts\/538733\/revisions\/538734"}],"wp:featuredmedia":[{"embeddable":true,"href":"https:\/\/diariodominicano.com\/index.php?rest_route=\/wp\/v2\/media\/329468"}],"wp:attachment":[{"href":"https:\/\/diariodominicano.com\/index.php?rest_route=%2Fwp%2Fv2%2Fmedia&parent=538733"}],"wp:term":[{"taxonomy":"category","embeddable":true,"href":"https:\/\/diariodominicano.com\/index.php?rest_route=%2Fwp%2Fv2%2Fcategories&post=538733"},{"taxonomy":"post_tag","embeddable":true,"href":"https:\/\/diariodominicano.com\/index.php?rest_route=%2Fwp%2Fv2%2Ftags&post=538733"}],"curies":[{"name":"wp","href":"https:\/\/api.w.org\/{rel}","templated":true}]}}