{"id":53873,"date":"2020-05-15T00:57:20","date_gmt":"2020-05-15T00:57:20","guid":{"rendered":"http:\/\/diariodominicano.ddns.net\/?p=53873"},"modified":"2020-05-15T00:57:20","modified_gmt":"2020-05-15T00:57:20","slug":"provocan-crisis-para-imponer-a-trujillo-con-violencia","status":"publish","type":"post","link":"https:\/\/diariodominicano.com\/?p=53873","title":{"rendered":"Provocan crisis para imponer a Trujillo con violencia&#13;"},"content":{"rendered":"<p><body><\/p>\n<p><img decoding=\"async\" src=\"img3\/trujillo0015.jpg\" \/>  <\/p>\n<p><strong>Diariodominicano.com<\/strong><\/p>\n<p><strong>Provocan crisis para imponer a Trujillo con violencia<\/strong><\/p>\n<p><strong>SANTO DOMINGO, el 15 de mayo de 1930,<\/strong> la Alianza Nacional Progresista formaliz\u00f3 su retiro del proceso electoral por considerar que en Rep\u00fablica Dominicana, no hab\u00eda garant\u00edas para ejercer el voto libremente. Su candidato a la Presidencia, Federico Vel\u00e1squez y a vicepresidente  el l\u00edder horacista  \u00c1ngel Morales, renunciaron a sus candidaturas.<\/p>\n<\/p>\n<p>En la ocasi\u00f3n miembros del Ej\u00e9rcito Nacional hab\u00edan desatado una campa\u00f1a de represi\u00f3n para intimidar a los adversarios de Trujillo y de esa manera crearle el ambiente para que llegara al poder. Trujillo hab\u00eda sido el Jefe de la instituci\u00f3n militar y renunci\u00f3 a su condici\u00f3n de Jefe del Ej\u00e9rcito Nacional, para ser candidato presidencial.<\/p>\n<\/p>\n<p>El  15 de mayo de 1930, la Alianza Nacional Progresista formaliz\u00f3 su retiro del proceso electoral  por considerar que en  Rep\u00fablica Dominicana,  no hab\u00eda garant\u00edas para ejercer el voto libremente. Su candidato  a la  Presidencia   era  Federico Vel\u00e1squez y a vicepresidente el  l\u00edder horacista \u00c1ngel Morales.<\/p>\n<\/p>\n<p>    Por la  situaci\u00f3n de violencia desatada en las \u00faltimas semanas de la campa\u00f1a electoral de 1930, los miembros de la Junta Central Electoral renunciaron a sus funciones el 7 de Mayo de 1930 y fueron sustituidos por personas que simpatizaban con la candidatura de Trujillo.<\/p>\n<\/p>\n<p>   El 16 de Mayo de 1930 se celebraron las elecciones con la sola participaci\u00f3n del binomio Rafael Le\u00f3nidas Trujillo Molina-Rafael Estrella Ure\u00f1a. <\/p>\n<\/p>\n<p>Fueron declarados ganadores de los comicios con un 45 por ciento de los votantes  inscritos.<\/p>\n<\/p>\n<p>    En Rep\u00fablica Dominicana  se produjeron m\u00faltiples protestas y la Alianza Nacional Progresista calific\u00f3 de fraudulento el proceso, pero la Junta Central Electoral declar\u00f3 ganadores a Trujillo y a Rafael Estrella Ure\u00f1a, en virtud de una resoluci\u00f3n dada a conocer el  24 de Mayo de 1930.<\/p>\n<\/p>\n<p>    Trujillo y  Estrella Ure\u00f1a eran aliados desde que se unieron en una conspiraci\u00f3n que termin\u00f3 con el derrocamiento del Presidente Horacio V\u00e1squez, quien los consideraba como hombres de confianza.<\/p>\n<\/p>\n<p>   El  23 de Febrero de 1930, Rafael Estrella Ure\u00f1a y sus partidarios, secundados por Desiderio Arias  y El\u00edas Brache, antiguos dirigentes del jimenismo, dieron inicio al plan para acabar con el Gobierno de Horacio V\u00e1squez. <\/p>\n<\/p>\n<p>Joaqu\u00edn Balaguer afirma en su libro  Memorias de Un Cortesano de la Era de Trujillo, que fue  el  redactor del Manifiesto que dieron a conocer  los golpistas.<\/p>\n<\/p>\n<p>De esa manera se crear\u00edan las condiciones para que Trujillo llegara al poder  y comenzara su r\u00e9gimen dictatorial de 1930 al 30 de mayo de 1961,  cuando fue eliminado la noche del 30 de mayo de ese a\u00f1o.<\/p>\n<\/p>\n<\/p>\n<h6> 2020-05-15 00:57:20 <\/h6>\n<p><!--\n<link rel=\"stylesheet\" href=\"css\/bootstrap.min.css\">\n\n\n<ul class=\"pagination\">\n\t    \n\t\n\n<li >\n\t<a href='?page_no=606'>Previous<\/a>\n\t<\/li>\n\n\n       \n    \n\n<li><a href='?page_no=1'>1<\/a><\/li>\n\n\n\n<li><a href='?page_no=2'>2<\/a><\/li>\n\n\n\n<li><a>...<\/a><\/li>\n\n\n\n<li><a href='?page_no=605'>605<\/a><\/li>\n\n\n\n<li><a href='?page_no=606'>606<\/a><\/li>\n\n\n\n<li class='active'><a>607<\/a><\/li>\n\n\n\n<li><a href='?page_no=608'>608<\/a><\/li>\n\n\n\n<li><a href='?page_no=609'>609<\/a><\/li>\n\n\n\n<li><a>...<\/a><\/li>\n\n\n\n<li><a href='?page_no=22911'>22911<\/a><\/li>\n\n\n\n<li><a href='?page_no=22912'>22912<\/a><\/li>\n\n    \n\t\n\n<li >\n\t<a href='?page_no=608'>Next<\/a>\n\t<\/li>\n\n\n    \n\n<li><a href='?page_no=22912'>Last &rsaquo;&rsaquo;<\/a><\/li>\n\n<\/ul>\n\n\n--><br \/>\n<\/body><\/p>\n","protected":false},"excerpt":{"rendered":"<p>Diariodominicano.com Provocan crisis para imponer a Trujillo con violencia SANTO DOMINGO, el 15 de mayo de 1930, la Alianza Nacional Progresista formaliz\u00f3 su retiro del proceso electoral por considerar que en Rep\u00fablica Dominicana, no hab\u00eda garant\u00edas para ejercer el voto libremente. Su candidato a la Presidencia, Federico Vel\u00e1squez y a vicepresidente el l\u00edder horacista \u00c1ngel [&hellip;]<\/p>\n","protected":false},"author":3,"featured_media":0,"comment_status":"open","ping_status":"open","sticky":false,"template":"","format":"standard","meta":{"footnotes":""},"categories":[21],"tags":[],"class_list":["post-53873","post","type-post","status-publish","format-standard","hentry","category-cultura"],"_links":{"self":[{"href":"https:\/\/diariodominicano.com\/index.php?rest_route=\/wp\/v2\/posts\/53873","targetHints":{"allow":["GET"]}}],"collection":[{"href":"https:\/\/diariodominicano.com\/index.php?rest_route=\/wp\/v2\/posts"}],"about":[{"href":"https:\/\/diariodominicano.com\/index.php?rest_route=\/wp\/v2\/types\/post"}],"author":[{"embeddable":true,"href":"https:\/\/diariodominicano.com\/index.php?rest_route=\/wp\/v2\/users\/3"}],"replies":[{"embeddable":true,"href":"https:\/\/diariodominicano.com\/index.php?rest_route=%2Fwp%2Fv2%2Fcomments&post=53873"}],"version-history":[{"count":0,"href":"https:\/\/diariodominicano.com\/index.php?rest_route=\/wp\/v2\/posts\/53873\/revisions"}],"wp:attachment":[{"href":"https:\/\/diariodominicano.com\/index.php?rest_route=%2Fwp%2Fv2%2Fmedia&parent=53873"}],"wp:term":[{"taxonomy":"category","embeddable":true,"href":"https:\/\/diariodominicano.com\/index.php?rest_route=%2Fwp%2Fv2%2Fcategories&post=53873"},{"taxonomy":"post_tag","embeddable":true,"href":"https:\/\/diariodominicano.com\/index.php?rest_route=%2Fwp%2Fv2%2Ftags&post=53873"}],"curies":[{"name":"wp","href":"https:\/\/api.w.org\/{rel}","templated":true}]}}