{"id":538685,"date":"2024-06-18T00:33:25","date_gmt":"2024-06-18T04:33:25","guid":{"rendered":"https:\/\/diariodominicano.com\/?p=538685"},"modified":"2024-06-18T00:34:57","modified_gmt":"2024-06-18T04:34:57","slug":"superintendencia-de-bancos-lanza-la-escuela-sb-orientada-a-temas-del-sector-financiero","status":"publish","type":"post","link":"https:\/\/diariodominicano.com\/?p=538685","title":{"rendered":"Superintendencia de Bancos lanza la Escuela SB, orientada a temas del sector financiero\u00a0"},"content":{"rendered":"\n<ul class=\"wp-block-list\">\n<li>\u00a0<\/li>\n\n\n\n<li><em><u>Las capacitaciones est\u00e1n dirigidas a profesionales que trabajan en el sector, personal de la instituci\u00f3n y el p\u00fablico en general.\u00a0<\/u><\/em>\u00a0<\/li>\n\n\n\n<li>\u00a0<\/li>\n\n\n\n<li>SANTO DOMINGO, RD.- La Superintendencia de Bancos (SB) present\u00f3 este lunes la <strong>Escuela SB<\/strong>, un espacio acad\u00e9mico con una oferta especializada en temas asociados al sector financiero.\u00a0\u00a0<\/li>\n\n\n\n<li>\u00a0\u00a0<\/li>\n\n\n\n<li>La iniciativa est\u00e1 concebida para proveer oportunidades de formaci\u00f3n de manera gratuita, que podr\u00e1n ser aprovechadas por profesionales de las entidades supervisadas, usuarios y usuarias, miembros de la instituci\u00f3n y cualquier persona interesada en los temas abordados.\u00a0\u00a0<\/li>\n\n\n\n<li><\/li>\n\n\n\n<li>\u00a0<\/li>\n\n\n\n<li>Las clases ser\u00e1n ofrecidas en las modalidades presencial, virtual e h\u00edbrida. Los programas abordan temas como educaci\u00f3n financiera, supervisi\u00f3n de entidades financieras, regulaci\u00f3n e innovaci\u00f3n, gesti\u00f3n y desarrollo profesional, entre otras.\u00a0\u00a0<\/li>\n\n\n\n<li>\u00a0<\/li>\n\n\n\n<li>En el sitio <a href=\"https:\/\/escuela.sb.gob.do\/\" target=\"_blank\" rel=\"noreferrer noopener\">escuela.sb.gob.do<\/a> los interesados pueden explorar la oferta formativa e inscribirse.\u00a0<\/li>\n\n\n\n<li>\u00a0<\/li>\n\n\n\n<li>\u201cIniciamos este proyecto con mucho entusiasmo, por la oportunidad que representa de ampliar nuestros aportes al sistema financiero, en este caso a trav\u00e9s de la formaci\u00f3n y la actualizaci\u00f3n de su capital humano\u201d, expres\u00f3 el superintendente de Bancos, Alejandro Fern\u00e1ndez W., durante el acto de inauguraci\u00f3n de la Escuela SB.\u00a0<\/li>\n\n\n\n<li>\u00a0<\/li>\n\n\n\n<li>De esta manera, el ente supervisor realiza un valioso aporte a la sociedad, apoyando la especializaci\u00f3n y actualizaci\u00f3n de profesionales del ecosistema financiero.\u00a0\u00a0<\/li>\n\n\n\n<li>\u00a0<\/li>\n\n\n\n<li>El lanzamiento de la Escuela SB se realiz\u00f3 en el escenario del curso <em>Supervisi\u00f3n consolidada e integraci\u00f3n de riesgos<\/em>, de la Asociaci\u00f3n de Supervisores Bancarios de las Am\u00e9ricas (ASBA) y la Junta de Gobernadores de la Reserva Federal de los Estados Unidos, en el hotel Intercontinental de Santo Domingo.\u00a0\u00a0<\/li>\n\n\n\n<li>\u00a0<\/li>\n\n\n\n<li>La actividad cont\u00f3 con la participaci\u00f3n de representantes de 10 pa\u00edses y otras instituciones del sector, como el Banco Central y las superintendencias de Pensiones, Valores y Seguros. Estuvieron presentes Nancy Vallejo, representante de la ASBA, Nestor Lim y Terry Muckleros, de parte de la Reserva Federal.\u00a0\u00a0<\/li>\n\n\n\n<li>\u00a0<\/li>\n\n\n\n<li>Con la nueva plataforma acad\u00e9mica, la SB organiza bajo una misma sombrilla todos los esfuerzos educativos que impulsa desde distintas \u00e1reas, promoviendo el cumplimiento normativo y el buen desempe\u00f1o en el sistema financiero.\n<ul class=\"wp-block-list\">\n<li>\u00a0<\/li>\n<\/ul>\n<\/li>\n<\/ul>\n\n\n\n<p>***<\/p>\n\n\n\n<p>DEPARTAMENTO DE COMUNICACIONES<\/p>\n\n\n\n<p><strong>SUPERINTENDENCIA DE BANCOS<\/strong><strong><\/strong><\/p>\n","protected":false},"excerpt":{"rendered":"<p>*** DEPARTAMENTO DE COMUNICACIONES SUPERINTENDENCIA DE BANCOS<\/p>\n","protected":false},"author":28,"featured_media":0,"comment_status":"closed","ping_status":"closed","sticky":false,"template":"","format":"standard","meta":{"footnotes":""},"categories":[18,25],"tags":[],"class_list":["post-538685","post","type-post","status-publish","format-standard","hentry","category-economia","category-gente"],"_links":{"self":[{"href":"https:\/\/diariodominicano.com\/index.php?rest_route=\/wp\/v2\/posts\/538685","targetHints":{"allow":["GET"]}}],"collection":[{"href":"https:\/\/diariodominicano.com\/index.php?rest_route=\/wp\/v2\/posts"}],"about":[{"href":"https:\/\/diariodominicano.com\/index.php?rest_route=\/wp\/v2\/types\/post"}],"author":[{"embeddable":true,"href":"https:\/\/diariodominicano.com\/index.php?rest_route=\/wp\/v2\/users\/28"}],"replies":[{"embeddable":true,"href":"https:\/\/diariodominicano.com\/index.php?rest_route=%2Fwp%2Fv2%2Fcomments&post=538685"}],"version-history":[{"count":2,"href":"https:\/\/diariodominicano.com\/index.php?rest_route=\/wp\/v2\/posts\/538685\/revisions"}],"predecessor-version":[{"id":538688,"href":"https:\/\/diariodominicano.com\/index.php?rest_route=\/wp\/v2\/posts\/538685\/revisions\/538688"}],"wp:attachment":[{"href":"https:\/\/diariodominicano.com\/index.php?rest_route=%2Fwp%2Fv2%2Fmedia&parent=538685"}],"wp:term":[{"taxonomy":"category","embeddable":true,"href":"https:\/\/diariodominicano.com\/index.php?rest_route=%2Fwp%2Fv2%2Fcategories&post=538685"},{"taxonomy":"post_tag","embeddable":true,"href":"https:\/\/diariodominicano.com\/index.php?rest_route=%2Fwp%2Fv2%2Ftags&post=538685"}],"curies":[{"name":"wp","href":"https:\/\/api.w.org\/{rel}","templated":true}]}}