{"id":538638,"date":"2024-06-17T23:07:54","date_gmt":"2024-06-18T03:07:54","guid":{"rendered":"https:\/\/diariodominicano.com\/?p=538638"},"modified":"2024-06-17T23:07:57","modified_gmt":"2024-06-18T03:07:57","slug":"iglesia-de-dios-de-la-profecia-anuncia-esta-lista-para-su-concentracion-evangelica-moviendonos-de-lo-importante-a-lo-relevante","status":"publish","type":"post","link":"https:\/\/diariodominicano.com\/?p=538638","title":{"rendered":"Iglesia De Dios De La Profec\u00eda anuncia est\u00e1 lista para su concentraci\u00f3n evang\u00e9lica \u00abMovi\u00e9ndonos de lo importante a lo Relevante\u00bb"},"content":{"rendered":"\n<p>Obispo Flavio Rosario<\/p>\n\n\n\n<p>Anunci\u00f3 que la  convenci\u00f3n Nacional realizar\u00e1 una caravana hasta la Plaza de la Bandera con el objetivo de inspirar un mensaje de la palabra de Dios por el camino desequilibrio proyectando la fe.<\/p>\n\n\n\n<p>Santo Domingo. Todo listo para la gran concentraci\u00f3n multitudinaria que se desarrollar\u00e1 en el Kil\u00f3metro 4 de la Autopista del Nordeste, los d\u00edas mi\u00e9rcoles 19 al Domingo 23 de junio, un evento crucial para abordar los desaf\u00edos y realidades que enfrenta la iglesia en la actualidad.<\/p>\n\n\n\n<p>El Obispo Flavio Rosario, destac\u00f3 la importancia que las iglesias deben de asumir con el liderazgo de resaltar los valores cristianos en los hogares y llevar un mensaje de paz y reflexi\u00f3n ante un desequilibrio que vive la sociedad dominicana.<\/p>\n\n\n\n<p>\u00a0El  evento contar\u00e1 con destacados pastores del extranjero e invitados especiales procedentes de Estados Unidos, as\u00ed como con la participaci\u00f3n de reconocidos artistas y predicadores, que se dar\u00e1n cita en esta conmemoraci\u00f3n que arribar\u00e1 a su 77\u00aa convenci\u00f3n, la actividad ser\u00e1 abierta al p\u00fablico en general con varias actividades.<\/p>\n\n\n\n<p>El ministro Rosario afirm\u00f3, que este encuentro promete ser una verdad era celebraci\u00f3n, al igual que en ocasiones anteriores con personalidades del pa\u00eds y de otras naciones amigas.<\/p>\n\n\n\n<p>La actividad culminar\u00e1 con una caravana de 20 patanas, cientos de carros, motores, camionetas, jeepetas; que partir\u00e1 desde el Kil\u00f3metro 4 de la Autopista del &nbsp;Nordeste hasta la Plaza de la Bandera con actos de cantos, predicaciones.<\/p>\n\n\n\n<p>En la actividad se entregar\u00e1 un documento publico sobre la posici\u00f3n de la iglesia de Dios de la profec\u00eda, ante varios problemas que afectan a la naci\u00f3n Dominicana.<\/p>\n\n\n\n<p>Prensa<\/p>\n\n\n\n<p><a target=\"_blank\" href=\"mailto:prensahispana07@204322922.mailchimpapp.com\" rel=\"noreferrer noopener\">prensahispana07@204322922.mailchimpapp.com<\/a><\/p>\n","protected":false},"excerpt":{"rendered":"<p>Obispo Flavio Rosario Anunci\u00f3 que la convenci\u00f3n Nacional realizar\u00e1 una caravana hasta la Plaza de la Bandera con el objetivo de inspirar un mensaje de la palabra de Dios por el camino desequilibrio proyectando la fe. Santo Domingo. Todo listo para la gran concentraci\u00f3n multitudinaria que se desarrollar\u00e1 en el Kil\u00f3metro 4 de la Autopista [&hellip;]<\/p>\n","protected":false},"author":28,"featured_media":538639,"comment_status":"closed","ping_status":"closed","sticky":false,"template":"","format":"standard","meta":{"footnotes":""},"categories":[36,25],"tags":[],"class_list":["post-538638","post","type-post","status-publish","format-standard","has-post-thumbnail","hentry","category-hombresmujeresycosas","category-gente"],"_links":{"self":[{"href":"https:\/\/diariodominicano.com\/index.php?rest_route=\/wp\/v2\/posts\/538638","targetHints":{"allow":["GET"]}}],"collection":[{"href":"https:\/\/diariodominicano.com\/index.php?rest_route=\/wp\/v2\/posts"}],"about":[{"href":"https:\/\/diariodominicano.com\/index.php?rest_route=\/wp\/v2\/types\/post"}],"author":[{"embeddable":true,"href":"https:\/\/diariodominicano.com\/index.php?rest_route=\/wp\/v2\/users\/28"}],"replies":[{"embeddable":true,"href":"https:\/\/diariodominicano.com\/index.php?rest_route=%2Fwp%2Fv2%2Fcomments&post=538638"}],"version-history":[{"count":1,"href":"https:\/\/diariodominicano.com\/index.php?rest_route=\/wp\/v2\/posts\/538638\/revisions"}],"predecessor-version":[{"id":538640,"href":"https:\/\/diariodominicano.com\/index.php?rest_route=\/wp\/v2\/posts\/538638\/revisions\/538640"}],"wp:featuredmedia":[{"embeddable":true,"href":"https:\/\/diariodominicano.com\/index.php?rest_route=\/wp\/v2\/media\/538639"}],"wp:attachment":[{"href":"https:\/\/diariodominicano.com\/index.php?rest_route=%2Fwp%2Fv2%2Fmedia&parent=538638"}],"wp:term":[{"taxonomy":"category","embeddable":true,"href":"https:\/\/diariodominicano.com\/index.php?rest_route=%2Fwp%2Fv2%2Fcategories&post=538638"},{"taxonomy":"post_tag","embeddable":true,"href":"https:\/\/diariodominicano.com\/index.php?rest_route=%2Fwp%2Fv2%2Ftags&post=538638"}],"curies":[{"name":"wp","href":"https:\/\/api.w.org\/{rel}","templated":true}]}}