{"id":53862,"date":"2020-05-15T09:33:42","date_gmt":"2020-05-15T09:33:42","guid":{"rendered":"http:\/\/diariodominicano.ddns.net\/?p=53862"},"modified":"2020-05-15T09:33:42","modified_gmt":"2020-05-15T09:33:42","slug":"ministerio-de-educacion-y-defensa-civil-realizan-jornada-de-desinfeccion-en-escuelas-de-azua","status":"publish","type":"post","link":"https:\/\/diariodominicano.com\/?p=53862","title":{"rendered":"Ministerio de Educaci\u00f3n y Defensa Civil realizan jornada de desinfecci\u00f3n en escuelas de Azua"},"content":{"rendered":"<p><body><\/p>\n<p><img decoding=\"async\" src=\"img3\/escuelaLimpia15-5-2020.jpg\" \/>  <\/p>\n<p><span class=\"text1noticias\">diariodominicano.com<\/span><\/p>\n<p><span class=\"text1noticias\"> <\/span><\/p>\n<p><span class=\"text1noticias\"> Azua, R. D., 15 de  mayo, 2020.-  Con el objetivo de seguir implementando acciones que previenen el contagio de la pandemia COVID-19, el Ministerio de Educaci\u00f3n (MINERD), a trav\u00e9s del Distrito Educativo 03-01, y brigadas de la Defensa Civil desarrollan una jornada de desinfecci\u00f3n y fumigaci\u00f3n en centros educativos de esta ciudad.<\/span><\/p>\n<p><span class=\"text1noticias\"> <\/span><\/p>\n<p><span class=\"text1noticias\">Las labores fueron coordinadas por el t\u00e9cnico distrital de la cartera educativa, S\u00f3crates Urraca, quien adem\u00e1s es director de la Defensa Civil de esta demarcaci\u00f3n. Entre los centros educativos intervenidos est\u00e1n las escuelas \u00c1ngel Ferm\u00edn Noboa Ru\u00edz, \u00c1ngel Rivera y el Liceo Rom\u00e1n B. de Castro.<\/span><\/p>\n<p><span class=\"text1noticias\"> <\/span><\/p>\n<p><span class=\"text1noticias\">El Ministerio de Educaci\u00f3n durante todo el receso escolar provocado por la actual crisis sanitaria, ha implementado varias jornadas preventivas para proteger a los padres, madres, tutores, docentes y personal administrativo que participan en las entregadas de alimentos crudos por parte del Instituto Nacional de Bienestar Estudiantil (INABIE).<\/span><\/p>\n<p><span class=\"text1noticias\"> <\/span><\/p>\n<p><span class=\"text1noticias\">Asimismo, el MINERD ha donado miles de unidades de brochures y afiches informativos acerca de la enfermedad y c\u00f3mo prevenir su contagio a escuelas y organizaciones a nivel nacional.<\/span><\/p>\n<p><span class=\"text1noticias\"> <\/span><\/p>\n<p><span class=\"text1noticias\">Ambas instituciones llevan meses colaborando en pro de la comunidad educativa, especialmente al concluir la entrega de los alimentos a las familias con jornadas intensas de fumigaci\u00f3n en cada rinc\u00f3n de los centros.<\/span><\/p>\n<p><span class=\"text1noticias\"> <\/span><\/p>\n<p><span class=\"text1noticias\">Estas jornadas se realizan atendiendo los protocolos de higienizaci\u00f3n y prevenci\u00f3n de la pandemia del coronavirus implementadas por los organismos de salud internacional y por el Ministerio de Salud P\u00fablica, en un esfuerzo mancomunado entre el Ministro de Educaci\u00f3n, Antonio Pe\u00f1a Mirabal y el director de la Defensa Civil, general Rafael Antonio Carrasco Paulino.<\/span><\/p>\n<p><span class=\"text1noticias\"> <\/span><\/p>\n<p><span class=\"text1noticias\">En abril pasado se desarroll\u00f3 una jornada similar en El\u00edas Pi\u00f1a, principalmente en Comendador y El Llano donde cientos de hombres y mujeres de la Defensa Civil se unieron al equipo de limpieza del MINERD y ambos completaron la desinfecci\u00f3n sin contratiempos.<\/span><\/p>\n<p><span class=\"text1noticias\"> <\/span><\/p>\n<p><span class=\"text1noticias\">Fuente: Direcci\u00f3n de Comunicaci\u00f3n y Relaciones P\u00fablicas<\/span><\/p>\n<p><span class=\"text1noticias\">Licda. Magdalena Nu\u00f1ez<\/span><\/p>\n<p><span class=\"text1noticias\">Enc. Relacio<\/span>nes Publicas <\/p>\n<p>Ministerio Educaci\u00f3n Rep\u00fablica Dominicana<\/p>\n<p><span class=\"text1noticias\">15 de mayo 2020<\/span><\/p>\n<p><span class=\"text1noticias\"> <\/span><\/p>\n<h6> 2020-05-15 09:33:42 <\/h6>\n<p><!--\n<link rel=\"stylesheet\" href=\"css\/bootstrap.min.css\">\n\n\n<ul class=\"pagination\">\n\t    \n\t\n\n<li >\n\t<a href='?page_no=605'>Previous<\/a>\n\t<\/li>\n\n\n       \n    \n\n<li><a href='?page_no=1'>1<\/a><\/li>\n\n\n\n<li><a href='?page_no=2'>2<\/a><\/li>\n\n\n\n<li><a>...<\/a><\/li>\n\n\n\n<li><a href='?page_no=604'>604<\/a><\/li>\n\n\n\n<li><a href='?page_no=605'>605<\/a><\/li>\n\n\n\n<li class='active'><a>606<\/a><\/li>\n\n\n\n<li><a href='?page_no=607'>607<\/a><\/li>\n\n\n\n<li><a href='?page_no=608'>608<\/a><\/li>\n\n\n\n<li><a>...<\/a><\/li>\n\n\n\n<li><a href='?page_no=22911'>22911<\/a><\/li>\n\n\n\n<li><a href='?page_no=22912'>22912<\/a><\/li>\n\n    \n\t\n\n<li >\n\t<a href='?page_no=607'>Next<\/a>\n\t<\/li>\n\n\n    \n\n<li><a href='?page_no=22912'>Last &rsaquo;&rsaquo;<\/a><\/li>\n\n<\/ul>\n\n\n--><br \/>\n<\/body><\/p>\n","protected":false},"excerpt":{"rendered":"<p>diariodominicano.com Azua, R. D., 15 de mayo, 2020.- Con el objetivo de seguir implementando acciones que previenen el contagio de la pandemia COVID-19, el Ministerio de Educaci\u00f3n (MINERD), a trav\u00e9s del Distrito Educativo 03-01, y brigadas de la Defensa Civil desarrollan una jornada de desinfecci\u00f3n y fumigaci\u00f3n en centros educativos de esta ciudad. Las labores [&hellip;]<\/p>\n","protected":false},"author":3,"featured_media":0,"comment_status":"open","ping_status":"open","sticky":false,"template":"","format":"standard","meta":{"footnotes":""},"categories":[21],"tags":[],"class_list":["post-53862","post","type-post","status-publish","format-standard","hentry","category-cultura"],"_links":{"self":[{"href":"https:\/\/diariodominicano.com\/index.php?rest_route=\/wp\/v2\/posts\/53862","targetHints":{"allow":["GET"]}}],"collection":[{"href":"https:\/\/diariodominicano.com\/index.php?rest_route=\/wp\/v2\/posts"}],"about":[{"href":"https:\/\/diariodominicano.com\/index.php?rest_route=\/wp\/v2\/types\/post"}],"author":[{"embeddable":true,"href":"https:\/\/diariodominicano.com\/index.php?rest_route=\/wp\/v2\/users\/3"}],"replies":[{"embeddable":true,"href":"https:\/\/diariodominicano.com\/index.php?rest_route=%2Fwp%2Fv2%2Fcomments&post=53862"}],"version-history":[{"count":0,"href":"https:\/\/diariodominicano.com\/index.php?rest_route=\/wp\/v2\/posts\/53862\/revisions"}],"wp:attachment":[{"href":"https:\/\/diariodominicano.com\/index.php?rest_route=%2Fwp%2Fv2%2Fmedia&parent=53862"}],"wp:term":[{"taxonomy":"category","embeddable":true,"href":"https:\/\/diariodominicano.com\/index.php?rest_route=%2Fwp%2Fv2%2Fcategories&post=53862"},{"taxonomy":"post_tag","embeddable":true,"href":"https:\/\/diariodominicano.com\/index.php?rest_route=%2Fwp%2Fv2%2Ftags&post=53862"}],"curies":[{"name":"wp","href":"https:\/\/api.w.org\/{rel}","templated":true}]}}