{"id":538529,"date":"2024-06-17T17:35:32","date_gmt":"2024-06-17T21:35:32","guid":{"rendered":"https:\/\/diariodominicano.com\/?p=538529"},"modified":"2024-06-17T17:35:39","modified_gmt":"2024-06-17T21:35:39","slug":"fiscalia-de-jarabacoa-deposita-solicitud-de-medida-de-coercion-contra-exmiembro-de-la-pn-por-trafico-de-armas","status":"publish","type":"post","link":"https:\/\/diariodominicano.com\/?p=538529","title":{"rendered":"Fiscal\u00eda de Jarabacoa deposita solicitud de medida de coerci\u00f3n contra exmiembro de la PN por tr\u00e1fico de armas"},"content":{"rendered":"\n<p><em><u>El imputado fue detenido en una acci\u00f3n conjunta del Ministerio P\u00fablico y la Dicrim<\/u><\/em><\/p>\n\n\n\n<p><strong>SANTO DOMINGO, Rep\u00fablica Dominicana.-<\/strong>\u00a0El Ministerio P\u00fablico deposit\u00f3 ante la Oficina de Atenci\u00f3n Permanente del distrito judicial de Jarabacoa, la solicitud de medida de coerci\u00f3n, en contra de un exmiembro de la Polic\u00eda Nacional, al cual le imputa el tr\u00e1fico y comercializaci\u00f3n ilegal de armas, municiones, blindajes y dem\u00e1s objetos relacionados provenientes de los Estados Unidos.<\/p>\n\n\n\n<p>El \u00f3rgano persecutor, representada por la fiscal titular de Jarabacoa, Viviana Mena Paulino, en su dep\u00f3sito, ha solicitado que, al imputado, Francisco Antonio Capell\u00e1n, le sea impuesta la prisi\u00f3n preventiva como medida de coerci\u00f3n.<\/p>\n\n\n\n<p>Capell\u00e1n fue arrestado en su residencia, ubicada en la localidad de Pedregal, sector Los Callejones, en el municipio de Jarabacoa, el pasado 14 del presente mes de junio, cuando el Ministerio P\u00fablico, representado por el fiscal Scarling Polanco, en compa\u00f1\u00eda de los miembros de la Direcci\u00f3n Central de Investigaciones Criminales (Dicrim), procedi\u00f3 a ejecut\u00f3 la orden de allanamiento y arresto No. 1872-2024-SAUT-00060, emitida por la Oficina Judicial de Servicios de Atenci\u00f3n Permanente de esta jurisdicci\u00f3n.<\/p>\n\n\n\n<p>En el lugar, en la habitaci\u00f3n principal, donde duerme el imputado, espec\u00edficamente en la parte superior del closet, fue encontrado un bulto tipo mochila, color marr\u00f3n en dos tonos, un el cual conten\u00eda en su interior una bolsa pl\u00e1stica,<\/p>\n\n\n\n<p>transparente, la cual a su vez conten\u00eda en su interior la suma de Ochocientos veinticinco mil pesos dominicanos (RD$825,000.00), distribuidos en billetes de diferentes denominaciones y la suma de mil trecientos d\u00f3lares americanos (US$1,300.00) en billetes de cien (100), dinero que se presume es proveniente de la actividad il\u00edcita investigada.<\/p>\n\n\n\n<p>De igual manera, debajo del referido bulto, se encontraba una maleta grande, sin marca legible, color morado, al ser abierta fueron ocupados cinco (5) cargadores de arma de fuego, de las de tipo pistola, color negro, calibres 9 mm, de los cuales (4) identificados con etiquetas hecha en cinta adhesiva, color azul, de los cuales dos con letras escritas que dicen G3C y otros dos con letras que dicen SAR 9C y SAR 9T; (c\u00f3digos utilizados por la organizaci\u00f3n il\u00edcita para identificar a sus clientes).<\/p>\n\n\n\n<p>Igualmente, en la referida habitaci\u00f3n, en la primera gaveta del lado izquierdo de un gavetero color blanco, fue ocupado un sexto cargador para pistola, color negro, calibre 9 mm, con cuatro capsulas para la misma.<\/p>\n\n\n\n<p>Mientras que, en el \u00e1rea de la marquesina de la referida vivienda, siempre con la presencia ininterrumpida del imputado y del fiscal actuante, mediante acta de registro de veh\u00edculo fue inspeccionado, el carro propiedad del imputado, el autom\u00f3vil, marca Hyundai, modelo Sonata N20, color rojo, Placa A661233, el cual conten\u00eda en su interior, espec\u00edficamente en el asiento trasero, un chaleco antibalas, color grisoso con crema, de tipo militar.<\/p>\n\n\n\n<p>El imputado Francisco Antonio Capell\u00e1n, junto a otras personas, civiles y policiales (Pendientes de identificar), traficaba con armas, municiones, blindajes y dem\u00e1s objetos relacionados sin ning\u00fan tipo de autorizaci\u00f3n legal ni estatal, provenientes de los Estados Unidos.<\/p>\n\n\n\n<p>El Ministerio P\u00fablico, le ha otorgado la calificaci\u00f3n jur\u00eddica provisional de violaci\u00f3n a los art\u00edculos 2, numerales 42 y 46, 7, numeral 2 y 9, 13, 14, 28, 32, 33, 61, 62, 66 y 68 de la Ley 631-16 para El Control y Regulaci\u00f3n de Armas, Municiones y materiales relacionados, as\u00ed como los art\u00edculos 2 numerales 11 y 12, 3 numeral 1, 2, 3, 5, numeral 5, 7, 9 numerales 1 y 2, 10, numeral 5 23, 24 y 25 de la Ley 155- 17 sobre Lavado de Activos, Bienes Il\u00edcitos y Financiamiento del Terrorismo, los cuales arm\u00f3nicamente tipifican y sancionan los tipos penales de Tr\u00e1fico Ilegal de Armas, Municiones y relacionados, y Lavado de Activo, en perjuicio del Estado Dominicano.<strong><\/strong><\/p>\n\n\n\n<p><strong>Direcci\u00f3n General de Comunicaci\u00f3n, Prensa, y RRPP<\/strong><strong><\/strong><\/p>\n\n\n\n<p>Ministerio P\u00fablico.&nbsp;R.D.<\/p>\n\n\n\n<p>Lunes, 17 de junio de 2024<\/p>\n","protected":false},"excerpt":{"rendered":"<p>El imputado fue detenido en una acci\u00f3n conjunta del Ministerio P\u00fablico y la Dicrim SANTO DOMINGO, Rep\u00fablica Dominicana.-\u00a0El Ministerio P\u00fablico deposit\u00f3 ante la Oficina de Atenci\u00f3n Permanente del distrito judicial de Jarabacoa, la solicitud de medida de coerci\u00f3n, en contra de un exmiembro de la Polic\u00eda Nacional, al cual le imputa el tr\u00e1fico y comercializaci\u00f3n [&hellip;]<\/p>\n","protected":false},"author":28,"featured_media":0,"comment_status":"closed","ping_status":"closed","sticky":true,"template":"","format":"standard","meta":{"footnotes":""},"categories":[24,27],"tags":[],"class_list":["post-538529","post","type-post","status-publish","format-standard","hentry","category-justicia-y-derecho","category-portada"],"_links":{"self":[{"href":"https:\/\/diariodominicano.com\/index.php?rest_route=\/wp\/v2\/posts\/538529","targetHints":{"allow":["GET"]}}],"collection":[{"href":"https:\/\/diariodominicano.com\/index.php?rest_route=\/wp\/v2\/posts"}],"about":[{"href":"https:\/\/diariodominicano.com\/index.php?rest_route=\/wp\/v2\/types\/post"}],"author":[{"embeddable":true,"href":"https:\/\/diariodominicano.com\/index.php?rest_route=\/wp\/v2\/users\/28"}],"replies":[{"embeddable":true,"href":"https:\/\/diariodominicano.com\/index.php?rest_route=%2Fwp%2Fv2%2Fcomments&post=538529"}],"version-history":[{"count":1,"href":"https:\/\/diariodominicano.com\/index.php?rest_route=\/wp\/v2\/posts\/538529\/revisions"}],"predecessor-version":[{"id":538530,"href":"https:\/\/diariodominicano.com\/index.php?rest_route=\/wp\/v2\/posts\/538529\/revisions\/538530"}],"wp:attachment":[{"href":"https:\/\/diariodominicano.com\/index.php?rest_route=%2Fwp%2Fv2%2Fmedia&parent=538529"}],"wp:term":[{"taxonomy":"category","embeddable":true,"href":"https:\/\/diariodominicano.com\/index.php?rest_route=%2Fwp%2Fv2%2Fcategories&post=538529"},{"taxonomy":"post_tag","embeddable":true,"href":"https:\/\/diariodominicano.com\/index.php?rest_route=%2Fwp%2Fv2%2Ftags&post=538529"}],"curies":[{"name":"wp","href":"https:\/\/api.w.org\/{rel}","templated":true}]}}