{"id":538414,"date":"2024-06-17T00:32:51","date_gmt":"2024-06-17T04:32:51","guid":{"rendered":"https:\/\/diariodominicano.com\/?p=538414"},"modified":"2024-06-17T00:32:57","modified_gmt":"2024-06-17T04:32:57","slug":"congreso-eua-asamblea-estatal-ny-y-consulado-dominicano-reconocen-a-cuquin-victoria","status":"publish","type":"post","link":"https:\/\/diariodominicano.com\/?p=538414","title":{"rendered":"Congreso EUA, Asamblea Estatal NY y consulado dominicano reconocen a Cuqu\u00edn Victoria"},"content":{"rendered":"\n<p><strong>Por Ram\u00f3n Mercedes<\/strong><\/p>\n\n\n\n<p><strong>NUEVA YORK.-<\/strong>&nbsp;La C\u00e1mara de Representantes de los Estados Unidos, la Asamblea Estatal de NY, el Consulado Dominicano y la Dirfecci\u00f3n de Cultura en esta ciudad reconocieron el pasado fin de semana en el Alto Manhattan al afamado humorista quisqueyano Cuqu\u00edn Victoria.<\/p>\n\n\n\n<p>Dichos reconocimientos fueron entregados por el congresista (D-13) Adriano Espaillat; el asamble\u00edsta estatal (D-78) por El Bronx, George \u00c1lvarez, ausencia por cumplimento en deberes atinentes a sus funciones, pero representado por su asistente Ignacio Aracena.<\/p>\n\n\n\n<p>Adem\u00e1s, por el c\u00f3nsul Eligio J\u00e1quez, y el director de la Direcci\u00f3n de Cultura Dominicana en el Exterior en NY, Ray And\u00fajar.<\/p>\n\n\n\n<p>El evento se llev\u00f3 a cabo en el local de Cultura, ubicado en el Alto Manhattan, ante la presencia de m\u00e1s de 200 personas.<\/p>\n\n\n\n<p>Todos coincidieron en destacar las cualidades humor\u00edsticas de Victoria a trav\u00e9s de d\u00e9cadas, tanto en la Rep\u00fablica Dominicana como en playas extranjeras.<\/p>\n\n\n\n<p>Victoria, conocido como \u201cCuqu\u00edn\u201d, es un comediante graduado de ingeniero que, junto a Freddy Beras-Goico, Felipe Polanco \u00abBoruga\u00bb, Milton Pel\u00e1ez, Luisito Mart\u00ed, Julio C\u00e9sar Mat\u00edas \u00abPololo\u00bb, entre otros, pertenece a lo que se considera la primera generaci\u00f3n de comediantes de la Rep\u00fablica Dominicana.<\/p>\n\n\n\n<p>El humorista es ampliamente conocido por muchos como uno de los mejores de la RD; con una larga carrera en la televisi\u00f3n, cine y el teatro.<\/p>\n","protected":false},"excerpt":{"rendered":"<p>Por Ram\u00f3n Mercedes NUEVA YORK.-&nbsp;La C\u00e1mara de Representantes de los Estados Unidos, la Asamblea Estatal de NY, el Consulado Dominicano y la Dirfecci\u00f3n de Cultura en esta ciudad reconocieron el pasado fin de semana en el Alto Manhattan al afamado humorista quisqueyano Cuqu\u00edn Victoria. Dichos reconocimientos fueron entregados por el congresista (D-13) Adriano Espaillat; el [&hellip;]<\/p>\n","protected":false},"author":2,"featured_media":538415,"comment_status":"closed","ping_status":"closed","sticky":true,"template":"","format":"standard","meta":{"footnotes":""},"categories":[36,25,23],"tags":[],"class_list":["post-538414","post","type-post","status-publish","format-standard","has-post-thumbnail","hentry","category-hombresmujeresycosas","category-gente","category-internacional"],"_links":{"self":[{"href":"https:\/\/diariodominicano.com\/index.php?rest_route=\/wp\/v2\/posts\/538414","targetHints":{"allow":["GET"]}}],"collection":[{"href":"https:\/\/diariodominicano.com\/index.php?rest_route=\/wp\/v2\/posts"}],"about":[{"href":"https:\/\/diariodominicano.com\/index.php?rest_route=\/wp\/v2\/types\/post"}],"author":[{"embeddable":true,"href":"https:\/\/diariodominicano.com\/index.php?rest_route=\/wp\/v2\/users\/2"}],"replies":[{"embeddable":true,"href":"https:\/\/diariodominicano.com\/index.php?rest_route=%2Fwp%2Fv2%2Fcomments&post=538414"}],"version-history":[{"count":1,"href":"https:\/\/diariodominicano.com\/index.php?rest_route=\/wp\/v2\/posts\/538414\/revisions"}],"predecessor-version":[{"id":538416,"href":"https:\/\/diariodominicano.com\/index.php?rest_route=\/wp\/v2\/posts\/538414\/revisions\/538416"}],"wp:featuredmedia":[{"embeddable":true,"href":"https:\/\/diariodominicano.com\/index.php?rest_route=\/wp\/v2\/media\/538415"}],"wp:attachment":[{"href":"https:\/\/diariodominicano.com\/index.php?rest_route=%2Fwp%2Fv2%2Fmedia&parent=538414"}],"wp:term":[{"taxonomy":"category","embeddable":true,"href":"https:\/\/diariodominicano.com\/index.php?rest_route=%2Fwp%2Fv2%2Fcategories&post=538414"},{"taxonomy":"post_tag","embeddable":true,"href":"https:\/\/diariodominicano.com\/index.php?rest_route=%2Fwp%2Fv2%2Ftags&post=538414"}],"curies":[{"name":"wp","href":"https:\/\/api.w.org\/{rel}","templated":true}]}}