{"id":53840,"date":"2020-05-15T14:33:07","date_gmt":"2020-05-15T14:33:07","guid":{"rendered":"http:\/\/diariodominicano.ddns.net\/?p=53840"},"modified":"2020-05-15T14:33:07","modified_gmt":"2020-05-15T14:33:07","slug":"hoy-es-la-fiesta-de-san-isidro-labrador-patrono-de-los-agricultores","status":"publish","type":"post","link":"https:\/\/diariodominicano.com\/?p=53840","title":{"rendered":"Hoy es la fiesta de San Isidro Labrador, patrono de los agricultores"},"content":{"rendered":"<p><body><\/p>\n<p><img decoding=\"async\" src=\"img3\/IsidroLabrador-15Mayo.jpg\" \/>  <\/p>\n<p><span class=\"text1noticias\">diariodominicano.com<\/span><\/p>\n<\/p>\n<p><span class=\"text1noticias\">Redacci\u00f3n ACI Prensa<\/span><\/p>\n<p><span class=\"text1noticias\"> <\/span><\/p>\n<p>Vaticano 15 de mayo, 2020.-  <span class=\"text1noticias\">San Isidro naci\u00f3 en 1082 en una familia de campesinos muy pobres, por este motivo sus padres no pudieron enviarlo a la escuela, pero en casa le ense\u00f1aron el amor a Dios, la caridad con el pr\u00f3jimo y la importancia de la oraci\u00f3n y los sacramentos.<\/span><\/p>\n<p><span class=\"text1noticias\"> <\/span><\/p>\n<p><span class=\"text1noticias\">Qued\u00f3 hu\u00e9rfano muy peque\u00f1o y a los 10 a\u00f1os se emple\u00f3 como pe\u00f3n de campo en una finca cerca de Madrid (Espa\u00f1a). M\u00e1s adelante se cas\u00f3 con Santa Mar\u00eda de la Cabeza.<\/span><\/p>\n<p><span class=\"text1noticias\"> <\/span><\/p>\n<p><span class=\"text1noticias\">San Isidro empezaba su d\u00eda participando de la Santa Misa. Cierto d\u00eda, varios de sus compa\u00f1eros envidiosos lo acusaron con el patr\u00f3n de que se ausentaba y llegaba tarde.<\/span><\/p>\n<p><span class=\"text1noticias\"> <\/span><\/p>\n<p><span class=\"text1noticias\"> <\/span><\/p>\n<p><span class=\"text1noticias\">El due\u00f1o constat\u00f3 que era cierto, pero not\u00f3 que, mientras San Isidro estaba en la Misa, un personaje invisible (quiz\u00e1s un \u00e1ngel) guiaba los bueyes en el arado como si el Santo los estuviera dirigiendo.<\/span><\/p>\n<p><span class=\"text1noticias\"> <\/span><\/p>\n<p><span class=\"text1noticias\">Por aquel entonces los musulmanes tomaron Madrid y los cat\u00f3licos tuvieron que huir. De esta manera San isidro experiment\u00f3 el sufrimiento de los migrantes y la necesidad de trabajar en un lugar desconocido.<\/span><\/p>\n<p><span class=\"text1noticias\"> <\/span><\/p>\n<p><span class=\"text1noticias\">Visitaba mucho a los pobres y enfermos y se daba tiempo tambi\u00e9n para pasear por los campos con su esposa e hijo. Un d\u00eda, el ni\u00f1o cay\u00f3 con una canasta a un pozo muy profundo. Los santos esposos corrieron y no encontraban forma de rescatar al muchacho. Entonces se arrodillaron a rezar con tanta fe que las aguas del pozo empezaron a subir y el peque\u00f1o apareci\u00f3 en la superficie dentro de una canasta, sano y salvo.<\/span><\/p>\n<p><span class=\"text1noticias\"> <\/span><\/p>\n<p><span class=\"text1noticias\"> <\/span><\/p>\n<p><span class=\"text1noticias\">Al retornar a Madrid, San Isidro trabaj\u00f3 como obrero en una finca y los otros peones lo acusaron con el due\u00f1o de que trabajaba menos por ponerse a rezar e ir al templo. Sin embargo, la parcela que ten\u00eda a cargo el Santo produjo el doble que las de los dem\u00e1s.<\/span><\/p>\n<p><span class=\"text1noticias\"> <\/span><\/p>\n<p><span class=\"text1noticias\">Parti\u00f3 a la casa del Padre el 30 de noviembre de 1172. Su fiesta se celebra cada 15 de mayo y la de su esposa, el 9 de septiembre. San Isidro tambi\u00e9n es patrono de Madrid.<\/span><\/p>\n<p><span class=\"text1noticias\"> <\/span><\/p>\n<p><span class=\"text1noticias\">M\u00e1s informaci\u00f3n en el especial de San Isi<\/span>dro Labrador.<\/p>\n<h6> 2020-05-15 14:33:07 <\/h6>\n<p><!--\n<link rel=\"stylesheet\" href=\"css\/bootstrap.min.css\">\n\n\n<ul class=\"pagination\">\n\t    \n\t\n\n<li >\n\t<a href='?page_no=603'>Previous<\/a>\n\t<\/li>\n\n\n       \n    \n\n<li><a href='?page_no=1'>1<\/a><\/li>\n\n\n\n<li><a href='?page_no=2'>2<\/a><\/li>\n\n\n\n<li><a>...<\/a><\/li>\n\n\n\n<li><a href='?page_no=602'>602<\/a><\/li>\n\n\n\n<li><a href='?page_no=603'>603<\/a><\/li>\n\n\n\n<li class='active'><a>604<\/a><\/li>\n\n\n\n<li><a href='?page_no=605'>605<\/a><\/li>\n\n\n\n<li><a href='?page_no=606'>606<\/a><\/li>\n\n\n\n<li><a>...<\/a><\/li>\n\n\n\n<li><a href='?page_no=22911'>22911<\/a><\/li>\n\n\n\n<li><a href='?page_no=22912'>22912<\/a><\/li>\n\n    \n\t\n\n<li >\n\t<a href='?page_no=605'>Next<\/a>\n\t<\/li>\n\n\n    \n\n<li><a href='?page_no=22912'>Last &rsaquo;&rsaquo;<\/a><\/li>\n\n<\/ul>\n\n\n--><br \/>\n<\/body><\/p>\n","protected":false},"excerpt":{"rendered":"<p>diariodominicano.com Redacci\u00f3n ACI Prensa Vaticano 15 de mayo, 2020.- San Isidro naci\u00f3 en 1082 en una familia de campesinos muy pobres, por este motivo sus padres no pudieron enviarlo a la escuela, pero en casa le ense\u00f1aron el amor a Dios, la caridad con el pr\u00f3jimo y la importancia de la oraci\u00f3n y los sacramentos. [&hellip;]<\/p>\n","protected":false},"author":3,"featured_media":0,"comment_status":"open","ping_status":"open","sticky":false,"template":"","format":"standard","meta":{"footnotes":""},"categories":[21],"tags":[],"class_list":["post-53840","post","type-post","status-publish","format-standard","hentry","category-cultura"],"_links":{"self":[{"href":"https:\/\/diariodominicano.com\/index.php?rest_route=\/wp\/v2\/posts\/53840","targetHints":{"allow":["GET"]}}],"collection":[{"href":"https:\/\/diariodominicano.com\/index.php?rest_route=\/wp\/v2\/posts"}],"about":[{"href":"https:\/\/diariodominicano.com\/index.php?rest_route=\/wp\/v2\/types\/post"}],"author":[{"embeddable":true,"href":"https:\/\/diariodominicano.com\/index.php?rest_route=\/wp\/v2\/users\/3"}],"replies":[{"embeddable":true,"href":"https:\/\/diariodominicano.com\/index.php?rest_route=%2Fwp%2Fv2%2Fcomments&post=53840"}],"version-history":[{"count":0,"href":"https:\/\/diariodominicano.com\/index.php?rest_route=\/wp\/v2\/posts\/53840\/revisions"}],"wp:attachment":[{"href":"https:\/\/diariodominicano.com\/index.php?rest_route=%2Fwp%2Fv2%2Fmedia&parent=53840"}],"wp:term":[{"taxonomy":"category","embeddable":true,"href":"https:\/\/diariodominicano.com\/index.php?rest_route=%2Fwp%2Fv2%2Fcategories&post=53840"},{"taxonomy":"post_tag","embeddable":true,"href":"https:\/\/diariodominicano.com\/index.php?rest_route=%2Fwp%2Fv2%2Ftags&post=53840"}],"curies":[{"name":"wp","href":"https:\/\/api.w.org\/{rel}","templated":true}]}}